{"id":32234,"date":"2024-04-08T12:21:15","date_gmt":"2024-04-08T11:21:15","guid":{"rendered":"https:\/\/www.feuerwehr-brilon.de\/?p=32234"},"modified":"2024-04-09T09:29:21","modified_gmt":"2024-04-09T07:29:21","slug":"einsatz-958","status":"publish","type":"post","link":"https:\/\/www.feuerwehr-brilon.de\/?p=32234","title":{"rendered":"+++ Einsatz +++"},"content":{"rendered":"<p>07.04. 18:23Uhr, Hilfeleistung, H0 \u00d6lspur, Brilon, Hoppecker Stra\u00dfe L 870, Verkehrsunfall mit Krad<\/p>\n","protected":false},"excerpt":{"rendered":"<p>07.04. 18:23Uhr, Hilfeleistung, H0 \u00d6lspur, Brilon, Hoppecker Stra\u00dfe L 870, Verkehrsunfall mit Krad<\/p>\n","protected":false},"author":5,"featured_media":30506,"comment_status":"closed","ping_status":"closed","sticky":false,"template":"","format":"standard","meta":{"_exactmetrics_skip_tracking":false,"_exactmetrics_sitenote_active":false,"_exactmetrics_sitenote_note":"","_exactmetrics_sitenote_category":0,"jetpack_post_was_ever_published":false,"_jetpack_newsletter_access":"","_jetpack_dont_email_post_to_subs":false,"_jetpack_newsletter_tier_id":0,"_jetpack_memberships_contains_paywalled_content":false,"_jetpack_memberships_contains_paid_content":false,"footnotes":""},"categories":[102],"tags":[],"class_list":["post-32234","post","type-post","status-publish","format-standard","has-post-thumbnail","hentry","category-alarmierungen"],"jetpack_featured_media_url":"https:\/\/www.feuerwehr-brilon.de\/wp-up\/2022\/12\/42352cc9-1c78-4276-b449-72b12b378cd6.jpg","jetpack_shortlink":"https:\/\/wp.me\/pCIJa-8nU","jetpack_sharing_enabled":true,"jetpack-related-posts":[{"id":32926,"url":"https:\/\/www.feuerwehr-brilon.de\/?p=32926","url_meta":{"origin":32234,"position":0},"title":"+++ Einsatz +++","author":"Andreas Becker","date":"26. Oktober 2024","format":false,"excerpt":"26.10. 14:15Uhr, Hilfeleistung, H0 Unfall, Madfeld, Bredelarer Str., Verkehrsunfall mit Krad","rel":"","context":"In &quot;Alarmierungen&quot;","block_context":{"text":"Alarmierungen","link":"https:\/\/www.feuerwehr-brilon.de\/?cat=102"},"img":{"alt_text":"","src":"","width":0,"height":0},"classes":[]},{"id":22542,"url":"https:\/\/www.feuerwehr-brilon.de\/?p=22542","url_meta":{"origin":32234,"position":1},"title":"+++ Einsatz +++","author":"Andreas Becker","date":"14. Juni 2020","format":false,"excerpt":"14.06. 01:23Uhr, Hilfeleistung, H0 \u00d6lspur, Brilon, Lange Wenden, \u00d6lspur","rel":"","context":"In &quot;Alarmierungen&quot;","block_context":{"text":"Alarmierungen","link":"https:\/\/www.feuerwehr-brilon.de\/?cat=102"},"img":{"alt_text":"","src":"https:\/\/i0.wp.com\/www.feuerwehr-brilon.de\/wp-up\/2020\/02\/Oelspur.jpg?resize=350%2C200&ssl=1","width":350,"height":200,"srcset":"https:\/\/i0.wp.com\/www.feuerwehr-brilon.de\/wp-up\/2020\/02\/Oelspur.jpg?resize=350%2C200&ssl=1 1x, https:\/\/i0.wp.com\/www.feuerwehr-brilon.de\/wp-up\/2020\/02\/Oelspur.jpg?resize=525%2C300&ssl=1 1.5x"},"classes":[]},{"id":31593,"url":"https:\/\/www.feuerwehr-brilon.de\/?p=31593","url_meta":{"origin":32234,"position":2},"title":"+++ Einsatz +++","author":"Andreas Becker","date":"20. Oktober 2023","format":false,"excerpt":"19.10. 10:29Uhr, Hilfeleistung, H0 \u00d6lspur, Brilon, Hoppecker Str., \u00d6lspur","rel":"","context":"In &quot;Alarmierungen&quot;","block_context":{"text":"Alarmierungen","link":"https:\/\/www.feuerwehr-brilon.de\/?cat=102"},"img":{"alt_text":"","src":"https:\/\/i0.wp.com\/www.feuerwehr-brilon.de\/wp-up\/2022\/10\/sym_Oelspur_.jpg?resize=350%2C200&ssl=1","width":350,"height":200,"srcset":"https:\/\/i0.wp.com\/www.feuerwehr-brilon.de\/wp-up\/2022\/10\/sym_Oelspur_.jpg?resize=350%2C200&ssl=1 1x, https:\/\/i0.wp.com\/www.feuerwehr-brilon.de\/wp-up\/2022\/10\/sym_Oelspur_.jpg?resize=525%2C300&ssl=1 1.5x, https:\/\/i0.wp.com\/www.feuerwehr-brilon.de\/wp-up\/2022\/10\/sym_Oelspur_.jpg?resize=700%2C400&ssl=1 2x"},"classes":[]},{"id":21852,"url":"https:\/\/www.feuerwehr-brilon.de\/?p=21852","url_meta":{"origin":32234,"position":3},"title":"+++ Einsatz +++","author":"Andreas Becker","date":"2. November 2019","format":false,"excerpt":"02.11. 14:36Uhr, Hilfeleistung, H0 \u00d6lspur, Brilon, Hoppecker Str.- H\u00f6lsterloh, \u00d6lspur","rel":"","context":"In &quot;Alarmierungen&quot;","block_context":{"text":"Alarmierungen","link":"https:\/\/www.feuerwehr-brilon.de\/?cat=102"},"img":{"alt_text":"","src":"","width":0,"height":0},"classes":[]},{"id":22983,"url":"https:\/\/www.feuerwehr-brilon.de\/?p=22983","url_meta":{"origin":32234,"position":4},"title":"+++ Einsatz +++","author":"Andreas Becker","date":"10. Dezember 2020","format":false,"excerpt":"10.12. 17:18Uhr, Hilfeleistung, H0 \u00d6lspur, Brilon, Hoppecker Str., > 500m \u00d6lspur","rel":"","context":"In &quot;Alarmierungen&quot;","block_context":{"text":"Alarmierungen","link":"https:\/\/www.feuerwehr-brilon.de\/?cat=102"},"img":{"alt_text":"","src":"https:\/\/i0.wp.com\/www.feuerwehr-brilon.de\/wp-up\/2020\/02\/Oelspur.jpg?resize=350%2C200&ssl=1","width":350,"height":200,"srcset":"https:\/\/i0.wp.com\/www.feuerwehr-brilon.de\/wp-up\/2020\/02\/Oelspur.jpg?resize=350%2C200&ssl=1 1x, https:\/\/i0.wp.com\/www.feuerwehr-brilon.de\/wp-up\/2020\/02\/Oelspur.jpg?resize=525%2C300&ssl=1 1.5x"},"classes":[]},{"id":32541,"url":"https:\/\/www.feuerwehr-brilon.de\/?p=32541","url_meta":{"origin":32234,"position":5},"title":"+++ Einsatz +++","author":"Andreas Becker","date":"30. Juni 2024","format":false,"excerpt":"30.06. 13:00Uhr, Hilfeleistung, H0 \u00d6lspur, Brilon, Derkere Mauer - Hoppecker Str., \u00d6lspur","rel":"","context":"In &quot;Alarmierungen&quot;","block_context":{"text":"Alarmierungen","link":"https:\/\/www.feuerwehr-brilon.de\/?cat=102"},"img":{"alt_text":"","src":"https:\/\/i0.wp.com\/www.feuerwehr-brilon.de\/wp-up\/2024\/06\/Oel_sym.jpg?resize=350%2C200&ssl=1","width":350,"height":200,"srcset":"https:\/\/i0.wp.com\/www.feuerwehr-brilon.de\/wp-up\/2024\/06\/Oel_sym.jpg?resize=350%2C200&ssl=1 1x, https:\/\/i0.wp.com\/www.feuerwehr-brilon.de\/wp-up\/2024\/06\/Oel_sym.jpg?resize=525%2C300&ssl=1 1.5x, https:\/\/i0.wp.com\/www.feuerwehr-brilon.de\/wp-up\/2024\/06\/Oel_sym.jpg?resize=700%2C400&ssl=1 2x, https:\/\/i0.wp.com\/www.feuerwehr-brilon.de\/wp-up\/2024\/06\/Oel_sym.jpg?resize=1050%2C600&ssl=1 3x"},"classes":[]}],"_links":{"self":[{"href":"https:\/\/www.feuerwehr-brilon.de\/index.php?rest_route=\/wp\/v2\/posts\/32234","targetHints":{"allow":["GET"]}}],"collection":[{"href":"https:\/\/www.feuerwehr-brilon.de\/index.php?rest_route=\/wp\/v2\/posts"}],"about":[{"href":"https:\/\/www.feuerwehr-brilon.de\/index.php?rest_route=\/wp\/v2\/types\/post"}],"author":[{"embeddable":true,"href":"https:\/\/www.feuerwehr-brilon.de\/index.php?rest_route=\/wp\/v2\/users\/5"}],"replies":[{"embeddable":true,"href":"https:\/\/www.feuerwehr-brilon.de\/index.php?rest_route=%2Fwp%2Fv2%2Fcomments&post=32234"}],"version-history":[{"count":2,"href":"https:\/\/www.feuerwehr-brilon.de\/index.php?rest_route=\/wp\/v2\/posts\/32234\/revisions"}],"predecessor-version":[{"id":32257,"href":"https:\/\/www.feuerwehr-brilon.de\/index.php?rest_route=\/wp\/v2\/posts\/32234\/revisions\/32257"}],"wp:featuredmedia":[{"embeddable":true,"href":"https:\/\/www.feuerwehr-brilon.de\/index.php?rest_route=\/wp\/v2\/media\/30506"}],"wp:attachment":[{"href":"https:\/\/www.feuerwehr-brilon.de\/index.php?rest_route=%2Fwp%2Fv2%2Fmedia&parent=32234"}],"wp:term":[{"taxonomy":"category","embeddable":true,"href":"https:\/\/www.feuerwehr-brilon.de\/index.php?rest_route=%2Fwp%2Fv2%2Fcategories&post=32234"},{"taxonomy":"post_tag","embeddable":true,"href":"https:\/\/www.feuerwehr-brilon.de\/index.php?rest_route=%2Fwp%2Fv2%2Ftags&post=32234"}],"curies":[{"name":"wp","href":"https:\/\/api.w.org\/{rel}","templated":true}]}}