{"id":32258,"date":"2024-04-11T22:06:00","date_gmt":"2024-04-11T20:06:00","guid":{"rendered":"https:\/\/www.feuerwehr-brilon.de\/?p=32258"},"modified":"2024-04-11T22:06:00","modified_gmt":"2024-04-11T20:06:00","slug":"einsatz-960","status":"publish","type":"post","link":"https:\/\/www.feuerwehr-brilon.de\/?p=32258","title":{"rendered":"+++ Einsatz +++"},"content":{"rendered":"\n<p>11.04. 17:33Uhr, Hilfeleistung, H0 T\u00fcr, Brilon, Frankenweg, T\u00fcr\u00f6ffnung<\/p>\n\n\n\n<p><\/p>\n","protected":false},"excerpt":{"rendered":"<p>11.04. 17:33Uhr, Hilfeleistung, H0 T\u00fcr, Brilon, Frankenweg, T\u00fcr\u00f6ffnung<\/p>\n","protected":false},"author":8,"featured_media":30861,"comment_status":"closed","ping_status":"closed","sticky":false,"template":"","format":"standard","meta":{"_exactmetrics_skip_tracking":false,"_exactmetrics_sitenote_active":false,"_exactmetrics_sitenote_note":"","_exactmetrics_sitenote_category":0,"jetpack_post_was_ever_published":false,"_jetpack_newsletter_access":"","_jetpack_dont_email_post_to_subs":false,"_jetpack_newsletter_tier_id":0,"_jetpack_memberships_contains_paywalled_content":false,"_jetpack_memberships_contains_paid_content":false,"footnotes":""},"categories":[102],"tags":[],"class_list":["post-32258","post","type-post","status-publish","format-standard","has-post-thumbnail","hentry","category-alarmierungen"],"jetpack_featured_media_url":"https:\/\/www.feuerwehr-brilon.de\/wp-up\/2023\/03\/sym_HLF-2.jpg","jetpack_shortlink":"https:\/\/wp.me\/pCIJa-8oi","jetpack_sharing_enabled":true,"jetpack-related-posts":[{"id":32503,"url":"https:\/\/www.feuerwehr-brilon.de\/?p=32503","url_meta":{"origin":32258,"position":0},"title":"+++ Einsatz +++","author":"Andreas Becker","date":"16. Juni 2024","format":false,"excerpt":"15.06. 18:33Uhr, Hilfeleistung, H0 T\u00fcr, Brilon, Langestra\u00dfe, T\u00fcr\u00f6ffnung","rel":"","context":"In &quot;Alarmierungen&quot;","block_context":{"text":"Alarmierungen","link":"https:\/\/www.feuerwehr-brilon.de\/?cat=102"},"img":{"alt_text":"","src":"https:\/\/i0.wp.com\/www.feuerwehr-brilon.de\/wp-up\/2023\/03\/sym_HLF.jpg?resize=350%2C200&ssl=1","width":350,"height":200,"srcset":"https:\/\/i0.wp.com\/www.feuerwehr-brilon.de\/wp-up\/2023\/03\/sym_HLF.jpg?resize=350%2C200&ssl=1 1x, https:\/\/i0.wp.com\/www.feuerwehr-brilon.de\/wp-up\/2023\/03\/sym_HLF.jpg?resize=525%2C300&ssl=1 1.5x, https:\/\/i0.wp.com\/www.feuerwehr-brilon.de\/wp-up\/2023\/03\/sym_HLF.jpg?resize=700%2C400&ssl=1 2x"},"classes":[]},{"id":33317,"url":"https:\/\/www.feuerwehr-brilon.de\/?p=33317","url_meta":{"origin":32258,"position":1},"title":"+++ Einsatz +++","author":"Andreas Becker","date":"29. M\u00e4rz 2025","format":false,"excerpt":"29.03. 08:33Uhr, Hilfeleistung, H0 T\u00fcr, Hoppecke, Dominitstra\u00dfe, T\u00fcr\u00f6ffnung","rel":"","context":"In &quot;Alarmierungen&quot;","block_context":{"text":"Alarmierungen","link":"https:\/\/www.feuerwehr-brilon.de\/?cat=102"},"img":{"alt_text":"","src":"","width":0,"height":0},"classes":[]},{"id":32494,"url":"https:\/\/www.feuerwehr-brilon.de\/?p=32494","url_meta":{"origin":32258,"position":2},"title":"+++ Einsatz +++","author":"Andreas Becker","date":"14. Juni 2024","format":false,"excerpt":"14.06. 03:33Uhr, Hilfeleistung, H0 T\u00fcr, Altenb\u00fcren, Groben Kamp, T\u00fcr\u00f6ffnung","rel":"","context":"In &quot;Alarmierungen&quot;","block_context":{"text":"Alarmierungen","link":"https:\/\/www.feuerwehr-brilon.de\/?cat=102"},"img":{"alt_text":"","src":"https:\/\/i0.wp.com\/www.feuerwehr-brilon.de\/wp-up\/2022\/09\/sym_tuer.jpg?resize=350%2C200&ssl=1","width":350,"height":200,"srcset":"https:\/\/i0.wp.com\/www.feuerwehr-brilon.de\/wp-up\/2022\/09\/sym_tuer.jpg?resize=350%2C200&ssl=1 1x, https:\/\/i0.wp.com\/www.feuerwehr-brilon.de\/wp-up\/2022\/09\/sym_tuer.jpg?resize=525%2C300&ssl=1 1.5x, https:\/\/i0.wp.com\/www.feuerwehr-brilon.de\/wp-up\/2022\/09\/sym_tuer.jpg?resize=700%2C400&ssl=1 2x"},"classes":[]},{"id":34616,"url":"https:\/\/www.feuerwehr-brilon.de\/?p=34616","url_meta":{"origin":32258,"position":3},"title":"+++ Einsatz +++","author":"Dominik Becker","date":"12. April 2026","format":false,"excerpt":"11.04. 22:43Uhr, Hilfeleistung, H0 T\u00fcr, Madfeld, Bernhard-Bartmann-Str., T\u00fcr\u00f6ffnung","rel":"","context":"In &quot;Alarmierungen&quot;","block_context":{"text":"Alarmierungen","link":"https:\/\/www.feuerwehr-brilon.de\/?cat=102"},"img":{"alt_text":"","src":"","width":0,"height":0},"classes":[]},{"id":21720,"url":"https:\/\/www.feuerwehr-brilon.de\/?p=21720","url_meta":{"origin":32258,"position":4},"title":"18.08. 02:33Uhr, Hilfeleistung, H0 T\u00fcr,\u2026","author":"Andreas Becker","date":"18. August 2019","format":false,"excerpt":"18.08. 02:33Uhr, Hilfeleistung, H0 T\u00fcr, Brilon, Bahnhofstra\u00dfe, T\u00fcr\u00f6ffnung","rel":"","context":"In &quot;Alarmierungen&quot;","block_context":{"text":"Alarmierungen","link":"https:\/\/www.feuerwehr-brilon.de\/?cat=102"},"img":{"alt_text":"","src":"","width":0,"height":0},"classes":[]},{"id":33577,"url":"https:\/\/www.feuerwehr-brilon.de\/?p=33577","url_meta":{"origin":32258,"position":5},"title":"+++ Einsatz +++","author":"Andreas Becker","date":"6. Juli 2025","format":false,"excerpt":"06.07. 17:19Uhr, Hilfeleistung, H0 T\u00fcr, Brilon, M\u00fchlenweg, T\u00fcr\u00f6ffnung","rel":"","context":"In &quot;Alarmierungen&quot;","block_context":{"text":"Alarmierungen","link":"https:\/\/www.feuerwehr-brilon.de\/?cat=102"},"img":{"alt_text":"","src":"","width":0,"height":0},"classes":[]}],"_links":{"self":[{"href":"https:\/\/www.feuerwehr-brilon.de\/index.php?rest_route=\/wp\/v2\/posts\/32258","targetHints":{"allow":["GET"]}}],"collection":[{"href":"https:\/\/www.feuerwehr-brilon.de\/index.php?rest_route=\/wp\/v2\/posts"}],"about":[{"href":"https:\/\/www.feuerwehr-brilon.de\/index.php?rest_route=\/wp\/v2\/types\/post"}],"author":[{"embeddable":true,"href":"https:\/\/www.feuerwehr-brilon.de\/index.php?rest_route=\/wp\/v2\/users\/8"}],"replies":[{"embeddable":true,"href":"https:\/\/www.feuerwehr-brilon.de\/index.php?rest_route=%2Fwp%2Fv2%2Fcomments&post=32258"}],"version-history":[{"count":0,"href":"https:\/\/www.feuerwehr-brilon.de\/index.php?rest_route=\/wp\/v2\/posts\/32258\/revisions"}],"wp:featuredmedia":[{"embeddable":true,"href":"https:\/\/www.feuerwehr-brilon.de\/index.php?rest_route=\/wp\/v2\/media\/30861"}],"wp:attachment":[{"href":"https:\/\/www.feuerwehr-brilon.de\/index.php?rest_route=%2Fwp%2Fv2%2Fmedia&parent=32258"}],"wp:term":[{"taxonomy":"category","embeddable":true,"href":"https:\/\/www.feuerwehr-brilon.de\/index.php?rest_route=%2Fwp%2Fv2%2Fcategories&post=32258"},{"taxonomy":"post_tag","embeddable":true,"href":"https:\/\/www.feuerwehr-brilon.de\/index.php?rest_route=%2Fwp%2Fv2%2Ftags&post=32258"}],"curies":[{"name":"wp","href":"https:\/\/api.w.org\/{rel}","templated":true}]}}