{"id":32264,"date":"2024-04-12T18:57:50","date_gmt":"2024-04-12T16:57:50","guid":{"rendered":"https:\/\/www.feuerwehr-brilon.de\/?p=32264"},"modified":"2024-04-12T18:57:50","modified_gmt":"2024-04-12T16:57:50","slug":"einsatz-961","status":"publish","type":"post","link":"https:\/\/www.feuerwehr-brilon.de\/?p=32264","title":{"rendered":"+++ Einsatz +++"},"content":{"rendered":"<p>12.04. 16:42Uhr, Hilfeleistung, H0 Trageh, Th\u00fclen, Bruchhausenstr., Tragehilfe<\/p>\n","protected":false},"excerpt":{"rendered":"<p>12.04. 16:42Uhr, Hilfeleistung, H0 Trageh, Th\u00fclen, Bruchhausenstr., Tragehilfe<\/p>\n","protected":false},"author":8,"featured_media":30717,"comment_status":"closed","ping_status":"closed","sticky":false,"template":"","format":"standard","meta":{"_exactmetrics_skip_tracking":false,"_exactmetrics_sitenote_active":false,"_exactmetrics_sitenote_note":"","_exactmetrics_sitenote_category":0,"jetpack_post_was_ever_published":false,"_jetpack_newsletter_access":"","_jetpack_dont_email_post_to_subs":false,"_jetpack_newsletter_tier_id":0,"_jetpack_memberships_contains_paywalled_content":false,"_jetpack_memberships_contains_paid_content":false,"footnotes":""},"categories":[102],"tags":[],"class_list":["post-32264","post","type-post","status-publish","format-standard","has-post-thumbnail","hentry","category-alarmierungen"],"jetpack_featured_media_url":"https:\/\/www.feuerwehr-brilon.de\/wp-up\/2023\/02\/ezy-watermark_08-02-2023_10-25-45pm.jpg","jetpack_shortlink":"https:\/\/wp.me\/pCIJa-8oo","jetpack_sharing_enabled":true,"jetpack-related-posts":[{"id":32765,"url":"https:\/\/www.feuerwehr-brilon.de\/?p=32765","url_meta":{"origin":32264,"position":0},"title":"+++ Einsatz +++","author":"Andreas Becker","date":"10. September 2024","format":false,"excerpt":"10.09. 08:00Uhr, Hilfeleistung, H0 T\u00fcr, Th\u00fclen, Bruchhausenstr., T\u00fcr\u00f6ffnung","rel":"","context":"In &quot;Alarmierungen&quot;","block_context":{"text":"Alarmierungen","link":"https:\/\/www.feuerwehr-brilon.de\/?cat=102"},"img":{"alt_text":"","src":"","width":0,"height":0},"classes":[]},{"id":33193,"url":"https:\/\/www.feuerwehr-brilon.de\/?p=33193","url_meta":{"origin":32264,"position":1},"title":"+++ Einsatz +++","author":"Andreas Becker","date":"7. Februar 2025","format":false,"excerpt":"07.02. 11:03Uhr, Hilfeleistung, H0 Trageh, Brilon, Liboriusstra\u00dfe, Tragehilfe","rel":"","context":"In &quot;Alarmierungen&quot;","block_context":{"text":"Alarmierungen","link":"https:\/\/www.feuerwehr-brilon.de\/?cat=102"},"img":{"alt_text":"","src":"","width":0,"height":0},"classes":[]},{"id":33179,"url":"https:\/\/www.feuerwehr-brilon.de\/?p=33179","url_meta":{"origin":32264,"position":2},"title":"+++ Einsatz +++","author":"Andreas Becker","date":"4. Februar 2025","format":false,"excerpt":"04.02. 08:26Uhr, Hilfeleistung, H0 Trageh, Brilon, Liboriusstra\u00dfe, Tragehilfe","rel":"","context":"In &quot;Alarmierungen&quot;","block_context":{"text":"Alarmierungen","link":"https:\/\/www.feuerwehr-brilon.de\/?cat=102"},"img":{"alt_text":"","src":"","width":0,"height":0},"classes":[]},{"id":33181,"url":"https:\/\/www.feuerwehr-brilon.de\/?p=33181","url_meta":{"origin":32264,"position":3},"title":"+++ Einsatz +++","author":"Andreas Becker","date":"4. Februar 2025","format":false,"excerpt":"04.02. 13:55Uhr, Hilfeleistung, H0 Trageh, Brilon, Liboriusstr., Tragehilfe","rel":"","context":"In &quot;Alarmierungen&quot;","block_context":{"text":"Alarmierungen","link":"https:\/\/www.feuerwehr-brilon.de\/?cat=102"},"img":{"alt_text":"","src":"","width":0,"height":0},"classes":[]},{"id":33460,"url":"https:\/\/www.feuerwehr-brilon.de\/?p=33460","url_meta":{"origin":32264,"position":4},"title":"+++ Einsatz +++","author":"Andreas Becker","date":"16. Mai 2025","format":false,"excerpt":"16.05. 04:55Uhr, Hilfeleistung, H0 Trageh, Nehden, Hasenknapp, Tragehilfe","rel":"","context":"In &quot;Alarmierungen&quot;","block_context":{"text":"Alarmierungen","link":"https:\/\/www.feuerwehr-brilon.de\/?cat=102"},"img":{"alt_text":"","src":"","width":0,"height":0},"classes":[]},{"id":32979,"url":"https:\/\/www.feuerwehr-brilon.de\/?p=32979","url_meta":{"origin":32264,"position":5},"title":"+++ Einsatz +++","author":"Andreas Becker","date":"14. November 2024","format":false,"excerpt":"14.11. 18:40Uhr, Hilfeleistung, H0 Trageh, Madfeld, Margarethenstr., Tragehilfe","rel":"","context":"In &quot;Alarmierungen&quot;","block_context":{"text":"Alarmierungen","link":"https:\/\/www.feuerwehr-brilon.de\/?cat=102"},"img":{"alt_text":"","src":"","width":0,"height":0},"classes":[]}],"_links":{"self":[{"href":"https:\/\/www.feuerwehr-brilon.de\/index.php?rest_route=\/wp\/v2\/posts\/32264","targetHints":{"allow":["GET"]}}],"collection":[{"href":"https:\/\/www.feuerwehr-brilon.de\/index.php?rest_route=\/wp\/v2\/posts"}],"about":[{"href":"https:\/\/www.feuerwehr-brilon.de\/index.php?rest_route=\/wp\/v2\/types\/post"}],"author":[{"embeddable":true,"href":"https:\/\/www.feuerwehr-brilon.de\/index.php?rest_route=\/wp\/v2\/users\/8"}],"replies":[{"embeddable":true,"href":"https:\/\/www.feuerwehr-brilon.de\/index.php?rest_route=%2Fwp%2Fv2%2Fcomments&post=32264"}],"version-history":[{"count":1,"href":"https:\/\/www.feuerwehr-brilon.de\/index.php?rest_route=\/wp\/v2\/posts\/32264\/revisions"}],"predecessor-version":[{"id":32265,"href":"https:\/\/www.feuerwehr-brilon.de\/index.php?rest_route=\/wp\/v2\/posts\/32264\/revisions\/32265"}],"wp:featuredmedia":[{"embeddable":true,"href":"https:\/\/www.feuerwehr-brilon.de\/index.php?rest_route=\/wp\/v2\/media\/30717"}],"wp:attachment":[{"href":"https:\/\/www.feuerwehr-brilon.de\/index.php?rest_route=%2Fwp%2Fv2%2Fmedia&parent=32264"}],"wp:term":[{"taxonomy":"category","embeddable":true,"href":"https:\/\/www.feuerwehr-brilon.de\/index.php?rest_route=%2Fwp%2Fv2%2Fcategories&post=32264"},{"taxonomy":"post_tag","embeddable":true,"href":"https:\/\/www.feuerwehr-brilon.de\/index.php?rest_route=%2Fwp%2Fv2%2Ftags&post=32264"}],"curies":[{"name":"wp","href":"https:\/\/api.w.org\/{rel}","templated":true}]}}