{"id":32284,"date":"2024-04-14T14:39:50","date_gmt":"2024-04-14T12:39:50","guid":{"rendered":"https:\/\/www.feuerwehr-brilon.de\/?p=32284"},"modified":"2024-04-14T14:39:50","modified_gmt":"2024-04-14T12:39:50","slug":"einsatz-962","status":"publish","type":"post","link":"https:\/\/www.feuerwehr-brilon.de\/?p=32284","title":{"rendered":"+++ Einsatz +++"},"content":{"rendered":"<p>13.04. 16:12Uhr, Hilfeleistung, H0 T\u00fcr, Messinghausen, Lange Reihe, T\u00fcr\u00f6ffnung<\/p>\n","protected":false},"excerpt":{"rendered":"<p>13.04. 16:12Uhr, Hilfeleistung, H0 T\u00fcr, Messinghausen, Lange Reihe, T\u00fcr\u00f6ffnung<\/p>\n","protected":false},"author":8,"featured_media":30206,"comment_status":"closed","ping_status":"closed","sticky":false,"template":"","format":"standard","meta":{"_exactmetrics_skip_tracking":false,"_exactmetrics_sitenote_active":false,"_exactmetrics_sitenote_note":"","_exactmetrics_sitenote_category":0,"jetpack_post_was_ever_published":false,"_jetpack_newsletter_access":"","_jetpack_dont_email_post_to_subs":false,"_jetpack_newsletter_tier_id":0,"_jetpack_memberships_contains_paywalled_content":false,"_jetpack_memberships_contains_paid_content":false,"footnotes":""},"categories":[102],"tags":[],"class_list":["post-32284","post","type-post","status-publish","format-standard","has-post-thumbnail","hentry","category-alarmierungen"],"jetpack_featured_media_url":"https:\/\/www.feuerwehr-brilon.de\/wp-up\/2022\/09\/sym_tuer.jpg","jetpack_shortlink":"https:\/\/wp.me\/pCIJa-8oI","jetpack_sharing_enabled":true,"jetpack-related-posts":[{"id":22001,"url":"https:\/\/www.feuerwehr-brilon.de\/?p=22001","url_meta":{"origin":32284,"position":0},"title":"+++ Einsatz +++","author":"Andreas Becker","date":"16. Januar 2020","format":false,"excerpt":"16.01. 00:12Uhr, Hilfeleistung, H0 T\u00fcr, Brilon, Marktstra\u00dfe, T\u00fcr\u00f6ffnung","rel":"","context":"In &quot;Alarmierungen&quot;","block_context":{"text":"Alarmierungen","link":"https:\/\/www.feuerwehr-brilon.de\/?cat=102"},"img":{"alt_text":"","src":"","width":0,"height":0},"classes":[]},{"id":23398,"url":"https:\/\/www.feuerwehr-brilon.de\/?p=23398","url_meta":{"origin":32284,"position":1},"title":"+++ Einsatz +++","author":"Andreas Becker","date":"13. April 2021","format":false,"excerpt":"13.04. 07:09Uhr, Hilfeleistung, H0 T\u00fcr, Bontkirchen, Zur Harbecke, T\u00fcr\u00f6ffnung","rel":"","context":"In &quot;Alarmierungen&quot;","block_context":{"text":"Alarmierungen","link":"https:\/\/www.feuerwehr-brilon.de\/?cat=102"},"img":{"alt_text":"","src":"https:\/\/i0.wp.com\/www.feuerwehr-brilon.de\/wp-up\/2020\/08\/Tueroeffnung.jpg?resize=350%2C200&ssl=1","width":350,"height":200,"srcset":"https:\/\/i0.wp.com\/www.feuerwehr-brilon.de\/wp-up\/2020\/08\/Tueroeffnung.jpg?resize=350%2C200&ssl=1 1x, https:\/\/i0.wp.com\/www.feuerwehr-brilon.de\/wp-up\/2020\/08\/Tueroeffnung.jpg?resize=525%2C300&ssl=1 1.5x, https:\/\/i0.wp.com\/www.feuerwehr-brilon.de\/wp-up\/2020\/08\/Tueroeffnung.jpg?resize=700%2C400&ssl=1 2x"},"classes":[]},{"id":23498,"url":"https:\/\/www.feuerwehr-brilon.de\/?p=23498","url_meta":{"origin":32284,"position":2},"title":"+++ Einsatz +++","author":"Andreas Becker","date":"19. Mai 2021","format":false,"excerpt":"19.05. 15:00Uhr, Hilfeleistung, H0 T\u00fcr, Messinghausen, Diemelseestra\u00dfe, T\u00fcr\u00f6ffnung","rel":"","context":"In &quot;Alarmierungen&quot;","block_context":{"text":"Alarmierungen","link":"https:\/\/www.feuerwehr-brilon.de\/?cat=102"},"img":{"alt_text":"","src":"https:\/\/i0.wp.com\/www.feuerwehr-brilon.de\/wp-up\/2020\/08\/Tueroeffnung.jpg?resize=350%2C200&ssl=1","width":350,"height":200,"srcset":"https:\/\/i0.wp.com\/www.feuerwehr-brilon.de\/wp-up\/2020\/08\/Tueroeffnung.jpg?resize=350%2C200&ssl=1 1x, https:\/\/i0.wp.com\/www.feuerwehr-brilon.de\/wp-up\/2020\/08\/Tueroeffnung.jpg?resize=525%2C300&ssl=1 1.5x, https:\/\/i0.wp.com\/www.feuerwehr-brilon.de\/wp-up\/2020\/08\/Tueroeffnung.jpg?resize=700%2C400&ssl=1 2x"},"classes":[]},{"id":22498,"url":"https:\/\/www.feuerwehr-brilon.de\/?p=22498","url_meta":{"origin":32284,"position":3},"title":"+++ Einsatz +++","author":"Andreas Becker","date":"12. Mai 2020","format":false,"excerpt":"12.05. 20:46Uhr, Hilfeleistung, H0 \u00d6lspur, Messinghausen, Lange Reihe, \u00d6lspur","rel":"","context":"In &quot;Alarmierungen&quot;","block_context":{"text":"Alarmierungen","link":"https:\/\/www.feuerwehr-brilon.de\/?cat=102"},"img":{"alt_text":"","src":"","width":0,"height":0},"classes":[]},{"id":31529,"url":"https:\/\/www.feuerwehr-brilon.de\/?p=31529","url_meta":{"origin":32284,"position":4},"title":"+++ Einsatz +++","author":"Andreas Becker","date":"29. September 2023","format":false,"excerpt":"29.09. 11:24Uhr, Hilfeleistung, H0 Trageh, Messinghausen, Lange Reihe, Tragehilfe","rel":"","context":"In &quot;Alarmierungen&quot;","block_context":{"text":"Alarmierungen","link":"https:\/\/www.feuerwehr-brilon.de\/?cat=102"},"img":{"alt_text":"","src":"https:\/\/i0.wp.com\/www.feuerwehr-brilon.de\/wp-up\/2023\/02\/sym_RTW.jpeg?resize=350%2C200&ssl=1","width":350,"height":200,"srcset":"https:\/\/i0.wp.com\/www.feuerwehr-brilon.de\/wp-up\/2023\/02\/sym_RTW.jpeg?resize=350%2C200&ssl=1 1x, https:\/\/i0.wp.com\/www.feuerwehr-brilon.de\/wp-up\/2023\/02\/sym_RTW.jpeg?resize=525%2C300&ssl=1 1.5x, https:\/\/i0.wp.com\/www.feuerwehr-brilon.de\/wp-up\/2023\/02\/sym_RTW.jpeg?resize=700%2C400&ssl=1 2x, https:\/\/i0.wp.com\/www.feuerwehr-brilon.de\/wp-up\/2023\/02\/sym_RTW.jpeg?resize=1050%2C600&ssl=1 3x"},"classes":[]},{"id":23200,"url":"https:\/\/www.feuerwehr-brilon.de\/?p=23200","url_meta":{"origin":32284,"position":5},"title":"+++ Einsatz +++","author":"Andreas Becker","date":"15. Februar 2021","format":false,"excerpt":"15.02. 04:15Uhr, Hilfeleistung, H0 Hochwasser, Messinghausen, Lange Reihe, Keller unter Wasser","rel":"","context":"In &quot;Alarmierungen&quot;","block_context":{"text":"Alarmierungen","link":"https:\/\/www.feuerwehr-brilon.de\/?cat=102"},"img":{"alt_text":"","src":"","width":0,"height":0},"classes":[]}],"_links":{"self":[{"href":"https:\/\/www.feuerwehr-brilon.de\/index.php?rest_route=\/wp\/v2\/posts\/32284","targetHints":{"allow":["GET"]}}],"collection":[{"href":"https:\/\/www.feuerwehr-brilon.de\/index.php?rest_route=\/wp\/v2\/posts"}],"about":[{"href":"https:\/\/www.feuerwehr-brilon.de\/index.php?rest_route=\/wp\/v2\/types\/post"}],"author":[{"embeddable":true,"href":"https:\/\/www.feuerwehr-brilon.de\/index.php?rest_route=\/wp\/v2\/users\/8"}],"replies":[{"embeddable":true,"href":"https:\/\/www.feuerwehr-brilon.de\/index.php?rest_route=%2Fwp%2Fv2%2Fcomments&post=32284"}],"version-history":[{"count":1,"href":"https:\/\/www.feuerwehr-brilon.de\/index.php?rest_route=\/wp\/v2\/posts\/32284\/revisions"}],"predecessor-version":[{"id":32285,"href":"https:\/\/www.feuerwehr-brilon.de\/index.php?rest_route=\/wp\/v2\/posts\/32284\/revisions\/32285"}],"wp:featuredmedia":[{"embeddable":true,"href":"https:\/\/www.feuerwehr-brilon.de\/index.php?rest_route=\/wp\/v2\/media\/30206"}],"wp:attachment":[{"href":"https:\/\/www.feuerwehr-brilon.de\/index.php?rest_route=%2Fwp%2Fv2%2Fmedia&parent=32284"}],"wp:term":[{"taxonomy":"category","embeddable":true,"href":"https:\/\/www.feuerwehr-brilon.de\/index.php?rest_route=%2Fwp%2Fv2%2Fcategories&post=32284"},{"taxonomy":"post_tag","embeddable":true,"href":"https:\/\/www.feuerwehr-brilon.de\/index.php?rest_route=%2Fwp%2Fv2%2Ftags&post=32284"}],"curies":[{"name":"wp","href":"https:\/\/api.w.org\/{rel}","templated":true}]}}