{"id":32318,"date":"2024-04-27T14:09:06","date_gmt":"2024-04-27T12:09:06","guid":{"rendered":"https:\/\/www.feuerwehr-brilon.de\/?p=32318"},"modified":"2024-04-27T14:09:06","modified_gmt":"2024-04-27T12:09:06","slug":"einsatz-970","status":"publish","type":"post","link":"https:\/\/www.feuerwehr-brilon.de\/?p=32318","title":{"rendered":"+++ Einsatz +++"},"content":{"rendered":"\n<p>26.04. 19:49Uhr, Brandeinsatz, F1, R\u00f6senbeck, Steinborn, brennt M\u00fclltonne<\/p>\n\n\n\n<p><\/p>\n","protected":false},"excerpt":{"rendered":"<p>26.04. 19:49Uhr, Brandeinsatz, F1, R\u00f6senbeck, Steinborn, brennt M\u00fclltonne<\/p>\n","protected":false},"author":8,"featured_media":0,"comment_status":"closed","ping_status":"closed","sticky":false,"template":"","format":"standard","meta":{"_exactmetrics_skip_tracking":false,"_exactmetrics_sitenote_active":false,"_exactmetrics_sitenote_note":"","_exactmetrics_sitenote_category":0,"jetpack_post_was_ever_published":false,"_jetpack_newsletter_access":"","_jetpack_dont_email_post_to_subs":false,"_jetpack_newsletter_tier_id":0,"_jetpack_memberships_contains_paywalled_content":false,"_jetpack_memberships_contains_paid_content":false,"footnotes":""},"categories":[102],"tags":[],"class_list":["post-32318","post","type-post","status-publish","format-standard","hentry","category-alarmierungen"],"jetpack_featured_media_url":"","jetpack_shortlink":"https:\/\/wp.me\/pCIJa-8pg","jetpack_sharing_enabled":true,"jetpack-related-posts":[{"id":30153,"url":"https:\/\/www.feuerwehr-brilon.de\/?p=30153","url_meta":{"origin":32318,"position":0},"title":"+++ Einsatz +++","author":"Andreas Becker","date":"30. August 2022","format":false,"excerpt":"30.08. 14:49Uhr, Brandeinsatz, F0, Brilon, Amselweg, brennt Gestr\u00fcpp","rel":"","context":"In &quot;Alarmierungen&quot;","block_context":{"text":"Alarmierungen","link":"https:\/\/www.feuerwehr-brilon.de\/?cat=102"},"img":{"alt_text":"","src":"https:\/\/i0.wp.com\/www.feuerwehr-brilon.de\/wp-up\/2022\/08\/ezy-watermark_30-08-2022_10-29-03pm.jpg?resize=350%2C200&ssl=1","width":350,"height":200,"srcset":"https:\/\/i0.wp.com\/www.feuerwehr-brilon.de\/wp-up\/2022\/08\/ezy-watermark_30-08-2022_10-29-03pm.jpg?resize=350%2C200&ssl=1 1x, https:\/\/i0.wp.com\/www.feuerwehr-brilon.de\/wp-up\/2022\/08\/ezy-watermark_30-08-2022_10-29-03pm.jpg?resize=525%2C300&ssl=1 1.5x, https:\/\/i0.wp.com\/www.feuerwehr-brilon.de\/wp-up\/2022\/08\/ezy-watermark_30-08-2022_10-29-03pm.jpg?resize=700%2C400&ssl=1 2x"},"classes":[]},{"id":32929,"url":"https:\/\/www.feuerwehr-brilon.de\/?p=32929","url_meta":{"origin":32318,"position":1},"title":"+++ Einsatz +++","author":"Andreas Becker","date":"30. Oktober 2024","format":false,"excerpt":"29.10. 18:12Uhr, Brandeinsatz, F0, Brilon, K\u00f6nigstra\u00dfe, brennt M\u00fclltonne","rel":"","context":"In &quot;Alarmierungen&quot;","block_context":{"text":"Alarmierungen","link":"https:\/\/www.feuerwehr-brilon.de\/?cat=102"},"img":{"alt_text":"","src":"","width":0,"height":0},"classes":[]},{"id":34104,"url":"https:\/\/www.feuerwehr-brilon.de\/?p=34104","url_meta":{"origin":32318,"position":2},"title":"+++ Einsatz +++","author":"Erwin Mungenast","date":"16. Dezember 2025","format":false,"excerpt":"16.12. 13:20Uhr, Brandeinsatz, F0, Brilon, M\u00fchlenweg, brennt M\u00fclltonne","rel":"","context":"In &quot;Alarmierungen&quot;","block_context":{"text":"Alarmierungen","link":"https:\/\/www.feuerwehr-brilon.de\/?cat=102"},"img":{"alt_text":"","src":"","width":0,"height":0},"classes":[]},{"id":31973,"url":"https:\/\/www.feuerwehr-brilon.de\/?p=31973","url_meta":{"origin":32318,"position":3},"title":"+++ Einsatz +++","author":"Andreas Becker","date":"8. Januar 2024","format":false,"excerpt":"07.01. 21:11Uhr, Brandeinsatz, F0, Madfeld, Stemmelstra\u00dfe, brennt M\u00fclltonne","rel":"","context":"In &quot;Alarmierungen&quot;","block_context":{"text":"Alarmierungen","link":"https:\/\/www.feuerwehr-brilon.de\/?cat=102"},"img":{"alt_text":"","src":"https:\/\/i0.wp.com\/www.feuerwehr-brilon.de\/wp-up\/2023\/05\/sym_Container.jpg?resize=350%2C200&ssl=1","width":350,"height":200,"srcset":"https:\/\/i0.wp.com\/www.feuerwehr-brilon.de\/wp-up\/2023\/05\/sym_Container.jpg?resize=350%2C200&ssl=1 1x, https:\/\/i0.wp.com\/www.feuerwehr-brilon.de\/wp-up\/2023\/05\/sym_Container.jpg?resize=525%2C300&ssl=1 1.5x, https:\/\/i0.wp.com\/www.feuerwehr-brilon.de\/wp-up\/2023\/05\/sym_Container.jpg?resize=700%2C400&ssl=1 2x"},"classes":[]},{"id":22217,"url":"https:\/\/www.feuerwehr-brilon.de\/?p=22217","url_meta":{"origin":32318,"position":4},"title":"+++ Einsatz +++","author":"Andreas Becker","date":"25. Februar 2020","format":false,"excerpt":"25.02. 14:52Uhr, Brandeinsatz, F0, Brilon, Kurk\u00f6lnische Stra\u00dfe, brennt M\u00fclltonne","rel":"","context":"In &quot;Alarmierungen&quot;","block_context":{"text":"Alarmierungen","link":"https:\/\/www.feuerwehr-brilon.de\/?cat=102"},"img":{"alt_text":"","src":"","width":0,"height":0},"classes":[]},{"id":23817,"url":"https:\/\/www.feuerwehr-brilon.de\/?p=23817","url_meta":{"origin":32318,"position":5},"title":"+++ Einsatz +++","author":"Andreas Becker","date":"5. Oktober 2021","format":false,"excerpt":"05.10. 01:39Uhr, Brandeinsatz, F0, Brilon, Zur Jakobuslinde, brennt M\u00fclltonne","rel":"","context":"In &quot;Alarmierungen&quot;","block_context":{"text":"Alarmierungen","link":"https:\/\/www.feuerwehr-brilon.de\/?cat=102"},"img":{"alt_text":"","src":"","width":0,"height":0},"classes":[]}],"_links":{"self":[{"href":"https:\/\/www.feuerwehr-brilon.de\/index.php?rest_route=\/wp\/v2\/posts\/32318","targetHints":{"allow":["GET"]}}],"collection":[{"href":"https:\/\/www.feuerwehr-brilon.de\/index.php?rest_route=\/wp\/v2\/posts"}],"about":[{"href":"https:\/\/www.feuerwehr-brilon.de\/index.php?rest_route=\/wp\/v2\/types\/post"}],"author":[{"embeddable":true,"href":"https:\/\/www.feuerwehr-brilon.de\/index.php?rest_route=\/wp\/v2\/users\/8"}],"replies":[{"embeddable":true,"href":"https:\/\/www.feuerwehr-brilon.de\/index.php?rest_route=%2Fwp%2Fv2%2Fcomments&post=32318"}],"version-history":[{"count":0,"href":"https:\/\/www.feuerwehr-brilon.de\/index.php?rest_route=\/wp\/v2\/posts\/32318\/revisions"}],"wp:attachment":[{"href":"https:\/\/www.feuerwehr-brilon.de\/index.php?rest_route=%2Fwp%2Fv2%2Fmedia&parent=32318"}],"wp:term":[{"taxonomy":"category","embeddable":true,"href":"https:\/\/www.feuerwehr-brilon.de\/index.php?rest_route=%2Fwp%2Fv2%2Fcategories&post=32318"},{"taxonomy":"post_tag","embeddable":true,"href":"https:\/\/www.feuerwehr-brilon.de\/index.php?rest_route=%2Fwp%2Fv2%2Ftags&post=32318"}],"curies":[{"name":"wp","href":"https:\/\/api.w.org\/{rel}","templated":true}]}}