{"id":32321,"date":"2024-04-28T20:52:25","date_gmt":"2024-04-28T18:52:25","guid":{"rendered":"https:\/\/www.feuerwehr-brilon.de\/?p=32321"},"modified":"2024-04-28T20:52:25","modified_gmt":"2024-04-28T18:52:25","slug":"verkehrsunfall-am-rixener-kreuz","status":"publish","type":"post","link":"https:\/\/www.feuerwehr-brilon.de\/?p=32321","title":{"rendered":"Verkehrsunfall am Rixener Kreuz"},"content":{"rendered":"<p><a href=\"https:\/\/www.feuerwehr-brilon.de\/?p=32321\"><img loading=\"lazy\" decoding=\"async\" src=\"https:\/\/www.feuerwehr-brilon.de\/wp-up\/2024\/04\/IMG_0755_HP-150x84.jpg\" alt=\"\" width=\"150\" height=\"84\" class=\"alignleft size-thumbnail wp-image-32324\" srcset=\"https:\/\/www.feuerwehr-brilon.de\/wp-up\/2024\/04\/IMG_0755_HP-150x84.jpg 150w, https:\/\/www.feuerwehr-brilon.de\/wp-up\/2024\/04\/IMG_0755_HP-500x281.jpg 500w, https:\/\/www.feuerwehr-brilon.de\/wp-up\/2024\/04\/IMG_0755_HP.jpg 800w\" sizes=\"auto, (max-width: 150px) 100vw, 150px\" \/><\/a><a title=\"Brilon\" href=\"http:\/\/www.feuerwehr-brilon.de\/?page_id=7\" target=\"_blank\" rel=\"noopener\">Brilon. <\/a>Die Feuerwehren aus Scharfenberg, Altenb\u00fcren und Brilon wurden am Sonntagnachmittag (28.4.) zu einem schweren Verkehrsunfall am Rixener Kreuz auf der K57 alarmiert. Hier waren gegen kurz nach 17 Uhr zwei Autos kollidiert.<!--more--><\/p>\n<p>Durch das sogenannte eCall Notrufsystem wurde aus einem der beiden PKW eine Meldung an die Leitstelle gesendet. Darauf wurden Feuerwehr, Rettungsdienst und Polizei mit dem Stichwort \u201eVerkehrsunfall mit eingeklemmter Person\u201c alarmiert.<\/p>\n<p>Nach Eintreffen der ersten Kr\u00e4fte konnte rasch festgestellt werden, dass keine Personen eingeklemmt, aber zwei Personen verletzt waren. Die beiden Verletzten befanden sich in einem Cabrio. Der Fahrer des zweiten PKW war unverletzt.<\/p>\n<p>Die Feuerwehr unterst\u00fctze den Rettungsdienst beim Versorgen der beiden Personen und sicherte den Brandschutz. Der Kreuzungsbereich war w\u00e4hrend des Einsatzes gesperrt.<\/p>\n<p>W\u00e4hrend der L\u00f6schzug Brilon eine gute Stunde nach Einsatzbeginn wieder einr\u00fccken konnte, verblieben die L\u00f6schgruppen Scharfenberg und Altenb\u00fcren bis zum Eintreffen des Abschleppwagens vor Ort. Nach Abtransport der Fahrzeuge und letzten Fahrbahnreinigungsarbeiten war der Einsatz gegen 19 Uhr beendet.<\/p>\n<p style=\"border-color: #696969; border-width: 2px; border-style: solid; padding: 4px;\"><strong>Eingesetzte Einheiten:<\/strong><br \/>\n<a href=\"http:\/\/www.feuerwehr-brilon.de\/?page_id=23\"><img loading=\"lazy\" decoding=\"async\" class=\"alignnone\" title=\"lg altenb\u00fcren\" src=\"http:\/\/www.feuerwehr-brilon.de\/images\/einsatz_details\/lg_altenbueren.jpg\" alt=\"\" width=\"110\" height=\"31\" \/><\/a><a href=\"http:\/\/www.feuerwehr-brilon.de\/?page_id=24\"><img loading=\"lazy\" decoding=\"async\" class=\"alignnone\" title=\"lg scharfenberg\" src=\"http:\/\/www.feuerwehr-brilon.de\/images\/einsatz_details\/lg_scharfenberg.jpg\" alt=\"\" width=\"110\" height=\"31\" \/><a href=\"http:\/\/www.feuerwehr-brilon.de\/?page_id=7\"><img loading=\"lazy\" decoding=\"async\" class=\"alignnone\" title=\"lz brilon\" src=\"http:\/\/www.feuerwehr-brilon.de\/images\/einsatz_details\/lz_brilon.jpg\" alt=\"\" width=\"110\" height=\"31\" \/><\/a><\/p>\n<p style=\"border-color: #696969; border-width: 2px; border-style: solid; padding: 4px;\"><strong>Eingesetzte Fahrzeuge:<\/strong><br \/>\n<a href=\"http:\/\/www.feuerwehr-brilon.de\/?page_id=816\"><img loading=\"lazy\" decoding=\"async\" class=\"alignnone\" title=\"StLF10\/6\" src=\"http:\/\/www.feuerwehr-brilon.de\/images\/einsatz_details\/054803.jpg\" alt=\"\" width=\"110\" height=\"31\" \/><\/a><a href=\"http:\/\/www.feuerwehr-brilon.de\/?page_id=1355\"><img loading=\"lazy\" decoding=\"async\" class=\"alignnone\" title=\"StLF10\/6\" src=\"http:\/\/www.feuerwehr-brilon.de\/images\/einsatz_details\/054803.jpg\" alt=\"\" width=\"110\" height=\"31\" \/><\/a><a href=\"http:\/\/www.feuerwehr-brilon.de\/?page_id=749\"><img loading=\"lazy\" decoding=\"async\" class=\"alignnone\" src=\"http:\/\/www.feuerwehr-brilon.de\/images\/einsatz_details\/051101.jpg\" alt=\"\" width=\"110\" height=\"31\" \/><\/a><a href=\"http:\/\/www.feuerwehr-brilon.de\/?page_id=23597\"><img loading=\"lazy\" decoding=\"async\" class=\"alignnone\" src=\"http:\/\/www.feuerwehr-brilon.de\/images\/einsatz_details\/054401.jpg\" alt=\"\" width=\"110\" height=\"31\" \/><\/a><\/p>\n<p><strong>Bilder:<\/strong><br \/>\n<a rel=\"lightbox\" href=\"https:\/\/www.feuerwehr-brilon.de\/wp-up\/2024\/04\/IMG_0755_HP.jpg\"><img loading=\"lazy\" decoding=\"async\" src=\"https:\/\/www.feuerwehr-brilon.de\/wp-up\/2024\/04\/IMG_0755_HP-150x84.jpg\" alt=\"\" width=\"150\" height=\"84\" class=\"alignleft size-thumbnail wp-image-32324\" srcset=\"https:\/\/www.feuerwehr-brilon.de\/wp-up\/2024\/04\/IMG_0755_HP-150x84.jpg 150w, https:\/\/www.feuerwehr-brilon.de\/wp-up\/2024\/04\/IMG_0755_HP-500x281.jpg 500w, https:\/\/www.feuerwehr-brilon.de\/wp-up\/2024\/04\/IMG_0755_HP.jpg 800w\" sizes=\"auto, (max-width: 150px) 100vw, 150px\" \/><\/a><a rel=\"lightbox\" href=\"https:\/\/www.feuerwehr-brilon.de\/wp-up\/2024\/04\/IMG_0756_HP.jpg\"><img loading=\"lazy\" decoding=\"async\" src=\"https:\/\/www.feuerwehr-brilon.de\/wp-up\/2024\/04\/IMG_0756_HP-150x84.jpg\" alt=\"\" width=\"150\" height=\"84\" class=\"alignleft size-thumbnail wp-image-32322\" srcset=\"https:\/\/www.feuerwehr-brilon.de\/wp-up\/2024\/04\/IMG_0756_HP-150x84.jpg 150w, https:\/\/www.feuerwehr-brilon.de\/wp-up\/2024\/04\/IMG_0756_HP-500x281.jpg 500w, https:\/\/www.feuerwehr-brilon.de\/wp-up\/2024\/04\/IMG_0756_HP.jpg 800w\" sizes=\"auto, (max-width: 150px) 100vw, 150px\" \/><\/a><a rel=\"lightbox\" href=\"https:\/\/www.feuerwehr-brilon.de\/wp-up\/2024\/04\/IMG_0754_HP.jpg\"><img loading=\"lazy\" decoding=\"async\" src=\"https:\/\/www.feuerwehr-brilon.de\/wp-up\/2024\/04\/IMG_0754_HP-150x84.jpg\" alt=\"\" width=\"150\" height=\"84\" class=\"alignleft size-thumbnail wp-image-32325\" srcset=\"https:\/\/www.feuerwehr-brilon.de\/wp-up\/2024\/04\/IMG_0754_HP-150x84.jpg 150w, https:\/\/www.feuerwehr-brilon.de\/wp-up\/2024\/04\/IMG_0754_HP-500x281.jpg 500w, https:\/\/www.feuerwehr-brilon.de\/wp-up\/2024\/04\/IMG_0754_HP.jpg 800w\" sizes=\"auto, (max-width: 150px) 100vw, 150px\" \/><\/a><\/p>\n","protected":false},"excerpt":{"rendered":"<p>Brilon. Die Feuerwehren aus Scharfenberg, Altenb\u00fcren und Brilon wurden am Sonntagnachmittag (28.4.) zu einem schweren Verkehrsunfall am Rixener Kreuz auf der K57 alarmiert. Hier waren gegen kurz nach 17 Uhr zwei Autos kollidiert.<\/p>\n","protected":false},"author":8,"featured_media":32323,"comment_status":"closed","ping_status":"closed","sticky":false,"template":"","format":"standard","meta":{"_exactmetrics_skip_tracking":false,"_exactmetrics_sitenote_active":false,"_exactmetrics_sitenote_note":"","_exactmetrics_sitenote_category":0,"jetpack_post_was_ever_published":false,"_jetpack_newsletter_access":"","_jetpack_dont_email_post_to_subs":false,"_jetpack_newsletter_tier_id":0,"_jetpack_memberships_contains_paywalled_content":false,"_jetpack_memberships_contains_paid_content":false,"footnotes":""},"categories":[360],"tags":[39,37,52,239,41,199],"class_list":["post-32321","post","type-post","status-publish","format-standard","has-post-thumbnail","hentry","category-einsaetze-2024","tag-altenburen","tag-brilon","tag-elw","tag-hlf-20","tag-scharfenberg","tag-verkehrsunfall"],"jetpack_featured_media_url":"https:\/\/www.feuerwehr-brilon.de\/wp-up\/2024\/04\/IMG_0755_FB.jpg","jetpack_shortlink":"https:\/\/wp.me\/pCIJa-8pj","jetpack_sharing_enabled":true,"jetpack-related-posts":[{"id":10760,"url":"https:\/\/www.feuerwehr-brilon.de\/?p=10760","url_meta":{"origin":32321,"position":0},"title":"Schwerer Verkehrsunfall mit drei Schwerverletzten","author":"Marc Heines","date":"23. Juli 2014","format":false,"excerpt":"Brilon. Die Feuerwehr Brilon wurde heute (23. Juli) um 15:20 Uhr zu einem schweren Verkehrsunfall auf der Umgehungsstra\u00dfe in Brilon alarmiert. Zwischen dem Abzweig Scharfenberg und Rixen verunfallten drei verschiedene Fahrzeuge miteinander. Ein LKW, ein PKW und ein Roller waren an dem Unfall beteiligt. Der LKW Fahrer und der Rollerfahrer\u2026","rel":"","context":"In &quot;Eins\u00e4tze 2014&quot;","block_context":{"text":"Eins\u00e4tze 2014","link":"https:\/\/www.feuerwehr-brilon.de\/?cat=184"},"img":{"alt_text":"OLYMPUS DIGITAL CAMERA","src":"https:\/\/i0.wp.com\/www.feuerwehr-brilon.de\/wp-up\/2014\/07\/2i-150x112.jpg?resize=350%2C200","width":350,"height":200},"classes":[]},{"id":16190,"url":"https:\/\/www.feuerwehr-brilon.de\/?p=16190","url_meta":{"origin":32321,"position":1},"title":"Verkehrsunfall auf der Kreisstra\u00dfe K 57","author":"Marcus Bange","date":"24. Juli 2018","format":false,"excerpt":"Brilon. Die Feuerwehr Brilon wurde am Montagnachmittag gegen 13.00 Uhr zu einem Verkehrsunfall auf der K 57 zwischen Altenb\u00fcren und Scharfenberg alarmiert. Dort war eine 70-j\u00e4hrige PKW Fahrerin auf die Gegenspur geraten und mit dem Auto einer 37 Jahre alten Frau mit drei Kindern an Bord kollidiert. Die 37-j\u00e4hrige Frau\u2026","rel":"","context":"In &quot;Eins\u00e4tze 2018&quot;","block_context":{"text":"Eins\u00e4tze 2018","link":"https:\/\/www.feuerwehr-brilon.de\/?cat=208"},"img":{"alt_text":"","src":"https:\/\/i0.wp.com\/www.feuerwehr-brilon.de\/wp-up\/2018\/07\/VU-K-57-1-150x113.jpg?resize=350%2C200&ssl=1","width":350,"height":200},"classes":[]},{"id":22312,"url":"https:\/\/www.feuerwehr-brilon.de\/?p=22312","url_meta":{"origin":32321,"position":2},"title":"Verkehrsunfall am R\u00f6senbecker Kreuz","author":"Marcus Bange","date":"3. April 2020","format":false,"excerpt":"Th\u00fclen. Die Feuerwehr Brilon wurden am Donnerstagabend (02.04.2020, 18.19 Uhr) zu einem Verkehrsunfall mit einer eingeschlossenen Person auf der B 7 am R\u00f6senbecker Kreuz alarmiert. Im Kreuzungsbereich waren zwei PKW zusammengesto\u00dfen. Ein PKW \u00fcberschlug sich und blieb auf dem Dach liegen. Die Fahrerin konnte durch Ersthelfer und Feuerwehr ohne hydraulische\u2026","rel":"","context":"In &quot;Allgemein&quot;","block_context":{"text":"Allgemein","link":"https:\/\/www.feuerwehr-brilon.de\/?cat=1"},"img":{"alt_text":"","src":"https:\/\/i0.wp.com\/www.feuerwehr-brilon.de\/wp-up\/2020\/04\/VU-R%C3%B6senbeck-1-150x113.jpg?resize=350%2C200&ssl=1","width":350,"height":200},"classes":[]},{"id":34325,"url":"https:\/\/www.feuerwehr-brilon.de\/?p=34325","url_meta":{"origin":32321,"position":3},"title":"Geb\u00e4udebrand in Alme \u2013 weiterer Einsatz bei Verkehrsunfall","author":"Erwin Mungenast","date":"4. Februar 2026","format":false,"excerpt":"Alme. Am Dienstagmorgen (3.2.) gegen 8:49 Uhr wurde die Feuerwehr Brilon zu einem Schornsteinbrand (Stichwort: F2 Schorn) in die Sebastianstra\u00dfe nach Alme alarmiert. Zun\u00e4chst r\u00fcckten die Einheiten Alme, Brilon, Nehden und W\u00fclfte aus. W\u00e4hrend der Anfahrt der Einsatzkr\u00e4fte meldeten weitere Anrufer der Rettungsleitstelle, dass das Feuer bereits auf das Geb\u00e4ude\u2026","rel":"","context":"In &quot;Eins\u00e4tze 2026&quot;","block_context":{"text":"Eins\u00e4tze 2026","link":"https:\/\/www.feuerwehr-brilon.de\/?cat=369"},"img":{"alt_text":"","src":"https:\/\/i0.wp.com\/www.feuerwehr-brilon.de\/wp-up\/2026\/02\/Brand-QF-3-1.jpg?resize=350%2C200&ssl=1","width":350,"height":200,"srcset":"https:\/\/i0.wp.com\/www.feuerwehr-brilon.de\/wp-up\/2026\/02\/Brand-QF-3-1.jpg?resize=350%2C200&ssl=1 1x, https:\/\/i0.wp.com\/www.feuerwehr-brilon.de\/wp-up\/2026\/02\/Brand-QF-3-1.jpg?resize=525%2C300&ssl=1 1.5x, https:\/\/i0.wp.com\/www.feuerwehr-brilon.de\/wp-up\/2026\/02\/Brand-QF-3-1.jpg?resize=700%2C400&ssl=1 2x"},"classes":[]},{"id":31314,"url":"https:\/\/www.feuerwehr-brilon.de\/?p=31314","url_meta":{"origin":32321,"position":4},"title":"Verkehrsunf\u00e4lle in Brilon \u2013 Feuerwehr Brilon im Einsatz","author":"Marcus Bange","date":"23. Juni 2023","format":false,"excerpt":"Altenb\u00fcren\/Brilon. Ein PKW-Fahrer aus Brilon ist bei einem Verkehrsunfall in Altenb\u00fcren am Donnerstagmorgen (22.06.2023) schwer verletzt worden. Der 24-j\u00e4hrige Fahrer kam mit seinem Wagen am Briloner Tor in H\u00f6he der Verkehrsinsel am Ortseingang soweit auf die Gegenfahrbahn, dass sein Fahrzeug mit einem entgegenkommenden LKW kollidierte. Der 57-j\u00e4hrige LKW-Fahrer aus Bestwig\u2026","rel":"","context":"In &quot;Eins\u00e4tze 2023&quot;","block_context":{"text":"Eins\u00e4tze 2023","link":"https:\/\/www.feuerwehr-brilon.de\/?cat=335"},"img":{"alt_text":"","src":"https:\/\/i0.wp.com\/www.feuerwehr-brilon.de\/wp-up\/2023\/06\/VU-Briloner-Tor-1.jpg?resize=350%2C200&ssl=1","width":350,"height":200,"srcset":"https:\/\/i0.wp.com\/www.feuerwehr-brilon.de\/wp-up\/2023\/06\/VU-Briloner-Tor-1.jpg?resize=350%2C200&ssl=1 1x, https:\/\/i0.wp.com\/www.feuerwehr-brilon.de\/wp-up\/2023\/06\/VU-Briloner-Tor-1.jpg?resize=525%2C300&ssl=1 1.5x, https:\/\/i0.wp.com\/www.feuerwehr-brilon.de\/wp-up\/2023\/06\/VU-Briloner-Tor-1.jpg?resize=700%2C400&ssl=1 2x"},"classes":[]},{"id":3400,"url":"https:\/\/www.feuerwehr-brilon.de\/?p=3400","url_meta":{"origin":32321,"position":5},"title":"Eingeklemmte Person nach Verkehrsunfall","author":"Andreas Becker","date":"31. Dezember 2010","format":false,"excerpt":"Hie\u00df die Einsatzmeldung f\u00fcr die L\u00f6schgruppen aus Altenb\u00fcren, Scharfenberg und Rixen sowie den L\u00f6schzug Brilon und den Rettungsdienst gestern Nacht (30.12.) gegen 23:15 Uhr. Auf der K57 zwischen Altenb\u00fcren und Rixen hatte ein PKW die Leitplanke durchbrochen und kam nachdem er sich mehrfach \u00fcberschlagen hatte, auf einem Feld zum stehen.\u2026","rel":"","context":"In &quot;Eins\u00e4tze 2010&quot;","block_context":{"text":"Eins\u00e4tze 2010","link":"https:\/\/www.feuerwehr-brilon.de\/?cat=33"},"img":{"alt_text":"","src":"https:\/\/i0.wp.com\/www.feuerwehr-brilon.de\/wp-up\/2010\/12\/VU_K57_3-136x150.jpg?resize=350%2C200&ssl=1","width":350,"height":200},"classes":[]}],"_links":{"self":[{"href":"https:\/\/www.feuerwehr-brilon.de\/index.php?rest_route=\/wp\/v2\/posts\/32321","targetHints":{"allow":["GET"]}}],"collection":[{"href":"https:\/\/www.feuerwehr-brilon.de\/index.php?rest_route=\/wp\/v2\/posts"}],"about":[{"href":"https:\/\/www.feuerwehr-brilon.de\/index.php?rest_route=\/wp\/v2\/types\/post"}],"author":[{"embeddable":true,"href":"https:\/\/www.feuerwehr-brilon.de\/index.php?rest_route=\/wp\/v2\/users\/8"}],"replies":[{"embeddable":true,"href":"https:\/\/www.feuerwehr-brilon.de\/index.php?rest_route=%2Fwp%2Fv2%2Fcomments&post=32321"}],"version-history":[{"count":1,"href":"https:\/\/www.feuerwehr-brilon.de\/index.php?rest_route=\/wp\/v2\/posts\/32321\/revisions"}],"predecessor-version":[{"id":32326,"href":"https:\/\/www.feuerwehr-brilon.de\/index.php?rest_route=\/wp\/v2\/posts\/32321\/revisions\/32326"}],"wp:featuredmedia":[{"embeddable":true,"href":"https:\/\/www.feuerwehr-brilon.de\/index.php?rest_route=\/wp\/v2\/media\/32323"}],"wp:attachment":[{"href":"https:\/\/www.feuerwehr-brilon.de\/index.php?rest_route=%2Fwp%2Fv2%2Fmedia&parent=32321"}],"wp:term":[{"taxonomy":"category","embeddable":true,"href":"https:\/\/www.feuerwehr-brilon.de\/index.php?rest_route=%2Fwp%2Fv2%2Fcategories&post=32321"},{"taxonomy":"post_tag","embeddable":true,"href":"https:\/\/www.feuerwehr-brilon.de\/index.php?rest_route=%2Fwp%2Fv2%2Ftags&post=32321"}],"curies":[{"name":"wp","href":"https:\/\/api.w.org\/{rel}","templated":true}]}}