{"id":32332,"date":"2024-05-01T19:26:14","date_gmt":"2024-05-01T17:26:14","guid":{"rendered":"https:\/\/www.feuerwehr-brilon.de\/?p=32332"},"modified":"2024-05-01T19:26:14","modified_gmt":"2024-05-01T17:26:14","slug":"einsatz-974","status":"publish","type":"post","link":"https:\/\/www.feuerwehr-brilon.de\/?p=32332","title":{"rendered":"+++ Einsatz +++"},"content":{"rendered":"<p>01.05. 16:33Uhr, Hilfeleistung, H0 Sonstige, Marsberg, In der Marsch, Fahrdienst LNA<\/p>\n","protected":false},"excerpt":{"rendered":"<p>01.05. 16:33Uhr, Hilfeleistung, H0 Sonstige, Marsberg, In der Marsch, Fahrdienst LNA<\/p>\n","protected":false},"author":8,"featured_media":30863,"comment_status":"closed","ping_status":"closed","sticky":false,"template":"","format":"standard","meta":{"_exactmetrics_skip_tracking":false,"_exactmetrics_sitenote_active":false,"_exactmetrics_sitenote_note":"","_exactmetrics_sitenote_category":0,"jetpack_post_was_ever_published":false,"_jetpack_newsletter_access":"","_jetpack_dont_email_post_to_subs":false,"_jetpack_newsletter_tier_id":0,"_jetpack_memberships_contains_paywalled_content":false,"_jetpack_memberships_contains_paid_content":false,"footnotes":""},"categories":[102],"tags":[],"class_list":["post-32332","post","type-post","status-publish","format-standard","has-post-thumbnail","hentry","category-alarmierungen"],"jetpack_featured_media_url":"https:\/\/www.feuerwehr-brilon.de\/wp-up\/2023\/03\/sym_sign.jpg","jetpack_shortlink":"https:\/\/wp.me\/pCIJa-8pu","jetpack_sharing_enabled":true,"jetpack-related-posts":[{"id":30161,"url":"https:\/\/www.feuerwehr-brilon.de\/?p=30161","url_meta":{"origin":32332,"position":0},"title":"+++ Einsatz +++","author":"Andreas Becker","date":"6. September 2022","format":false,"excerpt":"06.09. 11:33Uhr, Hilfeleistung, H0 Sonstige, Brilon, In der Einzel, Unterst\u00fctzung RD","rel":"","context":"In &quot;Alarmierungen&quot;","block_context":{"text":"Alarmierungen","link":"https:\/\/www.feuerwehr-brilon.de\/?cat=102"},"img":{"alt_text":"","src":"https:\/\/i0.wp.com\/www.feuerwehr-brilon.de\/wp-up\/2022\/09\/sym_gwl2.jpg?resize=350%2C200&ssl=1","width":350,"height":200,"srcset":"https:\/\/i0.wp.com\/www.feuerwehr-brilon.de\/wp-up\/2022\/09\/sym_gwl2.jpg?resize=350%2C200&ssl=1 1x, https:\/\/i0.wp.com\/www.feuerwehr-brilon.de\/wp-up\/2022\/09\/sym_gwl2.jpg?resize=525%2C300&ssl=1 1.5x, https:\/\/i0.wp.com\/www.feuerwehr-brilon.de\/wp-up\/2022\/09\/sym_gwl2.jpg?resize=700%2C400&ssl=1 2x"},"classes":[]},{"id":32550,"url":"https:\/\/www.feuerwehr-brilon.de\/?p=32550","url_meta":{"origin":32332,"position":1},"title":"+++ Einsatz +++","author":"Andreas Becker","date":"3. Juli 2024","format":false,"excerpt":"02.07. 17:33Uhr, Hilfeleistung, H0 Sonstige, Brilon, Mariengasse, Unterst\u00fctzung Polizei","rel":"","context":"In &quot;Alarmierungen&quot;","block_context":{"text":"Alarmierungen","link":"https:\/\/www.feuerwehr-brilon.de\/?cat=102"},"img":{"alt_text":"","src":"https:\/\/i0.wp.com\/www.feuerwehr-brilon.de\/wp-up\/2023\/03\/sym_DLK.jpg?resize=350%2C200&ssl=1","width":350,"height":200,"srcset":"https:\/\/i0.wp.com\/www.feuerwehr-brilon.de\/wp-up\/2023\/03\/sym_DLK.jpg?resize=350%2C200&ssl=1 1x, https:\/\/i0.wp.com\/www.feuerwehr-brilon.de\/wp-up\/2023\/03\/sym_DLK.jpg?resize=525%2C300&ssl=1 1.5x, https:\/\/i0.wp.com\/www.feuerwehr-brilon.de\/wp-up\/2023\/03\/sym_DLK.jpg?resize=700%2C400&ssl=1 2x"},"classes":[]},{"id":32114,"url":"https:\/\/www.feuerwehr-brilon.de\/?p=32114","url_meta":{"origin":32332,"position":2},"title":"+++ Einsatz +++","author":"Andreas Becker","date":"19. Februar 2024","format":false,"excerpt":"19.02. 16:33Uhr, Hilfeleistung, H0 \u00d6lspur, Brilon, M\u00f6hnestra\u00dfe, \u00d6lspur","rel":"","context":"In &quot;Alarmierungen&quot;","block_context":{"text":"Alarmierungen","link":"https:\/\/www.feuerwehr-brilon.de\/?cat=102"},"img":{"alt_text":"","src":"https:\/\/i0.wp.com\/www.feuerwehr-brilon.de\/wp-up\/2022\/10\/sym_Oelspur_.jpg?resize=350%2C200&ssl=1","width":350,"height":200,"srcset":"https:\/\/i0.wp.com\/www.feuerwehr-brilon.de\/wp-up\/2022\/10\/sym_Oelspur_.jpg?resize=350%2C200&ssl=1 1x, https:\/\/i0.wp.com\/www.feuerwehr-brilon.de\/wp-up\/2022\/10\/sym_Oelspur_.jpg?resize=525%2C300&ssl=1 1.5x, https:\/\/i0.wp.com\/www.feuerwehr-brilon.de\/wp-up\/2022\/10\/sym_Oelspur_.jpg?resize=700%2C400&ssl=1 2x"},"classes":[]},{"id":14848,"url":"https:\/\/www.feuerwehr-brilon.de\/?p=14848","url_meta":{"origin":32332,"position":3},"title":"05.06. 06:55Uhr, Brandeinsatz, Mittelbrand, Marsberg,\u2026","author":"Andreas Becker","date":"5. Juni 2017","format":false,"excerpt":"05.06. 06:55Uhr, Brandeinsatz, Mittelbrand, Marsberg, Marienstra\u00dfe, Fahrdienst LNA","rel":"","context":"In &quot;Alarmierungen&quot;","block_context":{"text":"Alarmierungen","link":"https:\/\/www.feuerwehr-brilon.de\/?cat=102"},"img":{"alt_text":"","src":"","width":0,"height":0},"classes":[]},{"id":32606,"url":"https:\/\/www.feuerwehr-brilon.de\/?p=32606","url_meta":{"origin":32332,"position":4},"title":"+++ Einsatz +++","author":"Marcus Bange","date":"13. Juli 2024","format":false,"excerpt":"13.07. 19:26Uhr, Hilfeleistung, H0 Sonstige, Brilon, Kreuziger Stra\u00dfe, Vogel in der Hausfassade verklemmt","rel":"","context":"In &quot;Alarmierungen&quot;","block_context":{"text":"Alarmierungen","link":"https:\/\/www.feuerwehr-brilon.de\/?cat=102"},"img":{"alt_text":"","src":"https:\/\/i0.wp.com\/www.feuerwehr-brilon.de\/wp-up\/2024\/07\/Mauersegler.jpg?resize=350%2C200&ssl=1","width":350,"height":200,"srcset":"https:\/\/i0.wp.com\/www.feuerwehr-brilon.de\/wp-up\/2024\/07\/Mauersegler.jpg?resize=350%2C200&ssl=1 1x, https:\/\/i0.wp.com\/www.feuerwehr-brilon.de\/wp-up\/2024\/07\/Mauersegler.jpg?resize=525%2C300&ssl=1 1.5x, https:\/\/i0.wp.com\/www.feuerwehr-brilon.de\/wp-up\/2024\/07\/Mauersegler.jpg?resize=700%2C400&ssl=1 2x"},"classes":[]},{"id":24259,"url":"https:\/\/www.feuerwehr-brilon.de\/?p=24259","url_meta":{"origin":32332,"position":5},"title":"+++ Einsatz +++","author":"Andreas Becker","date":"20. Februar 2022","format":false,"excerpt":"20.02. 16:08Uhr, Hilfeleistung, H0 Sonstige, Altenb\u00fcren, Agathastra\u00dfe, Wassereinbruch","rel":"","context":"In &quot;Alarmierungen&quot;","block_context":{"text":"Alarmierungen","link":"https:\/\/www.feuerwehr-brilon.de\/?cat=102"},"img":{"alt_text":"","src":"","width":0,"height":0},"classes":[]}],"_links":{"self":[{"href":"https:\/\/www.feuerwehr-brilon.de\/index.php?rest_route=\/wp\/v2\/posts\/32332","targetHints":{"allow":["GET"]}}],"collection":[{"href":"https:\/\/www.feuerwehr-brilon.de\/index.php?rest_route=\/wp\/v2\/posts"}],"about":[{"href":"https:\/\/www.feuerwehr-brilon.de\/index.php?rest_route=\/wp\/v2\/types\/post"}],"author":[{"embeddable":true,"href":"https:\/\/www.feuerwehr-brilon.de\/index.php?rest_route=\/wp\/v2\/users\/8"}],"replies":[{"embeddable":true,"href":"https:\/\/www.feuerwehr-brilon.de\/index.php?rest_route=%2Fwp%2Fv2%2Fcomments&post=32332"}],"version-history":[{"count":1,"href":"https:\/\/www.feuerwehr-brilon.de\/index.php?rest_route=\/wp\/v2\/posts\/32332\/revisions"}],"predecessor-version":[{"id":32333,"href":"https:\/\/www.feuerwehr-brilon.de\/index.php?rest_route=\/wp\/v2\/posts\/32332\/revisions\/32333"}],"wp:featuredmedia":[{"embeddable":true,"href":"https:\/\/www.feuerwehr-brilon.de\/index.php?rest_route=\/wp\/v2\/media\/30863"}],"wp:attachment":[{"href":"https:\/\/www.feuerwehr-brilon.de\/index.php?rest_route=%2Fwp%2Fv2%2Fmedia&parent=32332"}],"wp:term":[{"taxonomy":"category","embeddable":true,"href":"https:\/\/www.feuerwehr-brilon.de\/index.php?rest_route=%2Fwp%2Fv2%2Fcategories&post=32332"},{"taxonomy":"post_tag","embeddable":true,"href":"https:\/\/www.feuerwehr-brilon.de\/index.php?rest_route=%2Fwp%2Fv2%2Ftags&post=32332"}],"curies":[{"name":"wp","href":"https:\/\/api.w.org\/{rel}","templated":true}]}}