{"id":32337,"date":"2024-05-03T16:54:30","date_gmt":"2024-05-03T14:54:30","guid":{"rendered":"https:\/\/www.feuerwehr-brilon.de\/?p=32337"},"modified":"2024-05-03T16:54:30","modified_gmt":"2024-05-03T14:54:30","slug":"einsatz-976","status":"publish","type":"post","link":"https:\/\/www.feuerwehr-brilon.de\/?p=32337","title":{"rendered":"+++ Einsatz +++"},"content":{"rendered":"<p>03.05. 12:59Uhr, Hilfeleistung, H0 \u00d6lspur, Brilon, Wittekindstra\u00dfe, \u00d6lspur<\/p>\n","protected":false},"excerpt":{"rendered":"<p>03.05. 12:59Uhr, Hilfeleistung, H0 \u00d6lspur, Brilon, Wittekindstra\u00dfe, \u00d6lspur<\/p>\n","protected":false},"author":8,"featured_media":32338,"comment_status":"closed","ping_status":"closed","sticky":false,"template":"","format":"standard","meta":{"_exactmetrics_skip_tracking":false,"_exactmetrics_sitenote_active":false,"_exactmetrics_sitenote_note":"","_exactmetrics_sitenote_category":0,"jetpack_post_was_ever_published":false,"_jetpack_newsletter_access":"","_jetpack_dont_email_post_to_subs":false,"_jetpack_newsletter_tier_id":0,"_jetpack_memberships_contains_paywalled_content":false,"_jetpack_memberships_contains_paid_content":false,"footnotes":""},"categories":[102],"tags":[],"class_list":["post-32337","post","type-post","status-publish","format-standard","has-post-thumbnail","hentry","category-alarmierungen"],"jetpack_featured_media_url":"https:\/\/www.feuerwehr-brilon.de\/wp-up\/2024\/05\/IMG_7014_FB.jpg","jetpack_shortlink":"https:\/\/wp.me\/pCIJa-8pz","jetpack_sharing_enabled":true,"jetpack-related-posts":[{"id":31740,"url":"https:\/\/www.feuerwehr-brilon.de\/?p=31740","url_meta":{"origin":32337,"position":0},"title":"+++ Einsatz +++","author":"Andreas Becker","date":"20. November 2023","format":false,"excerpt":"14.11. 17:45Uhr, Hilfeleistung, H0 \u00d6lspur, Brilon, Wittekindstra\u00dfe, \u00d6lspur","rel":"","context":"In &quot;Alarmierungen&quot;","block_context":{"text":"Alarmierungen","link":"https:\/\/www.feuerwehr-brilon.de\/?cat=102"},"img":{"alt_text":"","src":"https:\/\/i0.wp.com\/www.feuerwehr-brilon.de\/wp-up\/2022\/10\/sym_Oelspur_.jpg?resize=350%2C200&ssl=1","width":350,"height":200,"srcset":"https:\/\/i0.wp.com\/www.feuerwehr-brilon.de\/wp-up\/2022\/10\/sym_Oelspur_.jpg?resize=350%2C200&ssl=1 1x, https:\/\/i0.wp.com\/www.feuerwehr-brilon.de\/wp-up\/2022\/10\/sym_Oelspur_.jpg?resize=525%2C300&ssl=1 1.5x, https:\/\/i0.wp.com\/www.feuerwehr-brilon.de\/wp-up\/2022\/10\/sym_Oelspur_.jpg?resize=700%2C400&ssl=1 2x"},"classes":[]},{"id":32362,"url":"https:\/\/www.feuerwehr-brilon.de\/?p=32362","url_meta":{"origin":32337,"position":1},"title":"+++ Einsatz +++","author":"Andreas Becker","date":"11. Mai 2024","format":false,"excerpt":"10.05. 17:48Uhr, Hilfeleistung, H0 \u00d6lspur, Brilon, Wittekindstra\u00dfe, \u00d6lspur","rel":"","context":"In &quot;Alarmierungen&quot;","block_context":{"text":"Alarmierungen","link":"https:\/\/www.feuerwehr-brilon.de\/?cat=102"},"img":{"alt_text":"","src":"https:\/\/i0.wp.com\/www.feuerwehr-brilon.de\/wp-up\/2024\/05\/240510_Oelspur_Brilon_FB.jpg?resize=350%2C200&ssl=1","width":350,"height":200,"srcset":"https:\/\/i0.wp.com\/www.feuerwehr-brilon.de\/wp-up\/2024\/05\/240510_Oelspur_Brilon_FB.jpg?resize=350%2C200&ssl=1 1x, https:\/\/i0.wp.com\/www.feuerwehr-brilon.de\/wp-up\/2024\/05\/240510_Oelspur_Brilon_FB.jpg?resize=525%2C300&ssl=1 1.5x, https:\/\/i0.wp.com\/www.feuerwehr-brilon.de\/wp-up\/2024\/05\/240510_Oelspur_Brilon_FB.jpg?resize=700%2C400&ssl=1 2x, https:\/\/i0.wp.com\/www.feuerwehr-brilon.de\/wp-up\/2024\/05\/240510_Oelspur_Brilon_FB.jpg?resize=1050%2C600&ssl=1 3x"},"classes":[]},{"id":33494,"url":"https:\/\/www.feuerwehr-brilon.de\/?p=33494","url_meta":{"origin":32337,"position":2},"title":"+++ Einsatz +++","author":"Andreas Becker","date":"30. Mai 2025","format":false,"excerpt":"28.05. 11:59Uhr, Hilfeleistung, H0 \u00d6lspur, Brilon, Steinweg, \u00d6lspur","rel":"","context":"In &quot;Alarmierungen&quot;","block_context":{"text":"Alarmierungen","link":"https:\/\/www.feuerwehr-brilon.de\/?cat=102"},"img":{"alt_text":"","src":"","width":0,"height":0},"classes":[]},{"id":33826,"url":"https:\/\/www.feuerwehr-brilon.de\/?p=33826","url_meta":{"origin":32337,"position":3},"title":"+++ Einsatz +++","author":"Erwin Mungenast","date":"27. September 2025","format":false,"excerpt":"27.09. 10:59Uhr, Hilfeleistung, H0 \u00d6lspur, Brilon, M\u00f6hnestr., \u00d6lspur","rel":"","context":"In &quot;Alarmierungen&quot;","block_context":{"text":"Alarmierungen","link":"https:\/\/www.feuerwehr-brilon.de\/?cat=102"},"img":{"alt_text":"","src":"","width":0,"height":0},"classes":[]},{"id":32762,"url":"https:\/\/www.feuerwehr-brilon.de\/?p=32762","url_meta":{"origin":32337,"position":4},"title":"+++ Einsatz +++","author":"Andreas Becker","date":"7. September 2024","format":false,"excerpt":"06.09. 21:59Uhr, Hilfeleistung, H0 \u00d6lspur, Scharfenberg, Am Knochen, \u00d6lspur","rel":"","context":"In &quot;Alarmierungen&quot;","block_context":{"text":"Alarmierungen","link":"https:\/\/www.feuerwehr-brilon.de\/?cat=102"},"img":{"alt_text":"","src":"","width":0,"height":0},"classes":[]},{"id":32758,"url":"https:\/\/www.feuerwehr-brilon.de\/?p=32758","url_meta":{"origin":32337,"position":5},"title":"+++ Einsatz +++","author":"Andreas Becker","date":"5. September 2024","format":false,"excerpt":"05.09. 08:59Uhr, Hilfeleistung, H0 \u00d6lspur, Madfeld, Almer Str., Motor\u00f6l l\u00e4uft aus","rel":"","context":"In &quot;Alarmierungen&quot;","block_context":{"text":"Alarmierungen","link":"https:\/\/www.feuerwehr-brilon.de\/?cat=102"},"img":{"alt_text":"","src":"","width":0,"height":0},"classes":[]}],"_links":{"self":[{"href":"https:\/\/www.feuerwehr-brilon.de\/index.php?rest_route=\/wp\/v2\/posts\/32337","targetHints":{"allow":["GET"]}}],"collection":[{"href":"https:\/\/www.feuerwehr-brilon.de\/index.php?rest_route=\/wp\/v2\/posts"}],"about":[{"href":"https:\/\/www.feuerwehr-brilon.de\/index.php?rest_route=\/wp\/v2\/types\/post"}],"author":[{"embeddable":true,"href":"https:\/\/www.feuerwehr-brilon.de\/index.php?rest_route=\/wp\/v2\/users\/8"}],"replies":[{"embeddable":true,"href":"https:\/\/www.feuerwehr-brilon.de\/index.php?rest_route=%2Fwp%2Fv2%2Fcomments&post=32337"}],"version-history":[{"count":1,"href":"https:\/\/www.feuerwehr-brilon.de\/index.php?rest_route=\/wp\/v2\/posts\/32337\/revisions"}],"predecessor-version":[{"id":32339,"href":"https:\/\/www.feuerwehr-brilon.de\/index.php?rest_route=\/wp\/v2\/posts\/32337\/revisions\/32339"}],"wp:featuredmedia":[{"embeddable":true,"href":"https:\/\/www.feuerwehr-brilon.de\/index.php?rest_route=\/wp\/v2\/media\/32338"}],"wp:attachment":[{"href":"https:\/\/www.feuerwehr-brilon.de\/index.php?rest_route=%2Fwp%2Fv2%2Fmedia&parent=32337"}],"wp:term":[{"taxonomy":"category","embeddable":true,"href":"https:\/\/www.feuerwehr-brilon.de\/index.php?rest_route=%2Fwp%2Fv2%2Fcategories&post=32337"},{"taxonomy":"post_tag","embeddable":true,"href":"https:\/\/www.feuerwehr-brilon.de\/index.php?rest_route=%2Fwp%2Fv2%2Ftags&post=32337"}],"curies":[{"name":"wp","href":"https:\/\/api.w.org\/{rel}","templated":true}]}}