{"id":32341,"date":"2024-05-04T14:43:11","date_gmt":"2024-05-04T12:43:11","guid":{"rendered":"https:\/\/www.feuerwehr-brilon.de\/?p=32341"},"modified":"2024-05-04T14:43:11","modified_gmt":"2024-05-04T12:43:11","slug":"einsatz-977","status":"publish","type":"post","link":"https:\/\/www.feuerwehr-brilon.de\/?p=32341","title":{"rendered":"+++ Einsatz +++"},"content":{"rendered":"<p>04.05. 04:30Uhr, Hilfeleistung, H0 T\u00fcr, Alme, L\u00e4rchenweg, T\u00fcr\u00f6ffnung<\/p>\n","protected":false},"excerpt":{"rendered":"<p>04.05. 04:30Uhr, Hilfeleistung, H0 T\u00fcr, Alme, L\u00e4rchenweg, T\u00fcr\u00f6ffnung<\/p>\n","protected":false},"author":8,"featured_media":30206,"comment_status":"closed","ping_status":"closed","sticky":false,"template":"","format":"standard","meta":{"_exactmetrics_skip_tracking":false,"_exactmetrics_sitenote_active":false,"_exactmetrics_sitenote_note":"","_exactmetrics_sitenote_category":0,"jetpack_post_was_ever_published":false,"_jetpack_newsletter_access":"","_jetpack_dont_email_post_to_subs":false,"_jetpack_newsletter_tier_id":0,"_jetpack_memberships_contains_paywalled_content":false,"_jetpack_memberships_contains_paid_content":false,"footnotes":""},"categories":[102],"tags":[],"class_list":["post-32341","post","type-post","status-publish","format-standard","has-post-thumbnail","hentry","category-alarmierungen"],"jetpack_featured_media_url":"https:\/\/www.feuerwehr-brilon.de\/wp-up\/2022\/09\/sym_tuer.jpg","jetpack_shortlink":"https:\/\/wp.me\/pCIJa-8pD","jetpack_sharing_enabled":true,"jetpack-related-posts":[{"id":32924,"url":"https:\/\/www.feuerwehr-brilon.de\/?p=32924","url_meta":{"origin":32341,"position":0},"title":"+++ Einsatz +++","author":"Andreas Becker","date":"26. Oktober 2024","format":false,"excerpt":"25.10. 17:30Uhr, Hilfeleistung, H0 T\u00fcr, Alme, Zum M\u00fchlental, T\u00fcr\u00f6ffnung","rel":"","context":"In &quot;Alarmierungen&quot;","block_context":{"text":"Alarmierungen","link":"https:\/\/www.feuerwehr-brilon.de\/?cat=102"},"img":{"alt_text":"","src":"","width":0,"height":0},"classes":[]},{"id":22455,"url":"https:\/\/www.feuerwehr-brilon.de\/?p=22455","url_meta":{"origin":32341,"position":1},"title":"+++ Einsatz +++","author":"Andreas Becker","date":"18. April 2020","format":false,"excerpt":"18.04. 01:51Uhr, Hilfeleistung, H0 T\u00fcr, Alme, Burgstra\u00dfe, T\u00fcr\u00f6ffnung","rel":"","context":"In &quot;Alarmierungen&quot;","block_context":{"text":"Alarmierungen","link":"https:\/\/www.feuerwehr-brilon.de\/?cat=102"},"img":{"alt_text":"","src":"","width":0,"height":0},"classes":[]},{"id":22509,"url":"https:\/\/www.feuerwehr-brilon.de\/?p=22509","url_meta":{"origin":32341,"position":2},"title":"+++ Einsatz +++","author":"Andreas Becker","date":"6. Juni 2020","format":false,"excerpt":"06.06. 07:49Uhr, Hilfeleistung, H0 T\u00fcr, Alme, Burgstra\u00dfe, T\u00fcr\u00f6ffnung","rel":"","context":"In &quot;Alarmierungen&quot;","block_context":{"text":"Alarmierungen","link":"https:\/\/www.feuerwehr-brilon.de\/?cat=102"},"img":{"alt_text":"","src":"https:\/\/i0.wp.com\/www.feuerwehr-brilon.de\/wp-up\/2020\/02\/tueroeffnung.jpg?resize=350%2C200&ssl=1","width":350,"height":200,"srcset":"https:\/\/i0.wp.com\/www.feuerwehr-brilon.de\/wp-up\/2020\/02\/tueroeffnung.jpg?resize=350%2C200&ssl=1 1x, https:\/\/i0.wp.com\/www.feuerwehr-brilon.de\/wp-up\/2020\/02\/tueroeffnung.jpg?resize=525%2C300&ssl=1 1.5x"},"classes":[]},{"id":22510,"url":"https:\/\/www.feuerwehr-brilon.de\/?p=22510","url_meta":{"origin":32341,"position":3},"title":"+++ Einsatz +++","author":"Andreas Becker","date":"6. Juni 2020","format":false,"excerpt":"06.06. 16:15Uhr, Hilfeleistung, H0 T\u00fcr, Alme, Burgstra\u00dfe, T\u00fcr\u00f6ffnung","rel":"","context":"In &quot;Alarmierungen&quot;","block_context":{"text":"Alarmierungen","link":"https:\/\/www.feuerwehr-brilon.de\/?cat=102"},"img":{"alt_text":"","src":"https:\/\/i0.wp.com\/www.feuerwehr-brilon.de\/wp-up\/2020\/02\/tueroeffnung.jpg?resize=350%2C200&ssl=1","width":350,"height":200,"srcset":"https:\/\/i0.wp.com\/www.feuerwehr-brilon.de\/wp-up\/2020\/02\/tueroeffnung.jpg?resize=350%2C200&ssl=1 1x, https:\/\/i0.wp.com\/www.feuerwehr-brilon.de\/wp-up\/2020\/02\/tueroeffnung.jpg?resize=525%2C300&ssl=1 1.5x"},"classes":[]},{"id":30853,"url":"https:\/\/www.feuerwehr-brilon.de\/?p=30853","url_meta":{"origin":32341,"position":4},"title":"+++ Einsatz +++","author":"Andreas Becker","date":"10. M\u00e4rz 2023","format":false,"excerpt":"10.03. 16:49Uhr, Hilfeleistung, H0 T\u00fcr, Alme, Buchenring, T\u00fcr\u00f6ffnung","rel":"","context":"In &quot;Alarmierungen&quot;","block_context":{"text":"Alarmierungen","link":"https:\/\/www.feuerwehr-brilon.de\/?cat=102"},"img":{"alt_text":"","src":"https:\/\/i0.wp.com\/www.feuerwehr-brilon.de\/wp-up\/2022\/09\/sym_tuer.jpg?resize=350%2C200&ssl=1","width":350,"height":200,"srcset":"https:\/\/i0.wp.com\/www.feuerwehr-brilon.de\/wp-up\/2022\/09\/sym_tuer.jpg?resize=350%2C200&ssl=1 1x, https:\/\/i0.wp.com\/www.feuerwehr-brilon.de\/wp-up\/2022\/09\/sym_tuer.jpg?resize=525%2C300&ssl=1 1.5x, https:\/\/i0.wp.com\/www.feuerwehr-brilon.de\/wp-up\/2022\/09\/sym_tuer.jpg?resize=700%2C400&ssl=1 2x"},"classes":[]},{"id":22288,"url":"https:\/\/www.feuerwehr-brilon.de\/?p=22288","url_meta":{"origin":32341,"position":5},"title":"+++ Einsatz +++","author":"Andreas Becker","date":"24. M\u00e4rz 2020","format":false,"excerpt":"24.03. 18:54Uhr, Hilfeleistung, H0 T\u00fcr, Alme, W\u00fcnnenberger Str., T\u00fcr\u00f6ffnung","rel":"","context":"In &quot;Alarmierungen&quot;","block_context":{"text":"Alarmierungen","link":"https:\/\/www.feuerwehr-brilon.de\/?cat=102"},"img":{"alt_text":"","src":"","width":0,"height":0},"classes":[]}],"_links":{"self":[{"href":"https:\/\/www.feuerwehr-brilon.de\/index.php?rest_route=\/wp\/v2\/posts\/32341","targetHints":{"allow":["GET"]}}],"collection":[{"href":"https:\/\/www.feuerwehr-brilon.de\/index.php?rest_route=\/wp\/v2\/posts"}],"about":[{"href":"https:\/\/www.feuerwehr-brilon.de\/index.php?rest_route=\/wp\/v2\/types\/post"}],"author":[{"embeddable":true,"href":"https:\/\/www.feuerwehr-brilon.de\/index.php?rest_route=\/wp\/v2\/users\/8"}],"replies":[{"embeddable":true,"href":"https:\/\/www.feuerwehr-brilon.de\/index.php?rest_route=%2Fwp%2Fv2%2Fcomments&post=32341"}],"version-history":[{"count":1,"href":"https:\/\/www.feuerwehr-brilon.de\/index.php?rest_route=\/wp\/v2\/posts\/32341\/revisions"}],"predecessor-version":[{"id":32342,"href":"https:\/\/www.feuerwehr-brilon.de\/index.php?rest_route=\/wp\/v2\/posts\/32341\/revisions\/32342"}],"wp:featuredmedia":[{"embeddable":true,"href":"https:\/\/www.feuerwehr-brilon.de\/index.php?rest_route=\/wp\/v2\/media\/30206"}],"wp:attachment":[{"href":"https:\/\/www.feuerwehr-brilon.de\/index.php?rest_route=%2Fwp%2Fv2%2Fmedia&parent=32341"}],"wp:term":[{"taxonomy":"category","embeddable":true,"href":"https:\/\/www.feuerwehr-brilon.de\/index.php?rest_route=%2Fwp%2Fv2%2Fcategories&post=32341"},{"taxonomy":"post_tag","embeddable":true,"href":"https:\/\/www.feuerwehr-brilon.de\/index.php?rest_route=%2Fwp%2Fv2%2Ftags&post=32341"}],"curies":[{"name":"wp","href":"https:\/\/api.w.org\/{rel}","templated":true}]}}