{"id":32343,"date":"2024-05-05T11:09:38","date_gmt":"2024-05-05T09:09:38","guid":{"rendered":"https:\/\/www.feuerwehr-brilon.de\/?p=32343"},"modified":"2024-05-05T11:09:38","modified_gmt":"2024-05-05T09:09:38","slug":"einsatz-978","status":"publish","type":"post","link":"https:\/\/www.feuerwehr-brilon.de\/?p=32343","title":{"rendered":"+++ Einsatz +++"},"content":{"rendered":"<p>04.05. 15:09Uhr, Hilfeleistung, H0 \u00d6lspur, Alme, L637 -> B\u00fcren, \u00d6lspur<\/p>\n","protected":false},"excerpt":{"rendered":"<p>04.05. 15:09Uhr, Hilfeleistung, H0 \u00d6lspur, Alme, L637 -> B\u00fcren, \u00d6lspur<\/p>\n","protected":false},"author":8,"featured_media":30281,"comment_status":"closed","ping_status":"closed","sticky":false,"template":"","format":"standard","meta":{"_exactmetrics_skip_tracking":false,"_exactmetrics_sitenote_active":false,"_exactmetrics_sitenote_note":"","_exactmetrics_sitenote_category":0,"jetpack_post_was_ever_published":false,"_jetpack_newsletter_access":"","_jetpack_dont_email_post_to_subs":false,"_jetpack_newsletter_tier_id":0,"_jetpack_memberships_contains_paywalled_content":false,"_jetpack_memberships_contains_paid_content":false,"footnotes":""},"categories":[102],"tags":[],"class_list":["post-32343","post","type-post","status-publish","format-standard","has-post-thumbnail","hentry","category-alarmierungen"],"jetpack_featured_media_url":"https:\/\/www.feuerwehr-brilon.de\/wp-up\/2022\/10\/sym_Oelspur_.jpg","jetpack_shortlink":"https:\/\/wp.me\/pCIJa-8pF","jetpack_sharing_enabled":true,"jetpack-related-posts":[{"id":23502,"url":"https:\/\/www.feuerwehr-brilon.de\/?p=23502","url_meta":{"origin":32343,"position":0},"title":"+++ Einsatz +++","author":"Andreas Becker","date":"23. Mai 2021","format":false,"excerpt":"23.05. 22:25Uhr, Hilfeleistung, H0 \u00d6lspur, Alme, B480 - L637, \u00d6lspur","rel":"","context":"In &quot;Alarmierungen&quot;","block_context":{"text":"Alarmierungen","link":"https:\/\/www.feuerwehr-brilon.de\/?cat=102"},"img":{"alt_text":"","src":"https:\/\/i0.wp.com\/www.feuerwehr-brilon.de\/wp-up\/2020\/02\/Oelspur.jpg?resize=350%2C200&ssl=1","width":350,"height":200,"srcset":"https:\/\/i0.wp.com\/www.feuerwehr-brilon.de\/wp-up\/2020\/02\/Oelspur.jpg?resize=350%2C200&ssl=1 1x, https:\/\/i0.wp.com\/www.feuerwehr-brilon.de\/wp-up\/2020\/02\/Oelspur.jpg?resize=525%2C300&ssl=1 1.5x"},"classes":[]},{"id":16990,"url":"https:\/\/www.feuerwehr-brilon.de\/?p=16990","url_meta":{"origin":32343,"position":1},"title":"07.04. 18:02Uhr, Hilfeleistung, H0 \u00d6lspur,\u2026","author":"Andreas Becker","date":"7. April 2019","format":false,"excerpt":"07.04. 18:02Uhr, Hilfeleistung, H0 \u00d6lspur, Alme, L637, \u00d6lspur","rel":"","context":"In &quot;Alarmierungen&quot;","block_context":{"text":"Alarmierungen","link":"https:\/\/www.feuerwehr-brilon.de\/?cat=102"},"img":{"alt_text":"","src":"","width":0,"height":0},"classes":[]},{"id":31574,"url":"https:\/\/www.feuerwehr-brilon.de\/?p=31574","url_meta":{"origin":32343,"position":2},"title":"+++ Einsatz +++","author":"Andreas Becker","date":"11. Oktober 2023","format":false,"excerpt":"07.10. 18:28Uhr, Hilfeleistung, H0 \u00d6lspur, Madfeld, L637, \u00d6lspur","rel":"","context":"In &quot;Alarmierungen&quot;","block_context":{"text":"Alarmierungen","link":"https:\/\/www.feuerwehr-brilon.de\/?cat=102"},"img":{"alt_text":"","src":"https:\/\/i0.wp.com\/www.feuerwehr-brilon.de\/wp-up\/2022\/10\/sym_Oelspur_.jpg?resize=350%2C200&ssl=1","width":350,"height":200,"srcset":"https:\/\/i0.wp.com\/www.feuerwehr-brilon.de\/wp-up\/2022\/10\/sym_Oelspur_.jpg?resize=350%2C200&ssl=1 1x, https:\/\/i0.wp.com\/www.feuerwehr-brilon.de\/wp-up\/2022\/10\/sym_Oelspur_.jpg?resize=525%2C300&ssl=1 1.5x, https:\/\/i0.wp.com\/www.feuerwehr-brilon.de\/wp-up\/2022\/10\/sym_Oelspur_.jpg?resize=700%2C400&ssl=1 2x"},"classes":[]},{"id":22323,"url":"https:\/\/www.feuerwehr-brilon.de\/?p=22323","url_meta":{"origin":32343,"position":3},"title":"+++ Einsatz +++","author":"Andreas Becker","date":"5. April 2020","format":false,"excerpt":"05.04. 14:35Uhr, Hilfeleistung, H0 \u00d6lspur, Madfeld, L637, \u00d6lspur nach Kradunfall","rel":"","context":"In &quot;Alarmierungen&quot;","block_context":{"text":"Alarmierungen","link":"https:\/\/www.feuerwehr-brilon.de\/?cat=102"},"img":{"alt_text":"","src":"https:\/\/i0.wp.com\/www.feuerwehr-brilon.de\/wp-up\/2020\/02\/Oelspur.jpg?resize=350%2C200&ssl=1","width":350,"height":200,"srcset":"https:\/\/i0.wp.com\/www.feuerwehr-brilon.de\/wp-up\/2020\/02\/Oelspur.jpg?resize=350%2C200&ssl=1 1x, https:\/\/i0.wp.com\/www.feuerwehr-brilon.de\/wp-up\/2020\/02\/Oelspur.jpg?resize=525%2C300&ssl=1 1.5x"},"classes":[]},{"id":34041,"url":"https:\/\/www.feuerwehr-brilon.de\/?p=34041","url_meta":{"origin":32343,"position":4},"title":"+++Einsatz+++","author":"Erwin Mungenast","date":"20. November 2025","format":false,"excerpt":"18.11. 15:44Uhr, Hilfeleistung, H0 \u00d6lspur, Brilon, M\u00f6hneburg, B480 -> Alme, \u00d6lspur","rel":"","context":"In &quot;Alarmierungen&quot;","block_context":{"text":"Alarmierungen","link":"https:\/\/www.feuerwehr-brilon.de\/?cat=102"},"img":{"alt_text":"","src":"","width":0,"height":0},"classes":[]},{"id":30341,"url":"https:\/\/www.feuerwehr-brilon.de\/?p=30341","url_meta":{"origin":32343,"position":5},"title":"+++ Einsatz +++","author":"Andreas Becker","date":"20. November 2022","format":false,"excerpt":"18.11. 15:37Uhr, Hilfeleistung, H0 \u00d6lspur, Alme, B480, \u00d6lspur nach VU","rel":"","context":"In &quot;Alarmierungen&quot;","block_context":{"text":"Alarmierungen","link":"https:\/\/www.feuerwehr-brilon.de\/?cat=102"},"img":{"alt_text":"","src":"https:\/\/i0.wp.com\/www.feuerwehr-brilon.de\/wp-up\/2022\/10\/sym_Oelspur_.jpg?resize=350%2C200&ssl=1","width":350,"height":200,"srcset":"https:\/\/i0.wp.com\/www.feuerwehr-brilon.de\/wp-up\/2022\/10\/sym_Oelspur_.jpg?resize=350%2C200&ssl=1 1x, https:\/\/i0.wp.com\/www.feuerwehr-brilon.de\/wp-up\/2022\/10\/sym_Oelspur_.jpg?resize=525%2C300&ssl=1 1.5x, https:\/\/i0.wp.com\/www.feuerwehr-brilon.de\/wp-up\/2022\/10\/sym_Oelspur_.jpg?resize=700%2C400&ssl=1 2x"},"classes":[]}],"_links":{"self":[{"href":"https:\/\/www.feuerwehr-brilon.de\/index.php?rest_route=\/wp\/v2\/posts\/32343","targetHints":{"allow":["GET"]}}],"collection":[{"href":"https:\/\/www.feuerwehr-brilon.de\/index.php?rest_route=\/wp\/v2\/posts"}],"about":[{"href":"https:\/\/www.feuerwehr-brilon.de\/index.php?rest_route=\/wp\/v2\/types\/post"}],"author":[{"embeddable":true,"href":"https:\/\/www.feuerwehr-brilon.de\/index.php?rest_route=\/wp\/v2\/users\/8"}],"replies":[{"embeddable":true,"href":"https:\/\/www.feuerwehr-brilon.de\/index.php?rest_route=%2Fwp%2Fv2%2Fcomments&post=32343"}],"version-history":[{"count":1,"href":"https:\/\/www.feuerwehr-brilon.de\/index.php?rest_route=\/wp\/v2\/posts\/32343\/revisions"}],"predecessor-version":[{"id":32344,"href":"https:\/\/www.feuerwehr-brilon.de\/index.php?rest_route=\/wp\/v2\/posts\/32343\/revisions\/32344"}],"wp:featuredmedia":[{"embeddable":true,"href":"https:\/\/www.feuerwehr-brilon.de\/index.php?rest_route=\/wp\/v2\/media\/30281"}],"wp:attachment":[{"href":"https:\/\/www.feuerwehr-brilon.de\/index.php?rest_route=%2Fwp%2Fv2%2Fmedia&parent=32343"}],"wp:term":[{"taxonomy":"category","embeddable":true,"href":"https:\/\/www.feuerwehr-brilon.de\/index.php?rest_route=%2Fwp%2Fv2%2Fcategories&post=32343"},{"taxonomy":"post_tag","embeddable":true,"href":"https:\/\/www.feuerwehr-brilon.de\/index.php?rest_route=%2Fwp%2Fv2%2Ftags&post=32343"}],"curies":[{"name":"wp","href":"https:\/\/api.w.org\/{rel}","templated":true}]}}