{"id":32347,"date":"2024-05-07T20:01:03","date_gmt":"2024-05-07T18:01:03","guid":{"rendered":"https:\/\/www.feuerwehr-brilon.de\/?p=32347"},"modified":"2024-05-07T20:01:03","modified_gmt":"2024-05-07T18:01:03","slug":"gemeldeter-zimmerbrand-in-brilon","status":"publish","type":"post","link":"https:\/\/www.feuerwehr-brilon.de\/?p=32347","title":{"rendered":"Gemeldeter Zimmerbrand in Brilon"},"content":{"rendered":"<p><a href=\"https:\/\/www.feuerwehr-brilon.de\/?p=32347\"><img loading=\"lazy\" decoding=\"async\" src=\"https:\/\/www.feuerwehr-brilon.de\/wp-up\/2024\/05\/IMG_7079_HP-150x113.jpg\" alt=\"\" width=\"150\" height=\"113\" class=\"alignleft size-thumbnail wp-image-32353\" srcset=\"https:\/\/www.feuerwehr-brilon.de\/wp-up\/2024\/05\/IMG_7079_HP-150x113.jpg 150w, https:\/\/www.feuerwehr-brilon.de\/wp-up\/2024\/05\/IMG_7079_HP-500x375.jpg 500w, https:\/\/www.feuerwehr-brilon.de\/wp-up\/2024\/05\/IMG_7079_HP.jpg 1000w\" sizes=\"auto, (max-width: 150px) 100vw, 150px\" \/><\/a><a title=\"Brilon\" href=\"http:\/\/www.feuerwehr-brilon.de\/?page_id=7\" target=\"_blank\" rel=\"noopener\">Brilon. <\/a>In der Nacht auf Dienstag (7.5.) wurden Feuerwehr, Rettungsdienst und Polizei zu einem Zimmerbrand in die Springstra\u00dfe in Brilon alarmiert. Ein Nachbar der betroffenen Wohnung hatte gegen halb eins das Piepsen eines Rauchmelders geh\u00f6rt. <!--more--><\/p>\n<p>Die alarmierten Einsatzkr\u00e4fte konnte schnell herausfinden, dass angebranntes Essen die Ursache f\u00fcr die Ausl\u00f6sung des Rauchmelders war. <\/p>\n<p>Somit konnten die 27 eingesetzten Kr\u00e4fte des L\u00f6schzug Brilon nach kurzer Zeit wieder einr\u00fccken.<\/p>\n<p style=\"border-color: #696969; border-width: 2px; border-style: solid; padding: 4px;\"><strong>Eingesetzte Einheiten:<\/strong><br \/>\n<a href=\"http:\/\/www.feuerwehr-brilon.de\/?page_id=7\"><img loading=\"lazy\" decoding=\"async\" class=\"alignnone\" title=\"lz brilon\" src=\"http:\/\/www.feuerwehr-brilon.de\/images\/einsatz_details\/lz_brilon.jpg\" alt=\"\" width=\"110\" height=\"31\" \/><\/a><\/p>\n<p style=\"border-color: #696969; border-width: 2px; border-style: solid; padding: 4px;\"><strong>Eingesetzte Fahrzeuge:<\/strong><br \/>\n<a href=\"http:\/\/www.feuerwehr-brilon.de\/?page_id=749\"><img loading=\"lazy\" decoding=\"async\" class=\"alignnone\" src=\"http:\/\/www.feuerwehr-brilon.de\/images\/einsatz_details\/051101.jpg\" alt=\"\" width=\"110\" height=\"31\" \/><\/a><a href=\"http:\/\/www.feuerwehr-brilon.de\/?page_id=8508\"><img loading=\"lazy\" decoding=\"async\" class=\"alignnone\" src=\"http:\/\/www.feuerwehr-brilon.de\/images\/einsatz_details\/052401.jpg\" alt=\"\" width=\"110\" height=\"31\" \/><\/a><a href=\"http:\/\/www.feuerwehr-brilon.de\/?page_id=803\"><img loading=\"lazy\" decoding=\"async\" class=\"alignnone\" src=\"http:\/\/www.feuerwehr-brilon.de\/images\/einsatz_details\/053301.jpg\" alt=\"\" width=\"110\" height=\"31\" \/><\/a><a href=\"http:\/\/www.feuerwehr-brilon.de\/?page_id=23597\"><img loading=\"lazy\" decoding=\"async\" class=\"alignnone\" src=\"http:\/\/www.feuerwehr-brilon.de\/images\/einsatz_details\/054401.jpg\" alt=\"\" width=\"110\" height=\"31\" \/><\/a><a href=\"http:\/\/www.feuerwehr-brilon.de\/?page_id=13962\"><img loading=\"lazy\" decoding=\"async\" class=\"alignnone\" src=\"http:\/\/www.feuerwehr-brilon.de\/images\/einsatz_details\/054601.jpg\" alt=\"\" width=\"110\" height=\"31\" \/><\/a><\/p>\n<p><strong>Bilder:<\/strong><br \/>\n<a rel=\"lightbox\" href=\"https:\/\/www.feuerwehr-brilon.de\/wp-up\/2024\/05\/IMG_7090_HP.jpg\"><img loading=\"lazy\" decoding=\"async\" src=\"https:\/\/www.feuerwehr-brilon.de\/wp-up\/2024\/05\/IMG_7090_HP-150x113.jpg\" alt=\"\" width=\"150\" height=\"113\" class=\"alignleft size-thumbnail wp-image-32352\" srcset=\"https:\/\/www.feuerwehr-brilon.de\/wp-up\/2024\/05\/IMG_7090_HP-150x113.jpg 150w, https:\/\/www.feuerwehr-brilon.de\/wp-up\/2024\/05\/IMG_7090_HP-500x375.jpg 500w, https:\/\/www.feuerwehr-brilon.de\/wp-up\/2024\/05\/IMG_7090_HP.jpg 1000w\" sizes=\"auto, (max-width: 150px) 100vw, 150px\" \/><\/a><a rel=\"lightbox\" href=\"https:\/\/www.feuerwehr-brilon.de\/wp-up\/2024\/05\/IMG_7079_HP.jpg\"><img loading=\"lazy\" decoding=\"async\" src=\"https:\/\/www.feuerwehr-brilon.de\/wp-up\/2024\/05\/IMG_7079_HP-150x113.jpg\" alt=\"\" width=\"150\" height=\"113\" class=\"alignleft size-thumbnail wp-image-32353\" srcset=\"https:\/\/www.feuerwehr-brilon.de\/wp-up\/2024\/05\/IMG_7079_HP-150x113.jpg 150w, https:\/\/www.feuerwehr-brilon.de\/wp-up\/2024\/05\/IMG_7079_HP-500x375.jpg 500w, https:\/\/www.feuerwehr-brilon.de\/wp-up\/2024\/05\/IMG_7079_HP.jpg 1000w\" sizes=\"auto, (max-width: 150px) 100vw, 150px\" \/><\/a><\/p>\n","protected":false},"excerpt":{"rendered":"<p>Brilon. In der Nacht auf Dienstag (7.5.) wurden Feuerwehr, Rettungsdienst und Polizei zu einem Zimmerbrand in die Springstra\u00dfe in Brilon alarmiert. Ein Nachbar der betroffenen Wohnung hatte gegen halb eins das Piepsen eines Rauchmelders geh\u00f6rt.<\/p>\n","protected":false},"author":8,"featured_media":32355,"comment_status":"closed","ping_status":"closed","sticky":false,"template":"","format":"standard","meta":{"_exactmetrics_skip_tracking":false,"_exactmetrics_sitenote_active":false,"_exactmetrics_sitenote_note":"","_exactmetrics_sitenote_category":0,"jetpack_post_was_ever_published":false,"_jetpack_newsletter_access":"","_jetpack_dont_email_post_to_subs":false,"_jetpack_newsletter_tier_id":0,"_jetpack_memberships_contains_paywalled_content":false,"_jetpack_memberships_contains_paid_content":false,"footnotes":""},"categories":[360],"tags":[],"class_list":["post-32347","post","type-post","status-publish","format-standard","has-post-thumbnail","hentry","category-einsaetze-2024"],"jetpack_featured_media_url":"https:\/\/www.feuerwehr-brilon.de\/wp-up\/2024\/05\/IMG_7079_FB.jpg","jetpack_shortlink":"https:\/\/wp.me\/pCIJa-8pJ","jetpack_sharing_enabled":true,"jetpack-related-posts":[{"id":5105,"url":"https:\/\/www.feuerwehr-brilon.de\/?p=5105","url_meta":{"origin":32347,"position":0},"title":"Zimmerbrand im Frankenweg","author":"Andreas Becker","date":"12. Juni 2011","format":false,"excerpt":"Am Pfingstsonntag gegen 14:30 Uhr wurde der L\u00f6schzug Brilon zu einem Zimmerbrand gerufen. Da die Bewohner nicht zugegen waren, musste die Wohnungst\u00fcr gewaltsam ge\u00f6ffnet werden. Es stellte sich heraus, dass der Schwelbrand schon selbstst\u00e4ndig erloschen war. Die Wohnung wurde bel\u00fcftet und wieder ordnungsgem\u00e4\u00df verschlossen. \u00dcber Ursache und H\u00f6he des Schadens\u2026","rel":"","context":"In &quot;Eins\u00e4tze 2011&quot;","block_context":{"text":"Eins\u00e4tze 2011","link":"https:\/\/www.feuerwehr-brilon.de\/?cat=132"},"img":{"alt_text":"","src":"https:\/\/i0.wp.com\/www.feuerwehr-brilon.de\/images\/einsatz_details\/lz_brilon.jpg?resize=350%2C200","width":350,"height":200},"classes":[]},{"id":4529,"url":"https:\/\/www.feuerwehr-brilon.de\/?p=4529","url_meta":{"origin":32347,"position":1},"title":"Wohnungsbrand in Brilon &#8211; Rauchmelder l\u00f6ste aus","author":"Andreas Becker","date":"1. M\u00e4rz 2011","format":false,"excerpt":"Der L\u00f6schzug Brilon wurde am Dienstagnachmittag zu einem Wohnungsbrand in die Schulstra\u00dfe alarmiert. In einem Mehrfamilienhaus hatte der Rauchmelder im Flur alarmiert. Dichter Rauch quoll aus einer Erdgeschosswohnung. Die unter Atemschutz vorgehende Feuerwehr konnte die Ursache schnell feststellen. Auf dem Herd hatte eine stark \u00fcberhitzte Pfanne f\u00fcr die Rauchentwicklung gesorgt.\u2026","rel":"","context":"In &quot;Eins\u00e4tze 2011&quot;","block_context":{"text":"Eins\u00e4tze 2011","link":"https:\/\/www.feuerwehr-brilon.de\/?cat=132"},"img":{"alt_text":"","src":"https:\/\/i0.wp.com\/www.feuerwehr-brilon.de\/wp-up\/2011\/03\/Brand-Schulstra%C3%9Fe-1-150x112.jpg?resize=350%2C200","width":350,"height":200},"classes":[]},{"id":22654,"url":"https:\/\/www.feuerwehr-brilon.de\/?p=22654","url_meta":{"origin":32347,"position":2},"title":"Fehlalarm in einer Fachklinik in Brilon-Wald","author":"Marcus Bange","date":"17. August 2020","format":false,"excerpt":"Brilon-Wald. Die Feuerwehr Brilon r\u00fcckte am Sonntagabend (16. August) zu einer Fachklinik nach Brilon Wald aus. Dort wurde die automatische Brandmeldeanlage ausgel\u00f6st. Bei Eintreffen der Feuerwehr hatten bereits alle Patienten und Mitarbeiter das Geb\u00e4ude verlassen. Nach einer umfangreichen Erkundung konnte jedoch kein Feuer festgestellt werden. Ein Grund f\u00fcr das Ausl\u00f6sen\u2026","rel":"","context":"In &quot;Allgemein&quot;","block_context":{"text":"Allgemein","link":"https:\/\/www.feuerwehr-brilon.de\/?cat=1"},"img":{"alt_text":"","src":"https:\/\/i0.wp.com\/www.feuerwehr-brilon.de\/wp-up\/2020\/08\/Brandmeldeanlage-Brilon-Wald-2.jpg?resize=350%2C200&ssl=1","width":350,"height":200,"srcset":"https:\/\/i0.wp.com\/www.feuerwehr-brilon.de\/wp-up\/2020\/08\/Brandmeldeanlage-Brilon-Wald-2.jpg?resize=350%2C200&ssl=1 1x, https:\/\/i0.wp.com\/www.feuerwehr-brilon.de\/wp-up\/2020\/08\/Brandmeldeanlage-Brilon-Wald-2.jpg?resize=525%2C300&ssl=1 1.5x, https:\/\/i0.wp.com\/www.feuerwehr-brilon.de\/wp-up\/2020\/08\/Brandmeldeanlage-Brilon-Wald-2.jpg?resize=700%2C400&ssl=1 2x"},"classes":[]},{"id":30782,"url":"https:\/\/www.feuerwehr-brilon.de\/?p=30782","url_meta":{"origin":32347,"position":3},"title":"Zimmerbrand in Brilon","author":"Andreas Becker","date":"21. Februar 2023","format":false,"excerpt":"Brilon. In der Briloner Innenstadt kam es am Montagabend (20.2.) gegen 19.20 Uhr zu einem Zimmerbrand, bei dem zwei Personen verletzt wurden. Die Polizei traf nach Alarmierung zuerst an der Einsatzstelle in der Kreuziger Mauer ein. Zu diesem Zeitpunkt drang bereits dichter Rauch aus Fenstern im Erdgeschoss. Rasch verschaffte sich\u2026","rel":"","context":"In &quot;Eins\u00e4tze 2023&quot;","block_context":{"text":"Eins\u00e4tze 2023","link":"https:\/\/www.feuerwehr-brilon.de\/?cat=335"},"img":{"alt_text":"","src":"https:\/\/i0.wp.com\/www.feuerwehr-brilon.de\/wp-up\/2023\/02\/20230220-Brilon_KreuzigerMauer-01.jpg?resize=350%2C200&ssl=1","width":350,"height":200,"srcset":"https:\/\/i0.wp.com\/www.feuerwehr-brilon.de\/wp-up\/2023\/02\/20230220-Brilon_KreuzigerMauer-01.jpg?resize=350%2C200&ssl=1 1x, https:\/\/i0.wp.com\/www.feuerwehr-brilon.de\/wp-up\/2023\/02\/20230220-Brilon_KreuzigerMauer-01.jpg?resize=525%2C300&ssl=1 1.5x, https:\/\/i0.wp.com\/www.feuerwehr-brilon.de\/wp-up\/2023\/02\/20230220-Brilon_KreuzigerMauer-01.jpg?resize=700%2C400&ssl=1 2x"},"classes":[]},{"id":3183,"url":"https:\/\/www.feuerwehr-brilon.de\/?p=3183","url_meta":{"origin":32347,"position":4},"title":"Zimmerbrand in der M\u00f6hnestra\u00dfe","author":"Marc Heines","date":"31. Oktober 2010","format":false,"excerpt":"Die Feuerwehr Brilon wurde am 31.10.3010 kurz nach 11:00 Uhr zu einem Zimmerbrand alarmiert. In einem Wohnhaus an der M\u00f6hnestra\u00dfe in Brilon entdeckte eine Bewohnerin, dass Rauch aus dem Wohnzimmerschrank kam. Beim \u00f6ffnen der Schrankt\u00fcr schlugen der Mutter schon Flammen entgegen. Eigene L\u00f6schversuche schlugen fehl. Sie schloss die Schrankt\u00fcr und\u2026","rel":"","context":"In &quot;Eins\u00e4tze 2010&quot;","block_context":{"text":"Eins\u00e4tze 2010","link":"https:\/\/www.feuerwehr-brilon.de\/?cat=33"},"img":{"alt_text":"","src":"https:\/\/i0.wp.com\/www.feuerwehr-brilon.de\/wp-up\/2010\/10\/Brandeinsatz_moehnestr0031-150x112.jpg?resize=350%2C200&ssl=1","width":350,"height":200},"classes":[]},{"id":11703,"url":"https:\/\/www.feuerwehr-brilon.de\/?p=11703","url_meta":{"origin":32347,"position":5},"title":"23.03. 16:09Uhr, Brandeinsatz, Mittelbrand, Brilon,\u2026","author":"Andreas Becker","date":"23. M\u00e4rz 2015","format":false,"excerpt":"23.03. 16:09Uhr, Brandeinsatz, Mittelbrand, Brilon, An der Sch\u00fctzenhalle, Zimmerbrand","rel":"","context":"In &quot;Alarmierungen&quot;","block_context":{"text":"Alarmierungen","link":"https:\/\/www.feuerwehr-brilon.de\/?cat=102"},"img":{"alt_text":"","src":"","width":0,"height":0},"classes":[]}],"_links":{"self":[{"href":"https:\/\/www.feuerwehr-brilon.de\/index.php?rest_route=\/wp\/v2\/posts\/32347","targetHints":{"allow":["GET"]}}],"collection":[{"href":"https:\/\/www.feuerwehr-brilon.de\/index.php?rest_route=\/wp\/v2\/posts"}],"about":[{"href":"https:\/\/www.feuerwehr-brilon.de\/index.php?rest_route=\/wp\/v2\/types\/post"}],"author":[{"embeddable":true,"href":"https:\/\/www.feuerwehr-brilon.de\/index.php?rest_route=\/wp\/v2\/users\/8"}],"replies":[{"embeddable":true,"href":"https:\/\/www.feuerwehr-brilon.de\/index.php?rest_route=%2Fwp%2Fv2%2Fcomments&post=32347"}],"version-history":[{"count":2,"href":"https:\/\/www.feuerwehr-brilon.de\/index.php?rest_route=\/wp\/v2\/posts\/32347\/revisions"}],"predecessor-version":[{"id":32356,"href":"https:\/\/www.feuerwehr-brilon.de\/index.php?rest_route=\/wp\/v2\/posts\/32347\/revisions\/32356"}],"wp:featuredmedia":[{"embeddable":true,"href":"https:\/\/www.feuerwehr-brilon.de\/index.php?rest_route=\/wp\/v2\/media\/32355"}],"wp:attachment":[{"href":"https:\/\/www.feuerwehr-brilon.de\/index.php?rest_route=%2Fwp%2Fv2%2Fmedia&parent=32347"}],"wp:term":[{"taxonomy":"category","embeddable":true,"href":"https:\/\/www.feuerwehr-brilon.de\/index.php?rest_route=%2Fwp%2Fv2%2Fcategories&post=32347"},{"taxonomy":"post_tag","embeddable":true,"href":"https:\/\/www.feuerwehr-brilon.de\/index.php?rest_route=%2Fwp%2Fv2%2Ftags&post=32347"}],"curies":[{"name":"wp","href":"https:\/\/api.w.org\/{rel}","templated":true}]}}