{"id":32357,"date":"2024-05-11T09:30:49","date_gmt":"2024-05-11T07:30:49","guid":{"rendered":"https:\/\/www.feuerwehr-brilon.de\/?p=32357"},"modified":"2024-05-11T09:30:49","modified_gmt":"2024-05-11T07:30:49","slug":"ausbildung-im-realbrandcontainer","status":"publish","type":"post","link":"https:\/\/www.feuerwehr-brilon.de\/?p=32357","title":{"rendered":"Ausbildung im Realbrandcontainer"},"content":{"rendered":"<p><a href=\"https:\/\/www.feuerwehr-brilon.de\/?p=32357\"><img loading=\"lazy\" decoding=\"async\" class=\"alignleft size-thumbnail wp-image-32374\" src=\"https:\/\/www.feuerwehr-brilon.de\/wp-up\/2024\/05\/IMG_6475_HP-1-113x150.jpg\" alt=\"\" width=\"113\" height=\"150\" srcset=\"https:\/\/www.feuerwehr-brilon.de\/wp-up\/2024\/05\/IMG_6475_HP-1-113x150.jpg 113w, https:\/\/www.feuerwehr-brilon.de\/wp-up\/2024\/05\/IMG_6475_HP-1-375x500.jpg 375w, https:\/\/www.feuerwehr-brilon.de\/wp-up\/2024\/05\/IMG_6475_HP-1-768x1024.jpg 768w, https:\/\/www.feuerwehr-brilon.de\/wp-up\/2024\/05\/IMG_6475_HP-1.jpg 1000w\" sizes=\"auto, (max-width: 113px) 100vw, 113px\" \/><\/a><a title=\"Brilon\" href=\"http:\/\/www.feuerwehr-brilon.de\/?page_id=7\" target=\"_blank\" rel=\"noopener\">Brilon. <\/a>Am Samstag (7. April) nahmen 30 Mitglieder des L\u00f6schzuges Brilon an einer Realbrandausbildung teil, die in einem mobilen Realbrandcontainer stattfand.<br \/>\nZiel dieser \u00dcbung bestand darin, die Atemschutzger\u00e4tetr\u00e4ger an ihre k\u00f6rperlichen Grenzen heranzuf\u00fchren. <!--more--><\/p>\n<p>Die Ausbildung umfasste verschiedene Schl\u00fcsselbereiche wie taktische T\u00fcr\u00f6ffnung, effizientes Schlauchmanagement, gr\u00fcndliche Raumerkundung und -durchsuchung, Techniken zur Personenrettung, Hitzegew\u00f6hnung bis zu Temperaturen von 450\u00b0C und die richtige Anwendung von L\u00f6schmitteln.<\/p>\n<p>&nbsp;<\/p>\n<p>Um eine sichere Reinigung der Einsatzkleidung zu gew\u00e4hrleisten, bestand ein weiterer Teil der \u00dcbung f\u00fcr die Teilnehmenden darin, die kontaminierte Einsatzkleidung ordnungsgem\u00e4\u00df auszuziehen und zu verpacken. Das Vorgehen ist von entscheidender Bedeutung, um die Sicherheit und Gesundheit der Einsatzkr\u00e4fte sicherzustellen und eine potenzielle Verschmutzung anderer Bereiche zu vermeiden.<\/p>\n<p>Die Ausbildung wurde unter der Anleitung professioneller Ausbilder durchgef\u00fchrt.<\/p>\n<p><a href=\"https:\/\/www.feuerwehr-brilon.de\/wp-up\/2024\/05\/Spender_Realbrandausbildung_HP-1.jpg\" rel=\"lightbox\"><img loading=\"lazy\" decoding=\"async\" class=\"size-thumbnail wp-image-32376 alignleft\" src=\"https:\/\/www.feuerwehr-brilon.de\/wp-up\/2024\/05\/Spender_Realbrandausbildung_HP-1-113x150.jpg\" alt=\"\" width=\"113\" height=\"150\" srcset=\"https:\/\/www.feuerwehr-brilon.de\/wp-up\/2024\/05\/Spender_Realbrandausbildung_HP-1-113x150.jpg 113w, https:\/\/www.feuerwehr-brilon.de\/wp-up\/2024\/05\/Spender_Realbrandausbildung_HP-1-375x500.jpg 375w, https:\/\/www.feuerwehr-brilon.de\/wp-up\/2024\/05\/Spender_Realbrandausbildung_HP-1-768x1024.jpg 768w, https:\/\/www.feuerwehr-brilon.de\/wp-up\/2024\/05\/Spender_Realbrandausbildung_HP-1.jpg 1000w\" sizes=\"auto, (max-width: 113px) 100vw, 113px\" \/><\/a><\/p>\n<p>&nbsp;<\/p>\n<p>Ein besonderer Dank gilt den Spendern Dietmar Schmitz und der Briloner B\u00fcrgerstiftung sowie der Firma BAUMA Schwei\u00dftechnik f\u00fcr die Bereitstellung ihrer Betriebshallen. Au\u00dferdem dem DRK Brilon, das w\u00e4hrend der gesamten Ausbildung f\u00fcr die sichere Versorgung der Atemschutzger\u00e4tetr\u00e4ger vor Ort war.<\/p>\n<p>&nbsp;<\/p>\n<p>&nbsp;<\/p>\n<p><em><span lang=\"EN-GB\">(Foto v.l.n.r.: Marc Heines, Stefan Scharfenbaum, Matthias Kappe, Christiane Stumpe, Martina Papenbrock)<\/span><\/em><\/p>\n<p>&nbsp;<\/p>\n<p><strong>Bilder:<\/strong><br \/>\n<a href=\"https:\/\/www.feuerwehr-brilon.de\/wp-up\/2024\/05\/IMG_6478_HP-1.jpg\" rel=\"lightbox\"><img loading=\"lazy\" decoding=\"async\" class=\"alignleft size-thumbnail wp-image-32375\" src=\"https:\/\/www.feuerwehr-brilon.de\/wp-up\/2024\/05\/IMG_6478_HP-1-150x113.jpg\" alt=\"\" width=\"150\" height=\"113\" srcset=\"https:\/\/www.feuerwehr-brilon.de\/wp-up\/2024\/05\/IMG_6478_HP-1-150x113.jpg 150w, https:\/\/www.feuerwehr-brilon.de\/wp-up\/2024\/05\/IMG_6478_HP-1-500x375.jpg 500w, https:\/\/www.feuerwehr-brilon.de\/wp-up\/2024\/05\/IMG_6478_HP-1.jpg 1000w\" sizes=\"auto, (max-width: 150px) 100vw, 150px\" \/><\/a><a href=\"https:\/\/www.feuerwehr-brilon.de\/wp-up\/2024\/05\/DJI_20240406133654_0007_V_HP.jpg\" rel=\"lightbox\"><img loading=\"lazy\" decoding=\"async\" class=\"size-thumbnail wp-image-32367 alignleft\" src=\"https:\/\/www.feuerwehr-brilon.de\/wp-up\/2024\/05\/DJI_20240406133654_0007_V_HP-150x113.jpg\" alt=\"\" width=\"150\" height=\"113\" srcset=\"https:\/\/www.feuerwehr-brilon.de\/wp-up\/2024\/05\/DJI_20240406133654_0007_V_HP-150x113.jpg 150w, https:\/\/www.feuerwehr-brilon.de\/wp-up\/2024\/05\/DJI_20240406133654_0007_V_HP-500x375.jpg 500w, https:\/\/www.feuerwehr-brilon.de\/wp-up\/2024\/05\/DJI_20240406133654_0007_V_HP.jpg 1000w\" sizes=\"auto, (max-width: 150px) 100vw, 150px\" \/><\/a><a href=\"https:\/\/www.feuerwehr-brilon.de\/wp-up\/2024\/05\/DJI_20240406133308_0002_T_HP-1.jpg\" rel=\"lightbox\"><img loading=\"lazy\" decoding=\"async\" class=\"alignleft size-thumbnail wp-image-32372\" src=\"https:\/\/www.feuerwehr-brilon.de\/wp-up\/2024\/05\/DJI_20240406133308_0002_T_HP-1-150x120.jpg\" alt=\"\" width=\"150\" height=\"120\" srcset=\"https:\/\/www.feuerwehr-brilon.de\/wp-up\/2024\/05\/DJI_20240406133308_0002_T_HP-1-150x120.jpg 150w, https:\/\/www.feuerwehr-brilon.de\/wp-up\/2024\/05\/DJI_20240406133308_0002_T_HP-1-500x400.jpg 500w, https:\/\/www.feuerwehr-brilon.de\/wp-up\/2024\/05\/DJI_20240406133308_0002_T_HP-1.jpg 1000w\" sizes=\"auto, (max-width: 150px) 100vw, 150px\" \/><\/a><a href=\"https:\/\/www.feuerwehr-brilon.de\/wp-up\/2024\/05\/DJI_20240406103604_0018_T_HP.jpg\" rel=\"lightbox\"><img loading=\"lazy\" decoding=\"async\" class=\"alignleft size-thumbnail wp-image-32365\" src=\"https:\/\/www.feuerwehr-brilon.de\/wp-up\/2024\/05\/DJI_20240406103604_0018_T_HP-150x120.jpg\" alt=\"\" width=\"150\" height=\"120\" srcset=\"https:\/\/www.feuerwehr-brilon.de\/wp-up\/2024\/05\/DJI_20240406103604_0018_T_HP-150x120.jpg 150w, https:\/\/www.feuerwehr-brilon.de\/wp-up\/2024\/05\/DJI_20240406103604_0018_T_HP-500x400.jpg 500w, https:\/\/www.feuerwehr-brilon.de\/wp-up\/2024\/05\/DJI_20240406103604_0018_T_HP.jpg 1000w\" sizes=\"auto, (max-width: 150px) 100vw, 150px\" \/><\/a><a href=\"https:\/\/www.feuerwehr-brilon.de\/wp-up\/2024\/05\/Bild_12_HP.jpg\"><img loading=\"lazy\" decoding=\"async\" class=\"alignleft size-thumbnail wp-image-32398\" src=\"https:\/\/www.feuerwehr-brilon.de\/wp-up\/2024\/05\/Bild_12_HP-150x113.jpg\" alt=\"\" width=\"150\" height=\"113\" srcset=\"https:\/\/www.feuerwehr-brilon.de\/wp-up\/2024\/05\/Bild_12_HP-150x113.jpg 150w, https:\/\/www.feuerwehr-brilon.de\/wp-up\/2024\/05\/Bild_12_HP-500x375.jpg 500w, https:\/\/www.feuerwehr-brilon.de\/wp-up\/2024\/05\/Bild_12_HP.jpg 1000w\" sizes=\"auto, (max-width: 150px) 100vw, 150px\" \/><\/a><a href=\"https:\/\/www.feuerwehr-brilon.de\/wp-up\/2024\/05\/IMG_6488_HP.jpg\" rel=\"lightbox\"><img loading=\"lazy\" decoding=\"async\" class=\"alignleft size-thumbnail wp-image-32399\" src=\"https:\/\/www.feuerwehr-brilon.de\/wp-up\/2024\/05\/IMG_6488_HP-150x113.jpg\" alt=\"\" width=\"150\" height=\"113\" srcset=\"https:\/\/www.feuerwehr-brilon.de\/wp-up\/2024\/05\/IMG_6488_HP-150x113.jpg 150w, https:\/\/www.feuerwehr-brilon.de\/wp-up\/2024\/05\/IMG_6488_HP-500x375.jpg 500w, https:\/\/www.feuerwehr-brilon.de\/wp-up\/2024\/05\/IMG_6488_HP.jpg 1000w\" sizes=\"auto, (max-width: 150px) 100vw, 150px\" \/><\/a><a href=\"https:\/\/www.feuerwehr-brilon.de\/wp-up\/2024\/05\/IMG_6475_HP-1.jpg\" rel=\"lightbox\"><img loading=\"lazy\" decoding=\"async\" class=\"alignleft size-thumbnail wp-image-32374\" src=\"https:\/\/www.feuerwehr-brilon.de\/wp-up\/2024\/05\/IMG_6475_HP-1-113x150.jpg\" alt=\"\" width=\"113\" height=\"150\" srcset=\"https:\/\/www.feuerwehr-brilon.de\/wp-up\/2024\/05\/IMG_6475_HP-1-113x150.jpg 113w, https:\/\/www.feuerwehr-brilon.de\/wp-up\/2024\/05\/IMG_6475_HP-1-375x500.jpg 375w, https:\/\/www.feuerwehr-brilon.de\/wp-up\/2024\/05\/IMG_6475_HP-1-768x1024.jpg 768w, https:\/\/www.feuerwehr-brilon.de\/wp-up\/2024\/05\/IMG_6475_HP-1.jpg 1000w\" sizes=\"auto, (max-width: 113px) 100vw, 113px\" \/><\/a><\/p>\n","protected":false},"excerpt":{"rendered":"<p>Brilon. Am Samstag (7. April) nahmen 30 Mitglieder des L\u00f6schzuges Brilon an einer Realbrandausbildung teil, die in einem mobilen Realbrandcontainer stattfand. Ziel dieser \u00dcbung bestand darin, die Atemschutzger\u00e4tetr\u00e4ger an ihre k\u00f6rperlichen Grenzen heranzuf\u00fchren.<\/p>\n","protected":false},"author":8,"featured_media":32405,"comment_status":"closed","ping_status":"closed","sticky":false,"template":"","format":"standard","meta":{"_exactmetrics_skip_tracking":false,"_exactmetrics_sitenote_active":false,"_exactmetrics_sitenote_note":"","_exactmetrics_sitenote_category":0,"jetpack_post_was_ever_published":false,"_jetpack_newsletter_access":"","_jetpack_dont_email_post_to_subs":false,"_jetpack_newsletter_tier_id":0,"_jetpack_memberships_contains_paywalled_content":false,"_jetpack_memberships_contains_paid_content":false,"footnotes":""},"categories":[359],"tags":[],"class_list":["post-32357","post","type-post","status-publish","format-standard","has-post-thumbnail","hentry","category-meldungen-2023-2"],"jetpack_featured_media_url":"https:\/\/www.feuerwehr-brilon.de\/wp-up\/2024\/05\/IMG_6475_FB.jpg","jetpack_shortlink":"https:\/\/wp.me\/pCIJa-8pT","jetpack_sharing_enabled":true,"jetpack-related-posts":[{"id":16528,"url":"https:\/\/www.feuerwehr-brilon.de\/?p=16528","url_meta":{"origin":32357,"position":0},"title":"Zug\u00fcbung im Zug Nord","author":"Marc Heines","date":"31. Oktober 2018","format":false,"excerpt":"Die L\u00f6schgruppen Th\u00fclen, Nehden, R\u00f6senbeck und Madfeld probten den Ernstfall. In einem Schwestern-Altenheim in Th\u00fclen kam es zu einem Brandereignis. Mehrere Personen (dargestellt durch die Jugendfeuerwehr Th\u00fclen) waren vermi\u00dft und mussten durch die Feuerwehr gerettet werden. Gemeinsame \u00dcbungen sind ein wichtiger Teil der Ausbildung bei der Feuerwehr Brilon. Schnittstellen zu\u2026","rel":"","context":"In &quot;Meldungen 2018&quot;","block_context":{"text":"Meldungen 2018","link":"https:\/\/www.feuerwehr-brilon.de\/?cat=209"},"img":{"alt_text":"","src":"https:\/\/i0.wp.com\/www.feuerwehr-brilon.de\/wp-up\/2018\/10\/2-150x58.jpg?resize=350%2C200&ssl=1","width":350,"height":200},"classes":[]},{"id":31169,"url":"https:\/\/www.feuerwehr-brilon.de\/?p=31169","url_meta":{"origin":32357,"position":1},"title":"Hilfe f\u00fcr ukrainische Feuerwehren \u2013 Brilon spendet Schl\u00e4uche und Einsatzkleidung","author":"Andreas Becker","date":"12. Mai 2023","format":false,"excerpt":"Brilon. Betroffen von den immer noch anhaltenden Ereignissen in der Ukraine, gilt die Solidarit\u00e4t der Briloner Feuerwehrkameradinnen und -kameraden allen vom Krieg Betroffenen, besonders den Feuerwehrangeh\u00f6rigen und Hilfskr\u00e4ften. In diesen schweren Zeiten inmitten des Kriegsgeschehens stehen sie f\u00fcr ihre Mitmenschen ein, retten Leben, l\u00f6schen Br\u00e4nde und leisten Hilfe. Zur Unterst\u00fctzung\u2026","rel":"","context":"In &quot;Meldungen 2023&quot;","block_context":{"text":"Meldungen 2023","link":"https:\/\/www.feuerwehr-brilon.de\/?cat=336"},"img":{"alt_text":"","src":"https:\/\/i0.wp.com\/www.feuerwehr-brilon.de\/wp-up\/2023\/05\/IMG-20230510-WA0013.jpg?resize=350%2C200&ssl=1","width":350,"height":200,"srcset":"https:\/\/i0.wp.com\/www.feuerwehr-brilon.de\/wp-up\/2023\/05\/IMG-20230510-WA0013.jpg?resize=350%2C200&ssl=1 1x, https:\/\/i0.wp.com\/www.feuerwehr-brilon.de\/wp-up\/2023\/05\/IMG-20230510-WA0013.jpg?resize=525%2C300&ssl=1 1.5x, https:\/\/i0.wp.com\/www.feuerwehr-brilon.de\/wp-up\/2023\/05\/IMG-20230510-WA0013.jpg?resize=700%2C400&ssl=1 2x, https:\/\/i0.wp.com\/www.feuerwehr-brilon.de\/wp-up\/2023\/05\/IMG-20230510-WA0013.jpg?resize=1050%2C600&ssl=1 3x"},"classes":[]},{"id":12125,"url":"https:\/\/www.feuerwehr-brilon.de\/?p=12125","url_meta":{"origin":32357,"position":2},"title":"Wahrzeichen von Brilon brennt","author":"Marc Heines","date":"2. August 2015","format":false,"excerpt":"Wahrzeichen von Brilon brennt, so lautete die Alarmmeldung zu einer anspruchsvollen \u00dcbung des L\u00f6schzug Brilon. Nach einem Blitzeinschlag kam es zu einem Entstehungsbrand ausgerechnet in der Kirchturmspitze der Propsteikirche. Ein Feuer in etwa 60 Metern H\u00f6he stellt die Feuerwehr vor besondere Probleme. Im Rahmen der \u00dcbung wurde zun\u00e4chst erprobt, welche\u2026","rel":"","context":"In &quot;Allgemein&quot;","block_context":{"text":"Allgemein","link":"https:\/\/www.feuerwehr-brilon.de\/?cat=1"},"img":{"alt_text":"DSC_0798","src":"https:\/\/i0.wp.com\/www.feuerwehr-brilon.de\/wp-up\/2015\/08\/DSC_0798-150x111.jpg?resize=350%2C200","width":350,"height":200},"classes":[]},{"id":12838,"url":"https:\/\/www.feuerwehr-brilon.de\/?p=12838","url_meta":{"origin":32357,"position":3},"title":"Zug\u00fcbung in Alme","author":"Marc Heines","date":"23. Oktober 2015","format":false,"excerpt":"Kellerbrand in der offenen Ganztagsschule in Alme, so lautete das Alarmstichwort f\u00fcr die Feuerwehr am Freitagabend. Dichter Rauch drang aus dem Keller und versperrte 12 Kindern und einer Betreuerin den Fluchtweg nach drau\u00dfen. Als die die ersten Einsatzkr\u00e4fte an der Einsatzstelle ankamen, standen einige Kinder am Fenster im ersten Obergeschoss\u2026","rel":"","context":"In &quot;Meldungen 2015&quot;","block_context":{"text":"Meldungen 2015","link":"https:\/\/www.feuerwehr-brilon.de\/?cat=192"},"img":{"alt_text":"DSC_2156i","src":"https:\/\/i0.wp.com\/www.feuerwehr-brilon.de\/wp-up\/2015\/10\/DSC_2156i-150x100.jpg?resize=350%2C200","width":350,"height":200},"classes":[]},{"id":5528,"url":"https:\/\/www.feuerwehr-brilon.de\/?p=5528","url_meta":{"origin":32357,"position":4},"title":"24 Stunden \u00dcbung der JFw Brilon","author":"Andreas Becker","date":"14. September 2011","format":false,"excerpt":"Am letzten Wochenende im August veranstaltete die JFw des L\u00f6schzuges Brilon wieder eine 24 h \u00dcbung. Bei dieser \u00dcbung wird der Alltag einer Berufsfeuerwehr nachgestellt. Neben theoretischer und praktischer Ausbildung wurde der \u201eAlltag\u201c immer wieder durch Eins\u00e4tze unterbrochen, die der Feuerwehrnachwuchs bew\u00e4ltigen musste. So mussten Personen aus Sch\u00e4chten und \u00fcber\u2026","rel":"","context":"In &quot;Meldungen 2011&quot;","block_context":{"text":"Meldungen 2011","link":"https:\/\/www.feuerwehr-brilon.de\/?cat=133"},"img":{"alt_text":"","src":"https:\/\/i0.wp.com\/www.feuerwehr-brilon.de\/wp-up\/2011\/09\/Schaum1-150x89.jpg?resize=350%2C200&ssl=1","width":350,"height":200},"classes":[]},{"id":33864,"url":"https:\/\/www.feuerwehr-brilon.de\/?p=33864","url_meta":{"origin":32357,"position":5},"title":"Feuerwehr entdeckt leblose Person nach CO-Alarm","author":"Andreas Becker","date":"8. Oktober 2025","format":false,"excerpt":"Brilon-Wald. Bei einem Routine-Einsatz der Polizei am Mittwochnachmittag (8.10.) in einem Haus an der Korbacher Stra\u00dfe in Brilon-Wald schlugen pl\u00f6tzlich die CO-Warner an der Einsatzkleidung der Beamten an. Umgehend verlie\u00dfen sie das Geb\u00e4ude und verst\u00e4ndigten ihre Leitstelle, welche wiederum die Rettungsleitstelle \u00fcber die Lage\u00e4nderung verst\u00e4ndigte. Gegen 14.22 Uhr wurde die\u2026","rel":"","context":"In &quot;Eins\u00e4tze 2025&quot;","block_context":{"text":"Eins\u00e4tze 2025","link":"https:\/\/www.feuerwehr-brilon.de\/?cat=367"},"img":{"alt_text":"","src":"https:\/\/i0.wp.com\/www.feuerwehr-brilon.de\/wp-up\/2025\/10\/251008_IMG_8857_HP.jpg?resize=350%2C200&ssl=1","width":350,"height":200,"srcset":"https:\/\/i0.wp.com\/www.feuerwehr-brilon.de\/wp-up\/2025\/10\/251008_IMG_8857_HP.jpg?resize=350%2C200&ssl=1 1x, https:\/\/i0.wp.com\/www.feuerwehr-brilon.de\/wp-up\/2025\/10\/251008_IMG_8857_HP.jpg?resize=525%2C300&ssl=1 1.5x, https:\/\/i0.wp.com\/www.feuerwehr-brilon.de\/wp-up\/2025\/10\/251008_IMG_8857_HP.jpg?resize=700%2C400&ssl=1 2x, https:\/\/i0.wp.com\/www.feuerwehr-brilon.de\/wp-up\/2025\/10\/251008_IMG_8857_HP.jpg?resize=1050%2C600&ssl=1 3x"},"classes":[]}],"_links":{"self":[{"href":"https:\/\/www.feuerwehr-brilon.de\/index.php?rest_route=\/wp\/v2\/posts\/32357","targetHints":{"allow":["GET"]}}],"collection":[{"href":"https:\/\/www.feuerwehr-brilon.de\/index.php?rest_route=\/wp\/v2\/posts"}],"about":[{"href":"https:\/\/www.feuerwehr-brilon.de\/index.php?rest_route=\/wp\/v2\/types\/post"}],"author":[{"embeddable":true,"href":"https:\/\/www.feuerwehr-brilon.de\/index.php?rest_route=\/wp\/v2\/users\/8"}],"replies":[{"embeddable":true,"href":"https:\/\/www.feuerwehr-brilon.de\/index.php?rest_route=%2Fwp%2Fv2%2Fcomments&post=32357"}],"version-history":[{"count":3,"href":"https:\/\/www.feuerwehr-brilon.de\/index.php?rest_route=\/wp\/v2\/posts\/32357\/revisions"}],"predecessor-version":[{"id":32406,"href":"https:\/\/www.feuerwehr-brilon.de\/index.php?rest_route=\/wp\/v2\/posts\/32357\/revisions\/32406"}],"wp:featuredmedia":[{"embeddable":true,"href":"https:\/\/www.feuerwehr-brilon.de\/index.php?rest_route=\/wp\/v2\/media\/32405"}],"wp:attachment":[{"href":"https:\/\/www.feuerwehr-brilon.de\/index.php?rest_route=%2Fwp%2Fv2%2Fmedia&parent=32357"}],"wp:term":[{"taxonomy":"category","embeddable":true,"href":"https:\/\/www.feuerwehr-brilon.de\/index.php?rest_route=%2Fwp%2Fv2%2Fcategories&post=32357"},{"taxonomy":"post_tag","embeddable":true,"href":"https:\/\/www.feuerwehr-brilon.de\/index.php?rest_route=%2Fwp%2Fv2%2Ftags&post=32357"}],"curies":[{"name":"wp","href":"https:\/\/api.w.org\/{rel}","templated":true}]}}