{"id":32412,"date":"2024-05-17T17:59:14","date_gmt":"2024-05-17T15:59:14","guid":{"rendered":"https:\/\/www.feuerwehr-brilon.de\/?p=32412"},"modified":"2024-05-17T18:05:19","modified_gmt":"2024-05-17T16:05:19","slug":"stadtfeuerwehrtag-und-100-jaehriges-bestehen-der-loeschgruppe-roesenbeck","status":"publish","type":"post","link":"https:\/\/www.feuerwehr-brilon.de\/?p=32412","title":{"rendered":"Stadtfeuerwehrtag und 100-j\u00e4hriges Bestehen der L\u00f6schgruppe R\u00f6senbeck"},"content":{"rendered":"<p><a href=\"https:\/\/www.feuerwehr-brilon.de\/wp-up\/2024\/05\/Gruppe__DJI_20240504181440_0002_V_HP.jpg\" rel=\"lightbox\"><img loading=\"lazy\" decoding=\"async\" src=\"https:\/\/www.feuerwehr-brilon.de\/wp-up\/2024\/05\/Gruppe__DJI_20240504181440_0002_V_HP.jpg\" class=\"aligncenter size-thumbnail wp-image-32440\" width=\"1500\" height=\"45\" alt=\"\"><\/a><br \/>\n&nbsp;<br \/>\n<a href=\"https:\/\/www.feuerwehr-brilon.de\/?p=32412\" rel=\"lightbox\"><img loading=\"lazy\" decoding=\"async\" src=\"https:\/\/www.feuerwehr-brilon.de\/wp-up\/2024\/05\/Sabrinity_FWbrilon-059_HP-150x100.jpg\" class=\"alignleft size-thumbnail wp-image-32438\" width=\"150\" height=\"100\" alt=\"\" srcset=\"https:\/\/www.feuerwehr-brilon.de\/wp-up\/2024\/05\/Sabrinity_FWbrilon-059_HP-150x100.jpg 150w, https:\/\/www.feuerwehr-brilon.de\/wp-up\/2024\/05\/Sabrinity_FWbrilon-059_HP-500x333.jpg 500w, https:\/\/www.feuerwehr-brilon.de\/wp-up\/2024\/05\/Sabrinity_FWbrilon-059_HP-1024x682.jpg 1024w, https:\/\/www.feuerwehr-brilon.de\/wp-up\/2024\/05\/Sabrinity_FWbrilon-059_HP.jpg 1200w\" sizes=\"auto, (max-width: 150px) 100vw, 150px\" \/><\/a><a title=\"Stadtgebiet\" href=\"http:\/\/www.feuerwehr-brilon.de\/?page_id=5\" target=\"_blank\" rel=\"noopener\">Stadtgebiet. <\/a>Gleich zwei gute Gr\u00fcnde gab es f\u00fcr die Feuerwehrkameradinnen und -kameraden der Feuerwehr Brilon in R\u00f6senbeck zusammen zu kommen. Die ans\u00e4ssige L\u00f6schgruppe feierte ihr 100-j\u00e4hriges Bestehen und damit verbunden wurde der Stadtfeuerwehrtag gefeiert. Noch dazu gab es Ehrungen und Bef\u00f6rderungen.<!--more--><\/p>\n<h2 style=\"text-align: center\">Messe und Festzug<\/h2>\n<p><a href=\"https:\/\/www.feuerwehr-brilon.de\/wp-up\/2024\/05\/Sabrinity_FWbrilon-jubi020_HP.jpg\" rel=\"lightbox\"><img loading=\"lazy\" decoding=\"async\" src=\"https:\/\/www.feuerwehr-brilon.de\/wp-up\/2024\/05\/Sabrinity_FWbrilon-jubi020_HP-100x150.jpg\" class=\"alignleft size-thumbnail wp-image-32418\" width=\"100\" height=\"150\" alt=\"\" srcset=\"https:\/\/www.feuerwehr-brilon.de\/wp-up\/2024\/05\/Sabrinity_FWbrilon-jubi020_HP-100x150.jpg 100w, https:\/\/www.feuerwehr-brilon.de\/wp-up\/2024\/05\/Sabrinity_FWbrilon-jubi020_HP-333x500.jpg 333w, https:\/\/www.feuerwehr-brilon.de\/wp-up\/2024\/05\/Sabrinity_FWbrilon-jubi020_HP-683x1024.jpg 683w, https:\/\/www.feuerwehr-brilon.de\/wp-up\/2024\/05\/Sabrinity_FWbrilon-jubi020_HP-1024x1536.jpg 1024w, https:\/\/www.feuerwehr-brilon.de\/wp-up\/2024\/05\/Sabrinity_FWbrilon-jubi020_HP.jpg 1200w\" sizes=\"auto, (max-width: 100px) 100vw, 100px\" \/><\/a>Eingel\u00e4utet durch eine heilige Messe in der St. Laurentiuskirche begann der Stadtfeuerwehrtag am Samstag, dem 4. Mai. Nach der Messe marschierten neben den Feuerwehreinheiten aus Brilon auch die L\u00f6schgruppe aus Bredelar \/ Beringhausen, sowie zahlreiche Ehreng\u00e4ste, wie B\u00fcrgermeister Dr. Christof Bartsch mitsamt Vertretern aus Rat und Verwaltung sowie der stellvertretende Kreisbrandmeister Uwe Schwarz und der Leiter der Polizeiwache Brilon Michael Padberg in Richtung Sch\u00fctzenhalle zum Festakt. Musikalisch begleitet wurde der Festzug vom Musikverein R\u00f6senbeck.<\/p>\n<p>&nbsp;<\/p>\n<p>Auf dem Weg dorthin machte der gro\u00dfe Festzug Halt am Ehrenmal, wo ein Kranz zu Ehren der verstorbenen Feuerwehrkameradinnen und -kameraden niedergelegt wurde. Nach dem Lied \u201eIch hatt\u2018 einen Kameraden\u201c und der Nationalhymne wurde der Marsch zur Sch\u00fctzenhalle fortgesetzt.<\/p>\n<h2 style=\"text-align: center\">Festakt<\/h2>\n<p><a href=\"https:\/\/www.feuerwehr-brilon.de\/wp-up\/2024\/05\/Sabrinity_FWbrilon-jubi142_HP.jpg\" rel=\"lightbox\"><img loading=\"lazy\" decoding=\"async\" src=\"https:\/\/www.feuerwehr-brilon.de\/wp-up\/2024\/05\/Sabrinity_FWbrilon-jubi142_HP-150x100.jpg\" class=\"alignleft size-thumbnail wp-image-32424\" width=\"150\" height=\"100\" alt=\"\" srcset=\"https:\/\/www.feuerwehr-brilon.de\/wp-up\/2024\/05\/Sabrinity_FWbrilon-jubi142_HP-150x100.jpg 150w, https:\/\/www.feuerwehr-brilon.de\/wp-up\/2024\/05\/Sabrinity_FWbrilon-jubi142_HP-500x333.jpg 500w, https:\/\/www.feuerwehr-brilon.de\/wp-up\/2024\/05\/Sabrinity_FWbrilon-jubi142_HP-1024x682.jpg 1024w, https:\/\/www.feuerwehr-brilon.de\/wp-up\/2024\/05\/Sabrinity_FWbrilon-jubi142_HP.jpg 1200w\" sizes=\"auto, (max-width: 150px) 100vw, 150px\" \/><\/a>Dort angekommen begr\u00fc\u00dfte Brilons Wehrleiter Thomas Bauerfeind alle Anwesenden und freute sich \u00fcber die zahlreiche Teilnahme am Stadtfeuerwehrtag. Nach seinen Begr\u00fc\u00dfungsworten \u00fcbergab er das Wort an B\u00fcrgermeister Bartsch, welcher sich den Dankesworten anschloss und diese auch direkt an die L\u00f6schgruppe R\u00f6senbeck richtete, die vor 100 Jahren ihre Gr\u00fcndung feierte. Er richtete seinen Dank und Respekt, auch im Namen der Briloner B\u00fcrgerinnen und B\u00fcrger, aber auch an alle Rettungskr\u00e4fte, die sich in den Dienst der Feuerwehr Brilon gestellt haben. Er zitierte Altkanzler Helmut Schmidt mit den Worten \u201eDie freiwilligen Feuerwehrleute sind die zuverl\u00e4ssigsten und vertrauensvollsten Diener des Staates\u201c. Angesichts einer beachtlichen Zahl von aktuell 450 aktiven Mitgliedern in der freiwilligen Feuerwehr Brilon sprach er auch seinen Dank f\u00fcr die hervorragende Nachwuchsarbeit aus.<\/p>\n<p>Im Anschluss \u00fcbernahm Ortsvorsteher Stefan Hoppe das Wort. Im Namen der Einwohner R\u00f6senbecks bedankte er sich f\u00fcr die viele Arbeit und das herausragende Engagement der Brandsch\u00fctzer. Im Hinblick auf das 100-j\u00e4hrige stellte er fest, die L\u00f6schgruppe R\u00f6senbeck war quasi schon immer da. Viel wichtiger sei aber zu erw\u00e4hnen, dass sie vor allem immer da sind, wenn sie gebraucht werden und das gelte nicht nur f\u00fcr Eins\u00e4tze.<\/p>\n<h2 style=\"text-align: center\">Bef\u00f6rderungen und Ehrungen<\/h2>\n<p><a href=\"https:\/\/www.feuerwehr-brilon.de\/wp-up\/2024\/05\/Sabrinity_FWbrilon-jubi190__HP.jpg\" rel=\"lightbox\"><img loading=\"lazy\" decoding=\"async\" src=\"https:\/\/www.feuerwehr-brilon.de\/wp-up\/2024\/05\/Sabrinity_FWbrilon-jubi190__HP-150x100.jpg\" class=\"alignleft size-thumbnail wp-image-32426\" width=\"150\" height=\"100\" alt=\"\" srcset=\"https:\/\/www.feuerwehr-brilon.de\/wp-up\/2024\/05\/Sabrinity_FWbrilon-jubi190__HP-150x100.jpg 150w, https:\/\/www.feuerwehr-brilon.de\/wp-up\/2024\/05\/Sabrinity_FWbrilon-jubi190__HP-500x333.jpg 500w, https:\/\/www.feuerwehr-brilon.de\/wp-up\/2024\/05\/Sabrinity_FWbrilon-jubi190__HP-1024x682.jpg 1024w, https:\/\/www.feuerwehr-brilon.de\/wp-up\/2024\/05\/Sabrinity_FWbrilon-jubi190__HP.jpg 1200w\" sizes=\"auto, (max-width: 150px) 100vw, 150px\" \/><\/a>Ein Stadtfeuerwehrtag ist auch immer Anlass f\u00fcr Bef\u00f6rderungen und besondere Ehrungen. So wurden Maximilian J\u00e4nsch und Tim Wigge zu Oberfeuerwehrm\u00e4nnern bef\u00f6rdert. Nach Bestehen der entsprechenden Lehrg\u00e4nge am Institut der Feuerwehr in M\u00fcnster wurden Ansgar Rettler und Philipp Gerhold zu Oberbrandmeistern und Patrick Sewtz zum Brandinspektor bef\u00f6rdert.<\/p>\n<p>&nbsp;<\/p>\n<p>F\u00fcr 40 Jahre Mitgliedschaft in der Feuerwehr wurde Franz-Meinolf Brechtken mit der silbernen Anstecknadel des Verbands der Feuerwehr (VdF) ausgezeichnet.<\/p>\n<p>Aufgrund der Besonderheit \u00fcbernahm die darauffolgenden Ehrungen der stellvertretende Kreisbrandmeister Uwe Schwarz. Er rief zun\u00e4chst Reinhard Becker zu sich ans Rednerpult. Dieser ist aktives Mitglied des L\u00f6schzugs Brilon und engagiert sich f\u00fcr die Aus- und Fortbildung der Jugendfeuerwehrleute. Erst als Betreuer und seit 5 Jahren als stellvertretender Jugendfeuerwehrwart, k\u00fcmmert er sich um die heranwachsenden Brandsch\u00fctzer. Er wurde mit der Ehrennadel in Bronze der Jugendfeuerwehr NRW ausgezeichnet.<\/p>\n<p>F\u00fcr sein Engagement und seine Verdienste, besonders in seiner Zeit als Einheitsf\u00fchrer der L\u00f6schgruppe Altenb\u00fcren, wurde Bernhard Hohmann das \u201eDeutsche Feuerwehr-Ehrenkreuz\u201c in Bronze verliehen. Hohmann trat 1974 in die Feuerwehr Brilon ein und bekleidete seit 1998 bis M\u00e4rz dieses Jahres das Amt des L\u00f6schgruppenf\u00fchrers, nachdem er schon einige Jahre Stellvertreter war. Allen Geehrten und Bef\u00f6rderten an dieser Stelle noch einmal einen Herzlichen Gl\u00fcckwunsch.<\/p>\n<p>Der Musikverein R\u00f6senbeck spielte zum Abschluss des Festaktes noch einige St\u00fccke bevor DJ Steffen Hillebrand die musikalische Umrahmung des Abends \u00fcbernahm.<\/p>\n<p><strong>Bilder:<\/strong><br \/>\n<a href=\"https:\/\/www.feuerwehr-brilon.de\/wp-up\/2024\/05\/Sabrinity_FWbrilon-jubi054_HP.jpg\" rel=\"lightbox\"><img loading=\"lazy\" decoding=\"async\" src=\"https:\/\/www.feuerwehr-brilon.de\/wp-up\/2024\/05\/Sabrinity_FWbrilon-jubi054_HP-150x100.jpg\" class=\"alignleft size-thumbnail wp-image-32419\" width=\"150\" height=\"100\" alt=\"\" srcset=\"https:\/\/www.feuerwehr-brilon.de\/wp-up\/2024\/05\/Sabrinity_FWbrilon-jubi054_HP-150x100.jpg 150w, https:\/\/www.feuerwehr-brilon.de\/wp-up\/2024\/05\/Sabrinity_FWbrilon-jubi054_HP-500x333.jpg 500w, https:\/\/www.feuerwehr-brilon.de\/wp-up\/2024\/05\/Sabrinity_FWbrilon-jubi054_HP-1024x682.jpg 1024w, https:\/\/www.feuerwehr-brilon.de\/wp-up\/2024\/05\/Sabrinity_FWbrilon-jubi054_HP.jpg 1200w\" sizes=\"auto, (max-width: 150px) 100vw, 150px\" \/><\/a><a href=\"https:\/\/www.feuerwehr-brilon.de\/wp-up\/2024\/05\/Sabrinity_FWbrilon-jubi081_HP.jpg\" rel=\"lightbox\"><img loading=\"lazy\" decoding=\"async\" src=\"https:\/\/www.feuerwehr-brilon.de\/wp-up\/2024\/05\/Sabrinity_FWbrilon-jubi081_HP-150x100.jpg\" class=\"alignleft size-thumbnail wp-image-32420\" width=\"150\" height=\"100\" alt=\"\" srcset=\"https:\/\/www.feuerwehr-brilon.de\/wp-up\/2024\/05\/Sabrinity_FWbrilon-jubi081_HP-150x100.jpg 150w, https:\/\/www.feuerwehr-brilon.de\/wp-up\/2024\/05\/Sabrinity_FWbrilon-jubi081_HP-500x333.jpg 500w, https:\/\/www.feuerwehr-brilon.de\/wp-up\/2024\/05\/Sabrinity_FWbrilon-jubi081_HP-1024x682.jpg 1024w, https:\/\/www.feuerwehr-brilon.de\/wp-up\/2024\/05\/Sabrinity_FWbrilon-jubi081_HP.jpg 1200w\" sizes=\"auto, (max-width: 150px) 100vw, 150px\" \/><\/a><a href=\"https:\/\/www.feuerwehr-brilon.de\/wp-up\/2024\/05\/Sabrinity_FWbrilon-jubi084_HP.jpg\" rel=\"lightbox\"><img loading=\"lazy\" decoding=\"async\" src=\"https:\/\/www.feuerwehr-brilon.de\/wp-up\/2024\/05\/Sabrinity_FWbrilon-jubi084_HP-150x100.jpg\" class=\"alignleft size-thumbnail wp-image-32421\" width=\"150\" height=\"100\" alt=\"\" srcset=\"https:\/\/www.feuerwehr-brilon.de\/wp-up\/2024\/05\/Sabrinity_FWbrilon-jubi084_HP-150x100.jpg 150w, https:\/\/www.feuerwehr-brilon.de\/wp-up\/2024\/05\/Sabrinity_FWbrilon-jubi084_HP-500x333.jpg 500w, https:\/\/www.feuerwehr-brilon.de\/wp-up\/2024\/05\/Sabrinity_FWbrilon-jubi084_HP-1024x682.jpg 1024w, https:\/\/www.feuerwehr-brilon.de\/wp-up\/2024\/05\/Sabrinity_FWbrilon-jubi084_HP.jpg 1200w\" sizes=\"auto, (max-width: 150px) 100vw, 150px\" \/><\/a><a href=\"https:\/\/www.feuerwehr-brilon.de\/wp-up\/2024\/05\/Sabrinity_FWbrilon-jubi103_HP.jpg\" rel=\"lightbox\"><img loading=\"lazy\" decoding=\"async\" src=\"https:\/\/www.feuerwehr-brilon.de\/wp-up\/2024\/05\/Sabrinity_FWbrilon-jubi103_HP-150x100.jpg\" class=\"alignleft size-thumbnail wp-image-32422\" width=\"150\" height=\"100\" alt=\"\" srcset=\"https:\/\/www.feuerwehr-brilon.de\/wp-up\/2024\/05\/Sabrinity_FWbrilon-jubi103_HP-150x100.jpg 150w, https:\/\/www.feuerwehr-brilon.de\/wp-up\/2024\/05\/Sabrinity_FWbrilon-jubi103_HP-500x333.jpg 500w, https:\/\/www.feuerwehr-brilon.de\/wp-up\/2024\/05\/Sabrinity_FWbrilon-jubi103_HP-1024x682.jpg 1024w, https:\/\/www.feuerwehr-brilon.de\/wp-up\/2024\/05\/Sabrinity_FWbrilon-jubi103_HP.jpg 1200w\" sizes=\"auto, (max-width: 150px) 100vw, 150px\" \/><\/a><a href=\"https:\/\/www.feuerwehr-brilon.de\/wp-up\/2024\/05\/Sabrinity_FWbrilon-jubi107_HP.jpg\" rel=\"lightbox\"><img loading=\"lazy\" decoding=\"async\" src=\"https:\/\/www.feuerwehr-brilon.de\/wp-up\/2024\/05\/Sabrinity_FWbrilon-jubi107_HP-150x100.jpg\" class=\"alignleft size-thumbnail wp-image-32423\" width=\"150\" height=\"100\" alt=\"\" srcset=\"https:\/\/www.feuerwehr-brilon.de\/wp-up\/2024\/05\/Sabrinity_FWbrilon-jubi107_HP-150x100.jpg 150w, https:\/\/www.feuerwehr-brilon.de\/wp-up\/2024\/05\/Sabrinity_FWbrilon-jubi107_HP-500x333.jpg 500w, https:\/\/www.feuerwehr-brilon.de\/wp-up\/2024\/05\/Sabrinity_FWbrilon-jubi107_HP-1024x682.jpg 1024w, https:\/\/www.feuerwehr-brilon.de\/wp-up\/2024\/05\/Sabrinity_FWbrilon-jubi107_HP.jpg 1200w\" sizes=\"auto, (max-width: 150px) 100vw, 150px\" \/><\/a><a href=\"https:\/\/www.feuerwehr-brilon.de\/wp-up\/2024\/05\/Sabrinity_FWbrilon-jubi173_HP.jpg\" rel=\"lightbox\"><img loading=\"lazy\" decoding=\"async\" src=\"https:\/\/www.feuerwehr-brilon.de\/wp-up\/2024\/05\/Sabrinity_FWbrilon-jubi173_HP-150x100.jpg\" class=\"alignleft size-thumbnail wp-image-32425\" width=\"150\" height=\"100\" alt=\"\" srcset=\"https:\/\/www.feuerwehr-brilon.de\/wp-up\/2024\/05\/Sabrinity_FWbrilon-jubi173_HP-150x100.jpg 150w, https:\/\/www.feuerwehr-brilon.de\/wp-up\/2024\/05\/Sabrinity_FWbrilon-jubi173_HP-500x333.jpg 500w, https:\/\/www.feuerwehr-brilon.de\/wp-up\/2024\/05\/Sabrinity_FWbrilon-jubi173_HP-1024x682.jpg 1024w, https:\/\/www.feuerwehr-brilon.de\/wp-up\/2024\/05\/Sabrinity_FWbrilon-jubi173_HP.jpg 1200w\" sizes=\"auto, (max-width: 150px) 100vw, 150px\" \/><\/a><a href=\"https:\/\/www.feuerwehr-brilon.de\/wp-up\/2024\/05\/Sabrinity_FWbrilon-jubi219_HP.jpg\" rel=\"lightbox\"><img loading=\"lazy\" decoding=\"async\" src=\"https:\/\/www.feuerwehr-brilon.de\/wp-up\/2024\/05\/Sabrinity_FWbrilon-jubi219_HP-150x100.jpg\" class=\"alignleft size-thumbnail wp-image-32428\" width=\"150\" height=\"100\" alt=\"\" srcset=\"https:\/\/www.feuerwehr-brilon.de\/wp-up\/2024\/05\/Sabrinity_FWbrilon-jubi219_HP-150x100.jpg 150w, https:\/\/www.feuerwehr-brilon.de\/wp-up\/2024\/05\/Sabrinity_FWbrilon-jubi219_HP-500x333.jpg 500w, https:\/\/www.feuerwehr-brilon.de\/wp-up\/2024\/05\/Sabrinity_FWbrilon-jubi219_HP-1024x682.jpg 1024w, https:\/\/www.feuerwehr-brilon.de\/wp-up\/2024\/05\/Sabrinity_FWbrilon-jubi219_HP.jpg 1200w\" sizes=\"auto, (max-width: 150px) 100vw, 150px\" \/><\/a><a href=\"https:\/\/www.feuerwehr-brilon.de\/wp-up\/2024\/05\/Sabrinity_FWbrilon-jubi232_HP.jpg\" rel=\"lightbox\"><img loading=\"lazy\" decoding=\"async\" src=\"https:\/\/www.feuerwehr-brilon.de\/wp-up\/2024\/05\/Sabrinity_FWbrilon-jubi232_HP-150x100.jpg\" class=\"alignleft size-thumbnail wp-image-32429\" width=\"150\" height=\"100\" alt=\"\" srcset=\"https:\/\/www.feuerwehr-brilon.de\/wp-up\/2024\/05\/Sabrinity_FWbrilon-jubi232_HP-150x100.jpg 150w, https:\/\/www.feuerwehr-brilon.de\/wp-up\/2024\/05\/Sabrinity_FWbrilon-jubi232_HP-500x333.jpg 500w, https:\/\/www.feuerwehr-brilon.de\/wp-up\/2024\/05\/Sabrinity_FWbrilon-jubi232_HP-1024x682.jpg 1024w, https:\/\/www.feuerwehr-brilon.de\/wp-up\/2024\/05\/Sabrinity_FWbrilon-jubi232_HP.jpg 1200w\" sizes=\"auto, (max-width: 150px) 100vw, 150px\" \/><\/a><a href=\"https:\/\/www.feuerwehr-brilon.de\/wp-up\/2024\/05\/Sabrinity_FWbrilon-jubi243_HP.jpg\" rel=\"lightbox\"><img loading=\"lazy\" decoding=\"async\" src=\"https:\/\/www.feuerwehr-brilon.de\/wp-up\/2024\/05\/Sabrinity_FWbrilon-jubi243_HP-150x100.jpg\" class=\"alignleft size-thumbnail wp-image-32430\" width=\"150\" height=\"100\" alt=\"\" srcset=\"https:\/\/www.feuerwehr-brilon.de\/wp-up\/2024\/05\/Sabrinity_FWbrilon-jubi243_HP-150x100.jpg 150w, https:\/\/www.feuerwehr-brilon.de\/wp-up\/2024\/05\/Sabrinity_FWbrilon-jubi243_HP-500x333.jpg 500w, https:\/\/www.feuerwehr-brilon.de\/wp-up\/2024\/05\/Sabrinity_FWbrilon-jubi243_HP-1024x682.jpg 1024w, https:\/\/www.feuerwehr-brilon.de\/wp-up\/2024\/05\/Sabrinity_FWbrilon-jubi243_HP.jpg 1200w\" sizes=\"auto, (max-width: 150px) 100vw, 150px\" \/><\/a><a href=\"https:\/\/www.feuerwehr-brilon.de\/wp-up\/2024\/05\/Sabrinity_FWbrilon-jubi249_HP.jpg\" rel=\"lightbox\"><img loading=\"lazy\" decoding=\"async\" src=\"https:\/\/www.feuerwehr-brilon.de\/wp-up\/2024\/05\/Sabrinity_FWbrilon-jubi249_HP-150x100.jpg\" class=\"alignleft size-thumbnail wp-image-32431\" width=\"150\" height=\"100\" alt=\"\" srcset=\"https:\/\/www.feuerwehr-brilon.de\/wp-up\/2024\/05\/Sabrinity_FWbrilon-jubi249_HP-150x100.jpg 150w, https:\/\/www.feuerwehr-brilon.de\/wp-up\/2024\/05\/Sabrinity_FWbrilon-jubi249_HP-500x333.jpg 500w, https:\/\/www.feuerwehr-brilon.de\/wp-up\/2024\/05\/Sabrinity_FWbrilon-jubi249_HP-1024x682.jpg 1024w, https:\/\/www.feuerwehr-brilon.de\/wp-up\/2024\/05\/Sabrinity_FWbrilon-jubi249_HP.jpg 1200w\" sizes=\"auto, (max-width: 150px) 100vw, 150px\" \/><\/a><a href=\"https:\/\/www.feuerwehr-brilon.de\/wp-up\/2024\/05\/Sabrinity_FWbrilon-059_HP.jpg\" rel=\"lightbox\"><img loading=\"lazy\" decoding=\"async\" src=\"https:\/\/www.feuerwehr-brilon.de\/wp-up\/2024\/05\/Sabrinity_FWbrilon-059_HP-150x100.jpg\" class=\"alignleft size-thumbnail wp-image-32438\" width=\"150\" height=\"100\" alt=\"\" srcset=\"https:\/\/www.feuerwehr-brilon.de\/wp-up\/2024\/05\/Sabrinity_FWbrilon-059_HP-150x100.jpg 150w, https:\/\/www.feuerwehr-brilon.de\/wp-up\/2024\/05\/Sabrinity_FWbrilon-059_HP-500x333.jpg 500w, https:\/\/www.feuerwehr-brilon.de\/wp-up\/2024\/05\/Sabrinity_FWbrilon-059_HP-1024x682.jpg 1024w, https:\/\/www.feuerwehr-brilon.de\/wp-up\/2024\/05\/Sabrinity_FWbrilon-059_HP.jpg 1200w\" sizes=\"auto, (max-width: 150px) 100vw, 150px\" \/><\/a><a href=\"https:\/\/www.feuerwehr-brilon.de\/wp-up\/2024\/05\/Gruppe__DJI_20240504181440_0002_V_HP.jpg\" rel=\"lightbox\"><img loading=\"lazy\" decoding=\"async\" src=\"https:\/\/www.feuerwehr-brilon.de\/wp-up\/2024\/05\/Gruppe__DJI_20240504181440_0002_V_HP-150x45.jpg\" class=\"alignleft size-thumbnail wp-image-32440\" width=\"150\" height=\"45\" alt=\"\" srcset=\"https:\/\/www.feuerwehr-brilon.de\/wp-up\/2024\/05\/Gruppe__DJI_20240504181440_0002_V_HP-150x45.jpg 150w, https:\/\/www.feuerwehr-brilon.de\/wp-up\/2024\/05\/Gruppe__DJI_20240504181440_0002_V_HP-500x150.jpg 500w, https:\/\/www.feuerwehr-brilon.de\/wp-up\/2024\/05\/Gruppe__DJI_20240504181440_0002_V_HP-1024x307.jpg 1024w, https:\/\/www.feuerwehr-brilon.de\/wp-up\/2024\/05\/Gruppe__DJI_20240504181440_0002_V_HP.jpg 1200w\" sizes=\"auto, (max-width: 150px) 100vw, 150px\" \/><\/a><a href=\"https:\/\/www.feuerwehr-brilon.de\/wp-up\/2024\/05\/DJI_20240504180411_0010_V_HP.jpg\" rel=\"lightbox\"><img loading=\"lazy\" decoding=\"async\" src=\"https:\/\/www.feuerwehr-brilon.de\/wp-up\/2024\/05\/DJI_20240504180411_0010_V_HP-150x113.jpg\" class=\"alignleft size-thumbnail wp-image-32442\" width=\"150\" height=\"113\" alt=\"\" srcset=\"https:\/\/www.feuerwehr-brilon.de\/wp-up\/2024\/05\/DJI_20240504180411_0010_V_HP-150x113.jpg 150w, https:\/\/www.feuerwehr-brilon.de\/wp-up\/2024\/05\/DJI_20240504180411_0010_V_HP-500x375.jpg 500w, https:\/\/www.feuerwehr-brilon.de\/wp-up\/2024\/05\/DJI_20240504180411_0010_V_HP-1024x768.jpg 1024w, https:\/\/www.feuerwehr-brilon.de\/wp-up\/2024\/05\/DJI_20240504180411_0010_V_HP.jpg 1200w\" sizes=\"auto, (max-width: 150px) 100vw, 150px\" \/><\/a><\/p>\n","protected":false},"excerpt":{"rendered":"<p>&nbsp; Stadtgebiet. Gleich zwei gute Gr\u00fcnde gab es f\u00fcr die Feuerwehrkameradinnen und -kameraden der Feuerwehr Brilon in R\u00f6senbeck zusammen zu kommen. Die ans\u00e4ssige L\u00f6schgruppe feierte ihr 100-j\u00e4hriges Bestehen und damit verbunden wurde der Stadtfeuerwehrtag gefeiert. Noch dazu gab es Ehrungen und Bef\u00f6rderungen.<\/p>\n","protected":false},"author":8,"featured_media":32459,"comment_status":"closed","ping_status":"closed","sticky":false,"template":"","format":"standard","meta":{"_exactmetrics_skip_tracking":false,"_exactmetrics_sitenote_active":false,"_exactmetrics_sitenote_note":"","_exactmetrics_sitenote_category":0,"jetpack_post_was_ever_published":false,"_jetpack_newsletter_access":"","_jetpack_dont_email_post_to_subs":false,"_jetpack_newsletter_tier_id":0,"_jetpack_memberships_contains_paywalled_content":false,"_jetpack_memberships_contains_paid_content":false,"footnotes":""},"categories":[359],"tags":[],"class_list":["post-32412","post","type-post","status-publish","format-standard","has-post-thumbnail","hentry","category-meldungen-2023-2"],"jetpack_featured_media_url":"https:\/\/www.feuerwehr-brilon.de\/wp-up\/2024\/05\/Sabrinity_FWbrilon-059_FB.jpg","jetpack_shortlink":"https:\/\/wp.me\/pCIJa-8qM","jetpack_sharing_enabled":true,"jetpack-related-posts":[{"id":12592,"url":"https:\/\/www.feuerwehr-brilon.de\/?p=12592","url_meta":{"origin":32412,"position":0},"title":"Stadtfeuerwehrtag in Bontkirchen","author":"Andreas Becker","date":"4. Oktober 2015","format":false,"excerpt":"Bontkirchen. Anl\u00e4sslich ihres 75-j\u00e4hrigen Bestehen hatte die L\u00f6schgruppe Bontkirchen zum diesj\u00e4hrigen Stadtfeuerwehrtag eingeladen. Au\u00dferdem konnte die Jugendfeuerwehr der L\u00f6schgruppe ihr 10-j\u00e4hriges Jubil\u00e4um feiern. Die Jugendfeuerwehr feierte dieses bereits am Nachmittag. Beim \u201eSpiel ohne Grenzen\u201c haben sich die Nachwuchsbrandsch\u00fctzer aus der Stadt Brilon gemessen. Der Festakt zum Stadtfeuerwehrtag begann mit der\u2026","rel":"","context":"In &quot;Allgemein&quot;","block_context":{"text":"Allgemein","link":"https:\/\/www.feuerwehr-brilon.de\/?cat=1"},"img":{"alt_text":"image012","src":"https:\/\/i0.wp.com\/www.feuerwehr-brilon.de\/wp-up\/2015\/09\/image012-150x100.jpg?resize=350%2C200","width":350,"height":200},"classes":[]},{"id":4932,"url":"https:\/\/www.feuerwehr-brilon.de\/?p=4932","url_meta":{"origin":32412,"position":1},"title":"100 Jahre L\u00f6schgruppe Altenb\u00fcren","author":"Marc Heines","date":"19. Mai 2011","format":false,"excerpt":"In Verbindung mit dem Stadtfeuerwehrtag feierte die L\u00f6schgruppe Altenb\u00fcren ihr 100 j\u00e4hriges Bestehen. Nach den Regularien des Stadtfeuerwehrtages konnte L\u00f6schgruppenf\u00fchrer Bernhard Hohmann einige Gratulationen entgegen nehmen. Der stellvertretende Landrat Rudolf Heinemann betonte, dass der 100 j\u00e4hrige Geburtstag ein besonderer Anlass sei sich zu freuen. Kreisbrandmeister Martin Rickert erkl\u00e4rte, dass 100\u2026","rel":"","context":"In &quot;Meldungen 2011&quot;","block_context":{"text":"Meldungen 2011","link":"https:\/\/www.feuerwehr-brilon.de\/?cat=133"},"img":{"alt_text":"","src":"https:\/\/i0.wp.com\/www.feuerwehr-brilon.de\/wp-up\/2011\/05\/DSC02621-150x100.jpg?resize=350%2C200&ssl=1","width":350,"height":200},"classes":[]},{"id":14850,"url":"https:\/\/www.feuerwehr-brilon.de\/?p=14850","url_meta":{"origin":32412,"position":2},"title":"Jubil\u00e4um und Stadtfeuerwehrtag in W\u00fclfte","author":"Marc Heines","date":"9. Juni 2017","format":false,"excerpt":"W\u00fclfte. 75. Geburtstag der L\u00f6schgruppe W\u00fclfte. Aus diesem freudigen Anlass fand der diesj\u00e4hrige Stadtfeuerwehrtag in W\u00fclfte statt. Nach einem gemeinsamen Gottesdienst und anschlie\u00dfender Kranzniederlegung am Ehrenmahl versammelten sich alle G\u00e4ste und Ehreng\u00e4ste in der Sch\u00fctzenhalle in W\u00fclfte. Zu den zahlreichen Gratulanten geh\u00f6rte nat\u00fcrlich auch B\u00fcrgermeister Dr. Christoph Bartsch. 75 Jahre\u2026","rel":"","context":"In &quot;Meldungen 2017&quot;","block_context":{"text":"Meldungen 2017","link":"https:\/\/www.feuerwehr-brilon.de\/?cat=206"},"img":{"alt_text":"","src":"https:\/\/i0.wp.com\/www.feuerwehr-brilon.de\/wp-up\/2017\/06\/DSC07643i-150x100.jpg?resize=350%2C200","width":350,"height":200},"classes":[]},{"id":4933,"url":"https:\/\/www.feuerwehr-brilon.de\/?p=4933","url_meta":{"origin":32412,"position":3},"title":"Stadtfeuerwehrtag in Altenb\u00fcren","author":"Marc Heines","date":"21. Mai 2011","format":false,"excerpt":"Der alle zwei Jahre stattfindende Stadtfeuerwehrtag wurde dieses Jahr von der L\u00f6schgruppe Altenb\u00fcren ausgerichtet, die gleichzeitig ihr 100 j\u00e4hriges Jubil\u00e4um feierte. Nach einem kurzen Festzug mit Kranzniederlegung und einer hl. Messe in der Sch\u00fctzenhalle,\u00a0 begr\u00fc\u00dfte der Leiter der Feuerwehr Wolfgang Hillebrand alle Anwesenden. Neben allen Feuerwehreinheiten der Stadt Brilon, den\u2026","rel":"","context":"In &quot;Meldungen 2011&quot;","block_context":{"text":"Meldungen 2011","link":"https:\/\/www.feuerwehr-brilon.de\/?cat=133"},"img":{"alt_text":"","src":"https:\/\/i0.wp.com\/www.feuerwehr-brilon.de\/wp-up\/2011\/05\/Mitglieder-150x112.jpg?resize=350%2C200&ssl=1","width":350,"height":200},"classes":[]},{"id":13321,"url":"https:\/\/www.feuerwehr-brilon.de\/?p=13321","url_meta":{"origin":32412,"position":4},"title":"Versammlung der L\u00f6schgruppe Bontkirchen","author":"Marc Heines","date":"9. April 2016","format":false,"excerpt":"L\u00f6schgruppenf\u00fchrer Peter Hennecke im Amt best\u00e4tigt. Drei Neue in der Einsatzabteilung Bontkirchen. Im Rahmen der Jahreshauptversammlung der L\u00f6schgruppe Bontkirchen am 12.03.2016, konnte L\u00f6schgruppenf\u00fchrer Peter Hennecke 23 aktive Mitglieder der L\u00f6schgruppe, 7 passive Mitglieder des F\u00f6rdervereins, 12 Mitglieder der Jugendfeuerwehr, den Leiter der Feuerwehr Wolfgang Hillebrand, B\u00fcrgermeister Dr. Christof Bartsch, Ortsvorsteher\u2026","rel":"","context":"In &quot;Meldungen 2016&quot;","block_context":{"text":"Meldungen 2016","link":"https:\/\/www.feuerwehr-brilon.de\/?cat=202"},"img":{"alt_text":"20160312_212626n","src":"https:\/\/i0.wp.com\/www.feuerwehr-brilon.de\/wp-up\/2016\/04\/20160312_212626n-150x84.jpg?resize=350%2C200","width":350,"height":200},"classes":[]},{"id":8181,"url":"https:\/\/www.feuerwehr-brilon.de\/?p=8181","url_meta":{"origin":32412,"position":5},"title":"100 j\u00e4hriges Bestehen und Stadtfeuerwehrtag in Messinghausen","author":"Andreas Becker","date":"13. April 2013","format":false,"excerpt":"Die L\u00f6schgruppe Messinghausen der Freiwilligen Feuerwehr der Stadt Brilon feiert am Samstag, den 20. April in Verbindung mit dem Stadtfeuerwehrtag ihr 100-j\u00e4hriges Bestehen. Der Festtag beginnt um 17 Uhr mit der Vorabendmesse in der St. Vitus-Kirche. Um 17:45 Uhr folgt der Festzug mit Kranzniederlegung unter Beteiligung der Briloner L\u00f6schgruppen und\u2026","rel":"","context":"In &quot;Allgemein&quot;","block_context":{"text":"Allgemein","link":"https:\/\/www.feuerwehr-brilon.de\/?cat=1"},"img":{"alt_text":"","src":"https:\/\/i0.wp.com\/www.feuerwehr-brilon.de\/wp-up\/2013\/04\/messinghausen-150x100.jpg?resize=350%2C200","width":350,"height":200},"classes":[]}],"_links":{"self":[{"href":"https:\/\/www.feuerwehr-brilon.de\/index.php?rest_route=\/wp\/v2\/posts\/32412","targetHints":{"allow":["GET"]}}],"collection":[{"href":"https:\/\/www.feuerwehr-brilon.de\/index.php?rest_route=\/wp\/v2\/posts"}],"about":[{"href":"https:\/\/www.feuerwehr-brilon.de\/index.php?rest_route=\/wp\/v2\/types\/post"}],"author":[{"embeddable":true,"href":"https:\/\/www.feuerwehr-brilon.de\/index.php?rest_route=\/wp\/v2\/users\/8"}],"replies":[{"embeddable":true,"href":"https:\/\/www.feuerwehr-brilon.de\/index.php?rest_route=%2Fwp%2Fv2%2Fcomments&post=32412"}],"version-history":[{"count":3,"href":"https:\/\/www.feuerwehr-brilon.de\/index.php?rest_route=\/wp\/v2\/posts\/32412\/revisions"}],"predecessor-version":[{"id":32460,"href":"https:\/\/www.feuerwehr-brilon.de\/index.php?rest_route=\/wp\/v2\/posts\/32412\/revisions\/32460"}],"wp:featuredmedia":[{"embeddable":true,"href":"https:\/\/www.feuerwehr-brilon.de\/index.php?rest_route=\/wp\/v2\/media\/32459"}],"wp:attachment":[{"href":"https:\/\/www.feuerwehr-brilon.de\/index.php?rest_route=%2Fwp%2Fv2%2Fmedia&parent=32412"}],"wp:term":[{"taxonomy":"category","embeddable":true,"href":"https:\/\/www.feuerwehr-brilon.de\/index.php?rest_route=%2Fwp%2Fv2%2Fcategories&post=32412"},{"taxonomy":"post_tag","embeddable":true,"href":"https:\/\/www.feuerwehr-brilon.de\/index.php?rest_route=%2Fwp%2Fv2%2Ftags&post=32412"}],"curies":[{"name":"wp","href":"https:\/\/api.w.org\/{rel}","templated":true}]}}