{"id":33066,"date":"2024-12-29T21:05:21","date_gmt":"2024-12-29T20:05:21","guid":{"rendered":"https:\/\/www.feuerwehr-brilon.de\/?p=33066"},"modified":"2024-12-29T21:07:20","modified_gmt":"2024-12-29T20:07:20","slug":"stadtjugendfeuerwehrtag-2024","status":"publish","type":"post","link":"https:\/\/www.feuerwehr-brilon.de\/?p=33066","title":{"rendered":"Stadtjugendfeuerwehrtag 2024"},"content":{"rendered":"<p><a href=\"https:\/\/www.feuerwehr-brilon.de\/?p=33066\"><img loading=\"lazy\" decoding=\"async\" src=\"https:\/\/www.feuerwehr-brilon.de\/wp-up\/2024\/12\/2409_JF_IMG_3736_live_HP-150x113.jpg\" alt=\"\" width=\"150\" height=\"113\" class=\"alignleft size-thumbnail wp-image-33067\" srcset=\"https:\/\/www.feuerwehr-brilon.de\/wp-up\/2024\/12\/2409_JF_IMG_3736_live_HP-150x113.jpg 150w, https:\/\/www.feuerwehr-brilon.de\/wp-up\/2024\/12\/2409_JF_IMG_3736_live_HP-500x375.jpg 500w, https:\/\/www.feuerwehr-brilon.de\/wp-up\/2024\/12\/2409_JF_IMG_3736_live_HP.jpg 1000w\" sizes=\"auto, (max-width: 150px) 100vw, 150px\" \/><\/a>Mit gro\u00dfer Begeisterung fand im September der Stadtjugendfeuerwehrtag der Feuerwehr Brilon am Gymnasium Petrinum in Brilon statt.<\/p>\n<p>Unter der Leitung von Stadtjugendfeuerwehrwart Holger Knackstedt wurde den jungen Teilnehmern ein abwechslungsreiches Programm geboten, das nicht nur den Teamgeist st\u00e4rkte, sondern auch den praktischen Lernerfolg sowie die Entdeckung zuk\u00fcnftiger F\u00fchrungskr\u00e4fte hervorhob.<!--more--><\/p>\n<p>Der Stadtjugendfeuerwehrtag startete mit einer herzlichen Begr\u00fc\u00dfung durch den Stadtjugendfeuerwehrwart, der die Bedeutung des gemeinsamen Erlebens von Teamgeist sowie das Erlernen grundlegender F\u00e4higkeiten betonte.<\/p>\n<p>Des weiteren hob er hervor, dass unter den talentierten Jugendlichen auch zuk\u00fcnftige F\u00fchrungskr\u00e4fte zu finden sind. Besonders erfreulich war die Anwesenheit des Technischen Hilfswerks (THW), der Deutschen Lebensrettungsgesellschaft (DLRG) und des Tambourkorps der Freiwilligen Feuerwehr Brilon, die den Stadtjugendfeuerwehrtag bereicherten.<\/p>\n<p>Im Anschluss wurden auch der Leiter der Feuerwehr, Thomas Bauerfeind, sowie B\u00fcrgermeister Dr. Christof Bartsch herzlich begr\u00fc\u00dft, die ihre Wertsch\u00e4tzung f\u00fcr das Engagement der Jugendfeuerwehr zum Ausdruck brachten.<\/p>\n<p>Die Teilnehmer konnten sich bei verschiedensten \u00dcbungen beweisen, darunter der spannende<br \/>\n3er Skilauf, der lustige Huckepacklauf, das Geschicklichkeitsspiel &#8222;Entenangeln&#8220;,<br \/>\nder kreative Bau einer Figur aus Feuerwehrarmaturen und das herausfordernde Man\u00f6vrieren eines Balls durch einen Feuerwehrschlauch.<\/p>\n<p>Insgesamt nahmen 12 Gruppen mit beeindruckenden 82 Teilnehmern im Alter zwischen 10 und<br \/>\n17 Jahren teil.<\/p>\n<p>Auch das Preisgeld sowie der Pokal als Auszeichnung f\u00fcr die Sieger sorgten f\u00fcr zus\u00e4tzliche<br \/>\nMotivation. Den ersten Platz sicherte sich die Gruppe Messinghausen 1, gefolgt von Alme auf<br \/>\ndem zweiten Platz. Nach einem spannenden Stechen belegte die DLRG den verdienten dritten Platz.<\/p>\n<p>Der Stadtjugendfeuerwehrtag der Feuerwehr Brilon erwies sich erneut als erfolgreiches und zugleich unterhaltsames Event, bei dem nicht nur der sportliche Wettbewerb im Mittelpunkt stand, sondern auch der Zusammenhalt und die F\u00f6rderung der Feuerwehrjugend.<\/p>\n<p>Die Feuerwehr Brilon bedankt sich bei allen Teilnehmern, den Organisatoren, den Unterst\u00fctzern und den Blaulichtorganisationen f\u00fcr ihre Teilnahme und freut sich bereits auf den n\u00e4chsten Stadtjugendfeuerwehrtag.<\/p>\n<p><strong>Bilder:<\/strong><br \/>\n<a rel=\"lightbox\" href=\"https:\/\/www.feuerwehr-brilon.de\/wp-up\/2024\/12\/2409_JF_IMG_3736_live_HP.jpg\"><img loading=\"lazy\" decoding=\"async\" src=\"https:\/\/www.feuerwehr-brilon.de\/wp-up\/2024\/12\/2409_JF_IMG_3736_live_HP-150x113.jpg\" alt=\"\" width=\"150\" height=\"113\" class=\"alignleft size-thumbnail wp-image-33067\" srcset=\"https:\/\/www.feuerwehr-brilon.de\/wp-up\/2024\/12\/2409_JF_IMG_3736_live_HP-150x113.jpg 150w, https:\/\/www.feuerwehr-brilon.de\/wp-up\/2024\/12\/2409_JF_IMG_3736_live_HP-500x375.jpg 500w, https:\/\/www.feuerwehr-brilon.de\/wp-up\/2024\/12\/2409_JF_IMG_3736_live_HP.jpg 1000w\" sizes=\"auto, (max-width: 150px) 100vw, 150px\" \/><\/a><a rel=\"lightbox\" href=\"https:\/\/www.feuerwehr-brilon.de\/wp-up\/2024\/12\/2409_JF_IMG_3733_live_HP.jpg\"><img loading=\"lazy\" decoding=\"async\" src=\"https:\/\/www.feuerwehr-brilon.de\/wp-up\/2024\/12\/2409_JF_IMG_3733_live_HP-150x113.jpg\" alt=\"\" width=\"150\" height=\"113\" class=\"alignleft size-thumbnail wp-image-33068\" srcset=\"https:\/\/www.feuerwehr-brilon.de\/wp-up\/2024\/12\/2409_JF_IMG_3733_live_HP-150x113.jpg 150w, https:\/\/www.feuerwehr-brilon.de\/wp-up\/2024\/12\/2409_JF_IMG_3733_live_HP-500x375.jpg 500w, https:\/\/www.feuerwehr-brilon.de\/wp-up\/2024\/12\/2409_JF_IMG_3733_live_HP.jpg 1000w\" sizes=\"auto, (max-width: 150px) 100vw, 150px\" \/><\/a><\/p>\n","protected":false},"excerpt":{"rendered":"<p>Mit gro\u00dfer Begeisterung fand im September der Stadtjugendfeuerwehrtag der Feuerwehr Brilon am Gymnasium Petrinum in Brilon statt. Unter der Leitung von Stadtjugendfeuerwehrwart Holger Knackstedt wurde den jungen Teilnehmern ein abwechslungsreiches Programm geboten, das nicht nur den Teamgeist st\u00e4rkte, sondern auch den praktischen Lernerfolg sowie die Entdeckung zuk\u00fcnftiger F\u00fchrungskr\u00e4fte hervorhob.<\/p>\n","protected":false},"author":8,"featured_media":33068,"comment_status":"closed","ping_status":"closed","sticky":false,"template":"","format":"standard","meta":{"_exactmetrics_skip_tracking":false,"_exactmetrics_sitenote_active":false,"_exactmetrics_sitenote_note":"","_exactmetrics_sitenote_category":0,"jetpack_post_was_ever_published":false,"_jetpack_newsletter_access":"","_jetpack_dont_email_post_to_subs":false,"_jetpack_newsletter_tier_id":0,"_jetpack_memberships_contains_paywalled_content":false,"_jetpack_memberships_contains_paid_content":false,"footnotes":""},"categories":[359],"tags":[],"class_list":["post-33066","post","type-post","status-publish","format-standard","has-post-thumbnail","hentry","category-meldungen-2023-2"],"jetpack_featured_media_url":"https:\/\/www.feuerwehr-brilon.de\/wp-up\/2024\/12\/2409_JF_IMG_3733_live_HP.jpg","jetpack_shortlink":"https:\/\/wp.me\/pCIJa-8Bk","jetpack_sharing_enabled":true,"jetpack-related-posts":[{"id":33738,"url":"https:\/\/www.feuerwehr-brilon.de\/?p=33738","url_meta":{"origin":33066,"position":0},"title":"Stadtjugendfeuerwehrtag in Bontkirchen begeistert mit Teamgeist und spannenden Spielen","author":"Erwin Mungenast","date":"14. September 2025","format":false,"excerpt":"Jugendfeuerwehr. Der Stadtjugendfeuerwehrtag der Freiwilligen Feuerwehr Brilon fand in diesem Jahr am Samstag (13.09.2025) in Bontkirchen statt und lockte 41 Kinder und Jugendliche aus dem gesamten Stadtgebiet an. Insgesamt traten sieben Gruppen bei dem Wettbewerb an, darunter auch zwei Mannschaften aus dem Gastgeberort. Bei durchwachsenem Sp\u00e4tsommerwetter standen am Nachmittag acht\u2026","rel":"","context":"In &quot;Meldungen 2025&quot;","block_context":{"text":"Meldungen 2025","link":"https:\/\/www.feuerwehr-brilon.de\/?cat=366"},"img":{"alt_text":"","src":"https:\/\/i0.wp.com\/www.feuerwehr-brilon.de\/wp-up\/2025\/09\/IMG-20250913-WA0020_HP.jpg?resize=350%2C200&ssl=1","width":350,"height":200,"srcset":"https:\/\/i0.wp.com\/www.feuerwehr-brilon.de\/wp-up\/2025\/09\/IMG-20250913-WA0020_HP.jpg?resize=350%2C200&ssl=1 1x, https:\/\/i0.wp.com\/www.feuerwehr-brilon.de\/wp-up\/2025\/09\/IMG-20250913-WA0020_HP.jpg?resize=525%2C300&ssl=1 1.5x"},"classes":[]},{"id":21367,"url":"https:\/\/www.feuerwehr-brilon.de\/?p=21367","url_meta":{"origin":33066,"position":1},"title":"50 Jahre Jugendfeuerwehr L\u00f6schzug Brilon","author":"Marc Heines","date":"15. Juni 2019","format":false,"excerpt":"Im Mai feierte die Jugendfeuerwehr des L\u00f6schzug Brilon ihr 50 j\u00e4hriges Jubil\u00e4um. Nach Gru\u00dfworten vom stellvertretenden B\u00fcrgermeister Ludger B\u00f6ddeker, dem Leiter der Feuerwehr Wolfgang Hillebrand und dem stellvertretenden Kreisjugendfeuerwehrwart Patrick G\u00f6bel, stellte Stadtjugendfeuerwehrwart Holger Knackstedt in seiner Rede die Wichtigkeit der Nachwuchsf\u00f6rderung im Feuerwehrdienst dar. \u00dcber ein halbes Jahrhundert ist\u2026","rel":"","context":"In &quot;Meldungen 2019&quot;","block_context":{"text":"Meldungen 2019","link":"https:\/\/www.feuerwehr-brilon.de\/?cat=223"},"img":{"alt_text":"","src":"","width":0,"height":0},"classes":[]},{"id":829,"url":"https:\/\/www.feuerwehr-brilon.de\/?p=829","url_meta":{"origin":33066,"position":2},"title":"Stadtjugendfeuerwehrtag in Brilon","author":"Marc Heines","date":"9. Mai 2009","format":false,"excerpt":"Im Rahmen eines Stadtjugendfeuerwehrtages veranstaltete die Jugendfeuerwehr des L\u00f6schzuges Brilon zu ihrem 40j\u00e4hrigem Bestehen ein Spiel ohne Grenzen auf dem Marktplatz in Brilon. Stadtjugendfeuerwehrwart Stephan Becker konnte insgesamt 10 Jugendgruppen zum sportlichen Wettkampf begr\u00fc\u00dfen. Mit dabei waren neben den sieben Jugendfeuerwehren aus Brilon; Brilon, Alme, Madfeld, Messinghausen, Bontkirchen, Hoppecke, R\u00f6senbeck;\u2026","rel":"","context":"In &quot;Meldungen 2009&quot;","block_context":{"text":"Meldungen 2009","link":"https:\/\/www.feuerwehr-brilon.de\/?cat=11"},"img":{"alt_text":"","src":"https:\/\/i0.wp.com\/www.feuerwehr-brilon.de\/wp-up\/2009\/05\/stadtjftag004.jpg?resize=350%2C200&ssl=1","width":350,"height":200},"classes":[]},{"id":12609,"url":"https:\/\/www.feuerwehr-brilon.de\/?p=12609","url_meta":{"origin":33066,"position":3},"title":"&#8222;Spiele ohne Grenzen&#8220; beim Stadtjugendfeuerwehrtag","author":"Andreas Becker","date":"23. September 2015","format":false,"excerpt":"Bontkirchen. Schl\u00f6sser knacken, Leiterspiel, Kisten stapeln, Kisten laufen und Schlauchball. Das waren die Disziplinen denen sich die 49 M\u00e4dchen und Jungen der Jugendfeuerwehren beim \u201eSpiele ohne Grenzen\u201c stellen mussten. Am Abend wurde die Siegerehrung durchgef\u00fchrt. Dabei konnte Stadtjugendfeuerwehrwart Knackstedt der Gruppe aus Bontkirchen zum Sieg gratulieren. Den zweiten Platz belegte\u2026","rel":"","context":"In &quot;Meldungen 2015&quot;","block_context":{"text":"Meldungen 2015","link":"https:\/\/www.feuerwehr-brilon.de\/?cat=192"},"img":{"alt_text":"OLYMPUS DIGITAL CAMERA","src":"https:\/\/i0.wp.com\/www.feuerwehr-brilon.de\/wp-up\/2015\/09\/P9190076-150x112.jpg?resize=350%2C200","width":350,"height":200},"classes":[]},{"id":6815,"url":"https:\/\/www.feuerwehr-brilon.de\/?p=6815","url_meta":{"origin":33066,"position":4},"title":"Stadtjugendfeuerwehrtag und Jubil\u00e4um in Messinghausen","author":"Marc Heines","date":"20. Mai 2012","format":false,"excerpt":"Am Samstag, den 12.05. feierte die Jugendfeuerwehr Messinghausen ihr 40-j\u00e4hriges Jubil\u00e4um. Aus diesem Anlass fand auch der Stadtjugendfeuerwehrtag in der Ortsmitte statt. L\u00f6schgruppenf\u00fchrer Thomas Kemmerling konnte alle 6 Gruppen der Jugendfeuerwehr im Stadtgebiet sowie die Jugendfeuerwehren aus Beringhausen und Oesdorf und die Jugendgruppe des Briloner Tambourkorps begr\u00fc\u00dfen. Der stellv. Kreisjugendfeuerwehrwart\u2026","rel":"","context":"In &quot;Meldungen 2012&quot;","block_context":{"text":"Meldungen 2012","link":"https:\/\/www.feuerwehr-brilon.de\/?cat=172"},"img":{"alt_text":"","src":"https:\/\/i0.wp.com\/www.feuerwehr-brilon.de\/wp-up\/2012\/05\/stadtjugendfeuerwehrtag_0088-150x112.jpg?resize=350%2C200&ssl=1","width":350,"height":200},"classes":[]},{"id":33132,"url":"https:\/\/www.feuerwehr-brilon.de\/?p=33132","url_meta":{"origin":33066,"position":5},"title":"Generalversammlung der L\u00f6schgruppe Alme","author":"Andreas Becker","date":"19. Januar 2025","format":false,"excerpt":"Alme. Am Samstag, den 4. Januar, fand die Generalversammlung der L\u00f6schgruppe Alme statt. L\u00f6schgruppenf\u00fchrer Patrick Sewtz begr\u00fc\u00dfte neben den Kameraden der Einsatzabteilung, der Alters- und Ehrenabteilung und der Jugendfeuerwehr auch den Ordnungsamtsleiter Klaus Wrede, den Ortsvorsteher Frank Patzke, Mitglieder des Rates der Stadt Brilon sowie den Leiter der Feuerwehr Brilon,\u2026","rel":"","context":"In &quot;Meldungen 2025&quot;","block_context":{"text":"Meldungen 2025","link":"https:\/\/www.feuerwehr-brilon.de\/?cat=366"},"img":{"alt_text":"","src":"https:\/\/i0.wp.com\/www.feuerwehr-brilon.de\/wp-up\/2025\/01\/IMG_2025-01-19-221000.jpeg?resize=350%2C200&ssl=1","width":350,"height":200,"srcset":"https:\/\/i0.wp.com\/www.feuerwehr-brilon.de\/wp-up\/2025\/01\/IMG_2025-01-19-221000.jpeg?resize=350%2C200&ssl=1 1x, https:\/\/i0.wp.com\/www.feuerwehr-brilon.de\/wp-up\/2025\/01\/IMG_2025-01-19-221000.jpeg?resize=525%2C300&ssl=1 1.5x, https:\/\/i0.wp.com\/www.feuerwehr-brilon.de\/wp-up\/2025\/01\/IMG_2025-01-19-221000.jpeg?resize=700%2C400&ssl=1 2x"},"classes":[]}],"_links":{"self":[{"href":"https:\/\/www.feuerwehr-brilon.de\/index.php?rest_route=\/wp\/v2\/posts\/33066","targetHints":{"allow":["GET"]}}],"collection":[{"href":"https:\/\/www.feuerwehr-brilon.de\/index.php?rest_route=\/wp\/v2\/posts"}],"about":[{"href":"https:\/\/www.feuerwehr-brilon.de\/index.php?rest_route=\/wp\/v2\/types\/post"}],"author":[{"embeddable":true,"href":"https:\/\/www.feuerwehr-brilon.de\/index.php?rest_route=\/wp\/v2\/users\/8"}],"replies":[{"embeddable":true,"href":"https:\/\/www.feuerwehr-brilon.de\/index.php?rest_route=%2Fwp%2Fv2%2Fcomments&post=33066"}],"version-history":[{"count":1,"href":"https:\/\/www.feuerwehr-brilon.de\/index.php?rest_route=\/wp\/v2\/posts\/33066\/revisions"}],"predecessor-version":[{"id":33069,"href":"https:\/\/www.feuerwehr-brilon.de\/index.php?rest_route=\/wp\/v2\/posts\/33066\/revisions\/33069"}],"wp:featuredmedia":[{"embeddable":true,"href":"https:\/\/www.feuerwehr-brilon.de\/index.php?rest_route=\/wp\/v2\/media\/33068"}],"wp:attachment":[{"href":"https:\/\/www.feuerwehr-brilon.de\/index.php?rest_route=%2Fwp%2Fv2%2Fmedia&parent=33066"}],"wp:term":[{"taxonomy":"category","embeddable":true,"href":"https:\/\/www.feuerwehr-brilon.de\/index.php?rest_route=%2Fwp%2Fv2%2Fcategories&post=33066"},{"taxonomy":"post_tag","embeddable":true,"href":"https:\/\/www.feuerwehr-brilon.de\/index.php?rest_route=%2Fwp%2Fv2%2Ftags&post=33066"}],"curies":[{"name":"wp","href":"https:\/\/api.w.org\/{rel}","templated":true}]}}