{"id":34077,"date":"2025-12-08T09:30:17","date_gmt":"2025-12-08T07:30:17","guid":{"rendered":"https:\/\/www.feuerwehr-brilon.de\/?p=34077"},"modified":"2025-12-08T08:43:32","modified_gmt":"2025-12-08T07:43:32","slug":"verkehrsunfall-auf-der-b7-richtung-antfeld","status":"publish","type":"post","link":"https:\/\/www.feuerwehr-brilon.de\/?p=34077","title":{"rendered":"Verkehrsunfall auf der B7 Richtung Antfeld"},"content":{"rendered":"<p><a href=\"https:\/\/www.feuerwehr-brilon.de\/?p=34077\"><img loading=\"lazy\" decoding=\"async\" src=\"https:\/\/www.feuerwehr-brilon.de\/wp-up\/2025\/12\/IMG_5008_HP-150x84.jpg\" alt=\"\" width=\"150\" height=\"84\" class=\"alignleft size-thumbnail wp-image-34078\" srcset=\"https:\/\/www.feuerwehr-brilon.de\/wp-up\/2025\/12\/IMG_5008_HP-150x84.jpg 150w, https:\/\/www.feuerwehr-brilon.de\/wp-up\/2025\/12\/IMG_5008_HP-500x281.jpg 500w, https:\/\/www.feuerwehr-brilon.de\/wp-up\/2025\/12\/IMG_5008_HP.jpg 1000w\" sizes=\"auto, (max-width: 150px) 100vw, 150px\" \/><\/a><a title=\"Altenb\u00fcren\" href=\"http:\/\/www.feuerwehr-brilon.de\/?page_id=23\" target=\"_blank\">Altenb\u00fcren. <\/a>In der Nacht auf Montag (8.12.) kam es auf der B7 zwischen Antfeld und Altenb\u00fcren zu einem Unfall bei dem ein Autofahrer schwer verletzt wurde. Er hatte zuvor die Kontrolle \u00fcber sein Fahrzeug verloren, einen LKW tuschiert und war dann letztlich im Stra\u00dfengraben zum Stehen gekommen.  Laut der Alarmierung um 23.05 Uhr sollte eine Person im Fahrzeug eingeklemmt sein. <!--more--><\/p>\n<p>Dies best\u00e4tigte sich nicht. Die Einsatzkr\u00e4fte stellten den Brandschutz sicher, klemmten die Fahrzeugbatterie ab und streuten im Anschluss ausgelaufene Betriebsmittel ab.<\/p>\n<p>Der L\u00f6schzug Brilon konnte nach kurzer Zeit wieder einr\u00fccken. Die Einsatzkr\u00e4fte der L\u00f6schgruppe Altenb\u00fcren waren noch bis kurz vor Eins Uhr vor Ort.<\/p>\n<p>\u00dcber die H\u00f6he des Schadens liegen der Feuerwehr keine Angaben vor.<\/p>\n<p style=\"border-color: #696969; border-width: 2px; border-style: solid; padding: 4px;\"><strong>Eingesetzte Einheiten:<\/strong><br \/>\n<a href=\"http:\/\/www.feuerwehr-brilon.de\/?page_id=23\"><img loading=\"lazy\" decoding=\"async\" class=\"alignnone\" title=\"lg altenb\u00fcren\" src=\"http:\/\/www.feuerwehr-brilon.de\/images\/einsatz_details\/lg_altenbueren.jpg\" alt=\"\" width=\"110\" height=\"31\" \/><\/a><a href=\"http:\/\/www.feuerwehr-brilon.de\/?page_id=7\"><img loading=\"lazy\" decoding=\"async\" class=\"alignnone\" title=\"lz brilon\" src=\"http:\/\/www.feuerwehr-brilon.de\/images\/einsatz_details\/lz_brilon.jpg\" alt=\"\" width=\"110\" height=\"31\" \/><\/a><\/p>\n<p style=\"border-color: #696969; border-width: 2px; border-style: solid; padding: 4px;\"><strong>Eingesetzte Fahrzeuge:<\/strong><br \/>\n<a href=\"http:\/\/www.feuerwehr-brilon.de\/?page_id=816\"><img loading=\"lazy\" decoding=\"async\" class=\"alignnone\" title=\"StLF10\/6\" src=\"http:\/\/www.feuerwehr-brilon.de\/images\/einsatz_details\/054803.jpg\" alt=\"\" width=\"110\" height=\"31\" \/><\/a><a href=\"http:\/\/www.feuerwehr-brilon.de\/?page_id=749\"><img loading=\"lazy\" decoding=\"async\" class=\"alignnone\" src=\"http:\/\/www.feuerwehr-brilon.de\/images\/einsatz_details\/051101.jpg\" alt=\"\" width=\"110\" height=\"31\" \/><\/a><a href=\"http:\/\/www.feuerwehr-brilon.de\/?page_id=23597\"><img loading=\"lazy\" decoding=\"async\" class=\"alignnone\" src=\"http:\/\/www.feuerwehr-brilon.de\/images\/einsatz_details\/054401.jpg\" alt=\"\" width=\"110\" height=\"31\" \/><\/a><a href=\"http:\/\/www.feuerwehr-brilon.de\/?page_id=802\"><img loading=\"lazy\" decoding=\"async\" class=\"alignnone\" src=\"http:\/\/www.feuerwehr-brilon.de\/images\/einsatz_details\/054901.jpg\" alt=\"\" width=\"110\" height=\"31\" \/><\/a><\/p>\n<p><strong>Bilder:<\/strong><br \/>\n<a rel=\"lightbox\" href=\"https:\/\/www.feuerwehr-brilon.de\/wp-up\/2025\/12\/IMG_5008_HP.jpg\"><img loading=\"lazy\" decoding=\"async\" src=\"https:\/\/www.feuerwehr-brilon.de\/wp-up\/2025\/12\/IMG_5008_HP-150x84.jpg\" alt=\"\" width=\"150\" height=\"84\" class=\"alignleft size-thumbnail wp-image-34078\" srcset=\"https:\/\/www.feuerwehr-brilon.de\/wp-up\/2025\/12\/IMG_5008_HP-150x84.jpg 150w, https:\/\/www.feuerwehr-brilon.de\/wp-up\/2025\/12\/IMG_5008_HP-500x281.jpg 500w, https:\/\/www.feuerwehr-brilon.de\/wp-up\/2025\/12\/IMG_5008_HP.jpg 1000w\" sizes=\"auto, (max-width: 150px) 100vw, 150px\" \/><\/a><\/p>\n","protected":false},"excerpt":{"rendered":"<p>Altenb\u00fcren. In der Nacht auf Montag (8.12.) kam es auf der B7 zwischen Antfeld und Altenb\u00fcren zu einem Unfall bei dem ein Autofahrer schwer verletzt wurde. Er hatte zuvor die Kontrolle \u00fcber sein Fahrzeug verloren, einen LKW tuschiert und war dann letztlich im Stra\u00dfengraben zum Stehen gekommen. Laut der Alarmierung um 23.05 Uhr sollte eine [&hellip;]<\/p>\n","protected":false},"author":8,"featured_media":34078,"comment_status":"closed","ping_status":"closed","sticky":false,"template":"","format":"standard","meta":{"_exactmetrics_skip_tracking":false,"_exactmetrics_sitenote_active":false,"_exactmetrics_sitenote_note":"","_exactmetrics_sitenote_category":0,"jetpack_post_was_ever_published":false,"_jetpack_newsletter_access":"","_jetpack_dont_email_post_to_subs":false,"_jetpack_newsletter_tier_id":0,"_jetpack_memberships_contains_paywalled_content":false,"_jetpack_memberships_contains_paid_content":false,"footnotes":""},"categories":[367],"tags":[],"class_list":["post-34077","post","type-post","status-publish","format-standard","has-post-thumbnail","hentry","category-einsaetze-2025"],"jetpack_featured_media_url":"https:\/\/www.feuerwehr-brilon.de\/wp-up\/2025\/12\/IMG_5008_HP.jpg","jetpack_shortlink":"https:\/\/wp.me\/pCIJa-8RD","jetpack_sharing_enabled":true,"jetpack-related-posts":[{"id":15493,"url":"https:\/\/www.feuerwehr-brilon.de\/?p=15493","url_meta":{"origin":34077,"position":0},"title":"LKW auf der B 7 gesichert","author":"Marcus Bange","date":"30. November 2017","format":false,"excerpt":"Brilon. Die Feuerwehr Brilon hat am Donnerstagmittag einen Sattelzug auf der B 7 zwischen Altenb\u00fcren und Antfeld gesichert. Der mit Mischwaren beladene LKW war gegen 11.20 Uhr bei starkem Schneetreiben auf die Bankette geraten und abgerutscht. Er drohte eine B\u00f6schung hinab zu rutschen. Der Auflieger wurde von der Feuerwehr bis\u2026","rel":"","context":"In &quot;Eins\u00e4tze 2017&quot;","block_context":{"text":"Eins\u00e4tze 2017","link":"https:\/\/www.feuerwehr-brilon.de\/?cat=205"},"img":{"alt_text":"VU B 7 Antfeld 1","src":"https:\/\/i0.wp.com\/www.feuerwehr-brilon.de\/wp-up\/2017\/11\/VU-B-7-Antfeld-1-150x113.jpg?resize=350%2C200&ssl=1","width":350,"height":200},"classes":[]},{"id":6413,"url":"https:\/\/www.feuerwehr-brilon.de\/?p=6413","url_meta":{"origin":34077,"position":1},"title":"Verkehrsunfall auf der B 7","author":"Andreas Becker","date":"21. M\u00e4rz 2012","format":false,"excerpt":"Die Feuerwehr Brilon hat heute Morgen einen PKW-Fahrer nach einen schweren Verkehrsunfall aus seinem Fahrzeug befreit. Gegen 6.45 Uhr war der 40-j\u00e4hrige auf der B 7 zwischen Antfeld und Altenb\u00fcren frontal mit einem Kleintransporter zusammen gesto\u00dfen. Er wurde in seinem Fahrzeug eingeklemmt und musste mit der Rettungsschere aus dem Fahrzeugwrack\u2026","rel":"","context":"In &quot;Allgemein&quot;","block_context":{"text":"Allgemein","link":"https:\/\/www.feuerwehr-brilon.de\/?cat=1"},"img":{"alt_text":"","src":"https:\/\/i0.wp.com\/www.feuerwehr-brilon.de\/wp-up\/2012\/03\/VU_B_7_Altenb%C3%BCren_10_neu-150x112.jpg?resize=350%2C200","width":350,"height":200},"classes":[]},{"id":30468,"url":"https:\/\/www.feuerwehr-brilon.de\/?p=30468","url_meta":{"origin":34077,"position":2},"title":"Verkehrsunfall auf der K 59 bei Scharfenberg","author":"Marcus Bange","date":"7. Dezember 2022","format":false,"excerpt":"Scharfenberg. Auf der Kreisstra\u00dfe 59 zwischen Brilon und Scharfenberg ereignete sich am Mittwochmorgen (07.12.2022) gegen 11.00 Uhr ein t\u00f6dlicher Verkehrsunfall. Dort war ein PKW Fahrer in einer leichten Linkskurve mit seinem Fahrzeug von der Fahrbahn abgekommen. Das Auto schleuderte dabei offensichtlich \u00fcber eine Leitplanke eine B\u00f6schung hinab und prallte mit\u2026","rel":"","context":"In &quot;Eins\u00e4tze 2022&quot;","block_context":{"text":"Eins\u00e4tze 2022","link":"https:\/\/www.feuerwehr-brilon.de\/?cat=288"},"img":{"alt_text":"","src":"https:\/\/i0.wp.com\/www.feuerwehr-brilon.de\/wp-up\/2022\/12\/VU-K-59-1.jpg?resize=350%2C200&ssl=1","width":350,"height":200,"srcset":"https:\/\/i0.wp.com\/www.feuerwehr-brilon.de\/wp-up\/2022\/12\/VU-K-59-1.jpg?resize=350%2C200&ssl=1 1x, https:\/\/i0.wp.com\/www.feuerwehr-brilon.de\/wp-up\/2022\/12\/VU-K-59-1.jpg?resize=525%2C300&ssl=1 1.5x, https:\/\/i0.wp.com\/www.feuerwehr-brilon.de\/wp-up\/2022\/12\/VU-K-59-1.jpg?resize=700%2C400&ssl=1 2x"},"classes":[]},{"id":31314,"url":"https:\/\/www.feuerwehr-brilon.de\/?p=31314","url_meta":{"origin":34077,"position":3},"title":"Verkehrsunf\u00e4lle in Brilon \u2013 Feuerwehr Brilon im Einsatz","author":"Marcus Bange","date":"23. Juni 2023","format":false,"excerpt":"Altenb\u00fcren\/Brilon. Ein PKW-Fahrer aus Brilon ist bei einem Verkehrsunfall in Altenb\u00fcren am Donnerstagmorgen (22.06.2023) schwer verletzt worden. Der 24-j\u00e4hrige Fahrer kam mit seinem Wagen am Briloner Tor in H\u00f6he der Verkehrsinsel am Ortseingang soweit auf die Gegenfahrbahn, dass sein Fahrzeug mit einem entgegenkommenden LKW kollidierte. Der 57-j\u00e4hrige LKW-Fahrer aus Bestwig\u2026","rel":"","context":"In &quot;Eins\u00e4tze 2023&quot;","block_context":{"text":"Eins\u00e4tze 2023","link":"https:\/\/www.feuerwehr-brilon.de\/?cat=335"},"img":{"alt_text":"","src":"https:\/\/i0.wp.com\/www.feuerwehr-brilon.de\/wp-up\/2023\/06\/VU-Briloner-Tor-1.jpg?resize=350%2C200&ssl=1","width":350,"height":200,"srcset":"https:\/\/i0.wp.com\/www.feuerwehr-brilon.de\/wp-up\/2023\/06\/VU-Briloner-Tor-1.jpg?resize=350%2C200&ssl=1 1x, https:\/\/i0.wp.com\/www.feuerwehr-brilon.de\/wp-up\/2023\/06\/VU-Briloner-Tor-1.jpg?resize=525%2C300&ssl=1 1.5x, https:\/\/i0.wp.com\/www.feuerwehr-brilon.de\/wp-up\/2023\/06\/VU-Briloner-Tor-1.jpg?resize=700%2C400&ssl=1 2x"},"classes":[]},{"id":23016,"url":"https:\/\/www.feuerwehr-brilon.de\/?p=23016","url_meta":{"origin":34077,"position":4},"title":"Brand eines Harvesters bei Esshoff","author":"Marcus Bange","date":"21. Dezember 2020","format":false,"excerpt":"Esshoff. Am Montagnachmittag geriet gegen 15.30 Uhr in einem Waldst\u00fcck zwischen Altenb\u00fcren und Esshoff ein Harvester bei Holzerntearbeiten in Brand. Das Fahrzeug brannte bei Eintreffen der Feuerwehr in voller Ausdehnung, der Maschinenf\u00fchrer hatte den Harvester bereits verlassen. Zun\u00e4chst musste eine rund 200 m lange Schlauchleitung im unwegsamen Gel\u00e4nde bis zur\u2026","rel":"","context":"In &quot;Allgemein&quot;","block_context":{"text":"Allgemein","link":"https:\/\/www.feuerwehr-brilon.de\/?cat=1"},"img":{"alt_text":"","src":"https:\/\/i0.wp.com\/www.feuerwehr-brilon.de\/wp-up\/2020\/12\/Brand-Harvester-Esshoff-1.jpg?resize=350%2C200&ssl=1","width":350,"height":200,"srcset":"https:\/\/i0.wp.com\/www.feuerwehr-brilon.de\/wp-up\/2020\/12\/Brand-Harvester-Esshoff-1.jpg?resize=350%2C200&ssl=1 1x, https:\/\/i0.wp.com\/www.feuerwehr-brilon.de\/wp-up\/2020\/12\/Brand-Harvester-Esshoff-1.jpg?resize=525%2C300&ssl=1 1.5x, https:\/\/i0.wp.com\/www.feuerwehr-brilon.de\/wp-up\/2020\/12\/Brand-Harvester-Esshoff-1.jpg?resize=700%2C400&ssl=1 2x"},"classes":[]},{"id":31675,"url":"https:\/\/www.feuerwehr-brilon.de\/?p=31675","url_meta":{"origin":34077,"position":5},"title":"Zwei Eins\u00e4tze f\u00fcr die Feuerwehr Brilon an Allerheiligen","author":"Andreas Becker","date":"1. November 2023","format":false,"excerpt":"Stadtgebiet. Zweimal musste die Feuerwehr Brilon an Allerheiligen ausr\u00fccken. Gegen 4 Uhr am fr\u00fchen Morgen wurden die L\u00f6schgruppe Altenb\u00fcren und der L\u00f6schzug Brilon zu einem PKW-Brand auf der Antfelder Stra\u00dfe in Altenb\u00fcren alarmiert. Auf regennasser Fahrbahn war das Fahrzeug ins Schleudern geraten und gegen einen in unmittelbarer N\u00e4he zu einem\u2026","rel":"","context":"In &quot;Eins\u00e4tze 2023&quot;","block_context":{"text":"Eins\u00e4tze 2023","link":"https:\/\/www.feuerwehr-brilon.de\/?cat=335"},"img":{"alt_text":"","src":"https:\/\/i0.wp.com\/www.feuerwehr-brilon.de\/wp-up\/2023\/11\/231101_PKW-01_fb.jpg?resize=350%2C200&ssl=1","width":350,"height":200,"srcset":"https:\/\/i0.wp.com\/www.feuerwehr-brilon.de\/wp-up\/2023\/11\/231101_PKW-01_fb.jpg?resize=350%2C200&ssl=1 1x, https:\/\/i0.wp.com\/www.feuerwehr-brilon.de\/wp-up\/2023\/11\/231101_PKW-01_fb.jpg?resize=525%2C300&ssl=1 1.5x, https:\/\/i0.wp.com\/www.feuerwehr-brilon.de\/wp-up\/2023\/11\/231101_PKW-01_fb.jpg?resize=700%2C400&ssl=1 2x, https:\/\/i0.wp.com\/www.feuerwehr-brilon.de\/wp-up\/2023\/11\/231101_PKW-01_fb.jpg?resize=1050%2C600&ssl=1 3x"},"classes":[]}],"_links":{"self":[{"href":"https:\/\/www.feuerwehr-brilon.de\/index.php?rest_route=\/wp\/v2\/posts\/34077","targetHints":{"allow":["GET"]}}],"collection":[{"href":"https:\/\/www.feuerwehr-brilon.de\/index.php?rest_route=\/wp\/v2\/posts"}],"about":[{"href":"https:\/\/www.feuerwehr-brilon.de\/index.php?rest_route=\/wp\/v2\/types\/post"}],"author":[{"embeddable":true,"href":"https:\/\/www.feuerwehr-brilon.de\/index.php?rest_route=\/wp\/v2\/users\/8"}],"replies":[{"embeddable":true,"href":"https:\/\/www.feuerwehr-brilon.de\/index.php?rest_route=%2Fwp%2Fv2%2Fcomments&post=34077"}],"version-history":[{"count":3,"href":"https:\/\/www.feuerwehr-brilon.de\/index.php?rest_route=\/wp\/v2\/posts\/34077\/revisions"}],"predecessor-version":[{"id":34082,"href":"https:\/\/www.feuerwehr-brilon.de\/index.php?rest_route=\/wp\/v2\/posts\/34077\/revisions\/34082"}],"wp:featuredmedia":[{"embeddable":true,"href":"https:\/\/www.feuerwehr-brilon.de\/index.php?rest_route=\/wp\/v2\/media\/34078"}],"wp:attachment":[{"href":"https:\/\/www.feuerwehr-brilon.de\/index.php?rest_route=%2Fwp%2Fv2%2Fmedia&parent=34077"}],"wp:term":[{"taxonomy":"category","embeddable":true,"href":"https:\/\/www.feuerwehr-brilon.de\/index.php?rest_route=%2Fwp%2Fv2%2Fcategories&post=34077"},{"taxonomy":"post_tag","embeddable":true,"href":"https:\/\/www.feuerwehr-brilon.de\/index.php?rest_route=%2Fwp%2Fv2%2Ftags&post=34077"}],"curies":[{"name":"wp","href":"https:\/\/api.w.org\/{rel}","templated":true}]}}