{"id":34472,"date":"2026-03-08T11:19:51","date_gmt":"2026-03-08T10:19:51","guid":{"rendered":"https:\/\/www.feuerwehr-brilon.de\/?p=34472"},"modified":"2026-03-08T11:19:51","modified_gmt":"2026-03-08T10:19:51","slug":"einsatz-1374","status":"publish","type":"post","link":"https:\/\/www.feuerwehr-brilon.de\/?p=34472","title":{"rendered":"+++ Einsatz +++"},"content":{"rendered":"<p>08.03. 03:06Uhr, Hilfeleistung, H0 DLK\/Sonstige, Madfeld, Stemmelstr., Tragehilfe<\/p>\n","protected":false},"excerpt":{"rendered":"<p>08.03. 03:06Uhr, Hilfeleistung, H0 DLK\/Sonstige, Madfeld, Stemmelstr., Tragehilfe<\/p>\n","protected":false},"author":66,"featured_media":0,"comment_status":"closed","ping_status":"closed","sticky":false,"template":"","format":"standard","meta":{"_exactmetrics_skip_tracking":false,"_exactmetrics_sitenote_active":false,"_exactmetrics_sitenote_note":"","_exactmetrics_sitenote_category":0,"jetpack_post_was_ever_published":false,"_jetpack_newsletter_access":"","_jetpack_dont_email_post_to_subs":false,"_jetpack_newsletter_tier_id":0,"_jetpack_memberships_contains_paywalled_content":false,"_jetpack_memberships_contains_paid_content":false,"footnotes":""},"categories":[102],"tags":[],"class_list":["post-34472","post","type-post","status-publish","format-standard","hentry","category-alarmierungen"],"jetpack_featured_media_url":"","jetpack_shortlink":"https:\/\/wp.me\/pCIJa-8Y0","jetpack_sharing_enabled":true,"jetpack-related-posts":[{"id":24079,"url":"https:\/\/www.feuerwehr-brilon.de\/?p=24079","url_meta":{"origin":34472,"position":0},"title":"+++ Einsatz +++","author":"Andreas Becker","date":"17. Januar 2022","format":false,"excerpt":"17.01. 18:06Uhr, Hilfeleistung, H0, Bontkirchen, Niederstra\u00dfe, Tragehilfe","rel":"","context":"In &quot;Alarmierungen&quot;","block_context":{"text":"Alarmierungen","link":"https:\/\/www.feuerwehr-brilon.de\/?cat=102"},"img":{"alt_text":"","src":"","width":0,"height":0},"classes":[]},{"id":34184,"url":"https:\/\/www.feuerwehr-brilon.de\/?p=34184","url_meta":{"origin":34472,"position":1},"title":"+++ Einsatz +++","author":"Dominik Becker","date":"24. Dezember 2025","format":false,"excerpt":"24.12. 10:06Uhr, Hilfeleistung, H0 T\u00fcr, Madfeld, Holzweg, T\u00fcr\u00f6ffnung","rel":"","context":"In &quot;Alarmierungen&quot;","block_context":{"text":"Alarmierungen","link":"https:\/\/www.feuerwehr-brilon.de\/?cat=102"},"img":{"alt_text":"","src":"","width":0,"height":0},"classes":[]},{"id":21930,"url":"https:\/\/www.feuerwehr-brilon.de\/?p=21930","url_meta":{"origin":34472,"position":2},"title":"+++ Einsatz +++","author":"Andreas Becker","date":"8. Dezember 2019","format":false,"excerpt":"08.12. 16:17Uhr, Hilfeleistung, H0 Tragehilfe, Brilon, Alexanderstr\u00dfe, Unterst\u00fctzung RD mit DLK","rel":"","context":"In &quot;Alarmierungen&quot;","block_context":{"text":"Alarmierungen","link":"https:\/\/www.feuerwehr-brilon.de\/?cat=102"},"img":{"alt_text":"","src":"https:\/\/i0.wp.com\/www.feuerwehr-brilon.de\/wp-up\/2019\/12\/ezy-watermark_08-12-2019_06-36-56pm.jpg?resize=350%2C200&ssl=1","width":350,"height":200,"srcset":"https:\/\/i0.wp.com\/www.feuerwehr-brilon.de\/wp-up\/2019\/12\/ezy-watermark_08-12-2019_06-36-56pm.jpg?resize=350%2C200&ssl=1 1x, https:\/\/i0.wp.com\/www.feuerwehr-brilon.de\/wp-up\/2019\/12\/ezy-watermark_08-12-2019_06-36-56pm.jpg?resize=525%2C300&ssl=1 1.5x, https:\/\/i0.wp.com\/www.feuerwehr-brilon.de\/wp-up\/2019\/12\/ezy-watermark_08-12-2019_06-36-56pm.jpg?resize=700%2C400&ssl=1 2x"},"classes":[]},{"id":32979,"url":"https:\/\/www.feuerwehr-brilon.de\/?p=32979","url_meta":{"origin":34472,"position":3},"title":"+++ Einsatz +++","author":"Andreas Becker","date":"14. November 2024","format":false,"excerpt":"14.11. 18:40Uhr, Hilfeleistung, H0 Trageh, Madfeld, Margarethenstr., Tragehilfe","rel":"","context":"In &quot;Alarmierungen&quot;","block_context":{"text":"Alarmierungen","link":"https:\/\/www.feuerwehr-brilon.de\/?cat=102"},"img":{"alt_text":"","src":"","width":0,"height":0},"classes":[]},{"id":23812,"url":"https:\/\/www.feuerwehr-brilon.de\/?p=23812","url_meta":{"origin":34472,"position":4},"title":"+++ Einsatz +++","author":"Andreas Becker","date":"3. Oktober 2021","format":false,"excerpt":"02.10. 00:14Uhr, Hilfeleistung, H0 Trageh, Madfeld, Wilhelmstra\u00dfe, Tragehilfe","rel":"","context":"In &quot;Alarmierungen&quot;","block_context":{"text":"Alarmierungen","link":"https:\/\/www.feuerwehr-brilon.de\/?cat=102"},"img":{"alt_text":"","src":"","width":0,"height":0},"classes":[]},{"id":33456,"url":"https:\/\/www.feuerwehr-brilon.de\/?p=33456","url_meta":{"origin":34472,"position":5},"title":"+++ Einsatz +++","author":"Andreas Becker","date":"15. Mai 2025","format":false,"excerpt":"15.05. 18:06Uhr, Hilfeleistung, H0 Sonstige, Alme, B 480, Stra\u00dfenverunreinigung","rel":"","context":"In &quot;Alarmierungen&quot;","block_context":{"text":"Alarmierungen","link":"https:\/\/www.feuerwehr-brilon.de\/?cat=102"},"img":{"alt_text":"","src":"","width":0,"height":0},"classes":[]}],"_links":{"self":[{"href":"https:\/\/www.feuerwehr-brilon.de\/index.php?rest_route=\/wp\/v2\/posts\/34472","targetHints":{"allow":["GET"]}}],"collection":[{"href":"https:\/\/www.feuerwehr-brilon.de\/index.php?rest_route=\/wp\/v2\/posts"}],"about":[{"href":"https:\/\/www.feuerwehr-brilon.de\/index.php?rest_route=\/wp\/v2\/types\/post"}],"author":[{"embeddable":true,"href":"https:\/\/www.feuerwehr-brilon.de\/index.php?rest_route=\/wp\/v2\/users\/66"}],"replies":[{"embeddable":true,"href":"https:\/\/www.feuerwehr-brilon.de\/index.php?rest_route=%2Fwp%2Fv2%2Fcomments&post=34472"}],"version-history":[{"count":1,"href":"https:\/\/www.feuerwehr-brilon.de\/index.php?rest_route=\/wp\/v2\/posts\/34472\/revisions"}],"predecessor-version":[{"id":34475,"href":"https:\/\/www.feuerwehr-brilon.de\/index.php?rest_route=\/wp\/v2\/posts\/34472\/revisions\/34475"}],"wp:attachment":[{"href":"https:\/\/www.feuerwehr-brilon.de\/index.php?rest_route=%2Fwp%2Fv2%2Fmedia&parent=34472"}],"wp:term":[{"taxonomy":"category","embeddable":true,"href":"https:\/\/www.feuerwehr-brilon.de\/index.php?rest_route=%2Fwp%2Fv2%2Fcategories&post=34472"},{"taxonomy":"post_tag","embeddable":true,"href":"https:\/\/www.feuerwehr-brilon.de\/index.php?rest_route=%2Fwp%2Fv2%2Ftags&post=34472"}],"curies":[{"name":"wp","href":"https:\/\/api.w.org\/{rel}","templated":true}]}}