{"id":34476,"date":"2026-03-17T08:56:43","date_gmt":"2026-03-17T07:56:43","guid":{"rendered":"https:\/\/www.feuerwehr-brilon.de\/?p=34476"},"modified":"2026-03-17T08:56:43","modified_gmt":"2026-03-17T07:56:43","slug":"jugendflamme-1-erfolgreich-in-hoppecke-abgenommen","status":"publish","type":"post","link":"https:\/\/www.feuerwehr-brilon.de\/?p=34476","title":{"rendered":"Jugendflamme 1 erfolgreich in Hoppecke abgenommen"},"content":{"rendered":"<p><a href=\"https:\/\/www.feuerwehr-brilon.de\/wp-up\/2026\/03\/JFW-1.jpg\"><img loading=\"lazy\" decoding=\"async\" src=\"https:\/\/www.feuerwehr-brilon.de\/wp-up\/2026\/03\/JFW-1-150x84.jpg\" alt=\"\" width=\"150\" height=\"84\" class=\"alignleft size-thumbnail wp-image-34479\" srcset=\"https:\/\/www.feuerwehr-brilon.de\/wp-up\/2026\/03\/JFW-1-150x84.jpg 150w, https:\/\/www.feuerwehr-brilon.de\/wp-up\/2026\/03\/JFW-1-500x282.jpg 500w, https:\/\/www.feuerwehr-brilon.de\/wp-up\/2026\/03\/JFW-1.jpg 1000w\" sizes=\"auto, (max-width: 150px) 100vw, 150px\" \/><\/a><a title=\"Hoppecke\" href=\"http:\/\/www.feuerwehr-brilon.de\/?page_id=8\" target=\"_blank\" rel=\"noopener\">Hoppecke.<\/a> Am Samstag, (07.03.), fand in Hoppecke die Abnahme der Jugendflamme Stufe 1 der Jugendfeuerwehren der Freiwillige Feuerwehr Brilon statt. Organisiert wurde die Veranstaltung in diesem Jahr von der L\u00f6schgruppe Hoppecke.<!--more--><\/p>\n<p>Insgesamt nahmen 26 Jungen und M\u00e4dchen aus den Jugendfeuerwehren der L\u00f6schgruppen Alme, Bontkirchen, Hoppecke, Messinghausen und R\u00f6senbeck sowie aus dem L\u00f6schzug Brilon an der Pr\u00fcfung teil. Betreut wurden sie von 16 aktiven Feuerwehrangeh\u00f6rigen aus dem Stadtgebiet, die die einzelnen Stationen vorbereiteten und die Pr\u00fcfungen abnahmen.<\/p>\n<p>Im Rahmen der Jugendflamme Stufe 1 mussten die Nachwuchsfeuerwehrleute verschiedene grundlegende F\u00e4higkeiten aus der Feuerwehrarbeit unter Beweis stellen. Dazu geh\u00f6rten unter anderem das sichere Anfertigen von Knoten und Stichen, das korrekte Absetzen eines Notrufs sowie praktische \u00dcbungen mit Feuerwehrschl\u00e4uchen, bei denen diese ausgerollt und anschlie\u00dfend wieder ordentlich aufgerollt werden mussten. Au\u00dferdem erkl\u00e4rten die Jugendlichen die Bedeutung eines Hydrantenschildes, die Funktion von Verteiler und Strahlrohr und zeigten ihr Wissen \u00fcber unterschiedliche Schlauchl\u00e4ngen. Erg\u00e4nzt wurden die Aufgaben durch Grundlagen der Ersten Hilfe.<\/p>\n<p>Alle Teilnehmerinnen und Teilnehmer meisterten die gestellten Aufgaben erfolgreich. W\u00e4hrend der gesamten Veranstaltung standen vor allem Teamgeist, Kameradschaft und Zusammenhalt im Mittelpunkt. Werte, die von allen beteiligten Jugendfeuerwehren vorbildlich gelebt wurden.<br \/>\nZum Abschluss des erfolgreichen Tages kamen alle Beteiligten noch einmal in gem\u00fctlicher Runde zusammen und lie\u00dfen den Tag bei einem gemeinsamen Grillen ausklingen.<\/p>\n<p>Die Jugendfeuerwehr der Freiwillige Feuerwehr Brilon freut sich jederzeit \u00fcber neue Mitglieder. Kinder und Jugendliche ab ca. 10 Jahren sind herzlich eingeladen, einmal bei einer \u00dcbung der Jugendfeuerwehr vorbeizuschauen und hineinzuschnuppern. Wer Interesse hat, kann sich gerne per E-Mail bei dem jeweiligen Jugendfeuerwehrwart der L\u00f6schgruppen melden \u2013 der Kontakt wird dann hergestellt.<\/p>\n<p><strong>Bilder:<\/strong><br \/>\n<a href=\"https:\/\/www.feuerwehr-brilon.de\/wp-up\/2026\/03\/JFW-1.jpg\" rel=\"lightbox\"><img loading=\"lazy\" decoding=\"async\" class=\"alignleft size-thumbnail wp-image-34479\" src=\"https:\/\/www.feuerwehr-brilon.de\/wp-up\/2026\/03\/JFW-1-150x84.jpg\" alt=\"\" width=\"150\" height=\"84\" srcset=\"https:\/\/www.feuerwehr-brilon.de\/wp-up\/2026\/03\/JFW-1-150x84.jpg 150w, https:\/\/www.feuerwehr-brilon.de\/wp-up\/2026\/03\/JFW-1-500x282.jpg 500w, https:\/\/www.feuerwehr-brilon.de\/wp-up\/2026\/03\/JFW-1.jpg 1000w\" sizes=\"auto, (max-width: 150px) 100vw, 150px\" \/><\/a><a href=\"https:\/\/www.feuerwehr-brilon.de\/wp-up\/2026\/03\/JFW-2.jpg\" rel=\"lightbox\"><img loading=\"lazy\" decoding=\"async\" class=\"alignleft size-thumbnail wp-image-34480\" src=\"https:\/\/www.feuerwehr-brilon.de\/wp-up\/2026\/03\/JFW-2-150x84.jpg\" alt=\"\" width=\"150\" height=\"84\" srcset=\"https:\/\/www.feuerwehr-brilon.de\/wp-up\/2026\/03\/JFW-2-150x84.jpg 150w, https:\/\/www.feuerwehr-brilon.de\/wp-up\/2026\/03\/JFW-2-500x282.jpg 500w, https:\/\/www.feuerwehr-brilon.de\/wp-up\/2026\/03\/JFW-2.jpg 1000w\" sizes=\"auto, (max-width: 150px) 100vw, 150px\" \/><\/a><a href=\"https:\/\/www.feuerwehr-brilon.de\/wp-up\/2026\/03\/JFW-3.jpg\" rel=\"lightbox\"><img loading=\"lazy\" decoding=\"async\" class=\"alignleft size-thumbnail wp-image-34481\" src=\"https:\/\/www.feuerwehr-brilon.de\/wp-up\/2026\/03\/JFW-3-150x84.jpg\" alt=\"\" width=\"150\" height=\"84\" srcset=\"https:\/\/www.feuerwehr-brilon.de\/wp-up\/2026\/03\/JFW-3-150x84.jpg 150w, https:\/\/www.feuerwehr-brilon.de\/wp-up\/2026\/03\/JFW-3-500x282.jpg 500w, https:\/\/www.feuerwehr-brilon.de\/wp-up\/2026\/03\/JFW-3.jpg 1000w\" sizes=\"auto, (max-width: 150px) 100vw, 150px\" \/><\/a><a href=\"https:\/\/www.feuerwehr-brilon.de\/wp-up\/2026\/03\/JFW-4.jpg\" rel=\"lightbox\"><img loading=\"lazy\" decoding=\"async\" class=\"alignleft size-thumbnail wp-image-34482\" src=\"https:\/\/www.feuerwehr-brilon.de\/wp-up\/2026\/03\/JFW-4-150x84.jpg\" alt=\"\" width=\"150\" height=\"84\" srcset=\"https:\/\/www.feuerwehr-brilon.de\/wp-up\/2026\/03\/JFW-4-150x84.jpg 150w, https:\/\/www.feuerwehr-brilon.de\/wp-up\/2026\/03\/JFW-4-500x282.jpg 500w, https:\/\/www.feuerwehr-brilon.de\/wp-up\/2026\/03\/JFW-4.jpg 1000w\" sizes=\"auto, (max-width: 150px) 100vw, 150px\" \/><\/a><\/p>\n","protected":false},"excerpt":{"rendered":"<p>Hoppecke. Am Samstag, (07.03.), fand in Hoppecke die Abnahme der Jugendflamme Stufe 1 der Jugendfeuerwehren der Freiwillige Feuerwehr Brilon statt. Organisiert wurde die Veranstaltung in diesem Jahr von der L\u00f6schgruppe Hoppecke.<\/p>\n","protected":false},"author":66,"featured_media":34479,"comment_status":"closed","ping_status":"closed","sticky":false,"template":"","format":"standard","meta":{"_exactmetrics_skip_tracking":false,"_exactmetrics_sitenote_active":false,"_exactmetrics_sitenote_note":"","_exactmetrics_sitenote_category":0,"jetpack_post_was_ever_published":false,"_jetpack_newsletter_access":"","_jetpack_dont_email_post_to_subs":false,"_jetpack_newsletter_tier_id":0,"_jetpack_memberships_contains_paywalled_content":false,"_jetpack_memberships_contains_paid_content":false,"footnotes":""},"categories":[368],"tags":[40,37,46,58,371,47,56],"class_list":["post-34476","post","type-post","status-publish","format-standard","has-post-thumbnail","hentry","category-meldungen-2026","tag-alme","tag-brilon","tag-hoppecke","tag-jugendfeuerwehr","tag-jugendflamme","tag-messinghausen","tag-rosenbeck"],"jetpack_featured_media_url":"https:\/\/www.feuerwehr-brilon.de\/wp-up\/2026\/03\/JFW-1.jpg","jetpack_shortlink":"https:\/\/wp.me\/pCIJa-8Y4","jetpack_sharing_enabled":true,"jetpack-related-posts":[{"id":15990,"url":"https:\/\/www.feuerwehr-brilon.de\/?p=15990","url_meta":{"origin":34476,"position":0},"title":"Feuerwehrnachwuchs zeigt sein K\u00f6nnen beim Jubil\u00e4um","author":"Andreas Becker","date":"21. Mai 2018","format":false,"excerpt":"Jugendfeuerwehr. Am Samstag, den 21.04., fand im Rahmen des 15 j\u00e4hrigen Bestehens der Jugendfeuerwehr Alme auch die Abnahme der Jugendflamme Stufe 1 statt. Diese erste Kenntnispr\u00fcfung in der Ausbildung des Feuerwehrnachwuchses, sowohl in Theorie als auch Praxis, wurde von allen M\u00e4dchen und Jungen der Jugendfeuerwehren aus Alme, Bontkirchen, Brilon, Hoppecke,\u2026","rel":"","context":"In &quot;Meldungen 2018&quot;","block_context":{"text":"Meldungen 2018","link":"https:\/\/www.feuerwehr-brilon.de\/?cat=209"},"img":{"alt_text":"","src":"https:\/\/i0.wp.com\/www.feuerwehr-brilon.de\/wp-up\/2018\/05\/IMG_0706-1.jpg?resize=350%2C200&ssl=1","width":350,"height":200,"srcset":"https:\/\/i0.wp.com\/www.feuerwehr-brilon.de\/wp-up\/2018\/05\/IMG_0706-1.jpg?resize=350%2C200&ssl=1 1x, https:\/\/i0.wp.com\/www.feuerwehr-brilon.de\/wp-up\/2018\/05\/IMG_0706-1.jpg?resize=525%2C300&ssl=1 1.5x, https:\/\/i0.wp.com\/www.feuerwehr-brilon.de\/wp-up\/2018\/05\/IMG_0706-1.jpg?resize=700%2C400&ssl=1 2x"},"classes":[]},{"id":21839,"url":"https:\/\/www.feuerwehr-brilon.de\/?p=21839","url_meta":{"origin":34476,"position":1},"title":"Jugendflamme 2 erfolgreich absolviert","author":"Andreas Becker","date":"3. November 2019","format":false,"excerpt":"Stadtgebiet. Am Samstag, den 12.10.2019 haben insgesamt 28 Jugendliche aus Brilon mit der Abnahme der Jugendflamme Stufe 2 in Meschede erfolgreich bewiesen, dass nicht nur feuerwehrtechnisches Wissen, sondern auch sportliche Leistungsf\u00e4higkeit vorhanden ist. In einzelnen Disziplinen wie Fahrzeug- und Ger\u00e4tekunde, praktische Grundlagen der Wasserentnahme, Fahrzeug- und Einsatzstellenabsicherung sowie einem sportlichen\u2026","rel":"","context":"In &quot;Meldungen 2019&quot;","block_context":{"text":"Meldungen 2019","link":"https:\/\/www.feuerwehr-brilon.de\/?cat=223"},"img":{"alt_text":"","src":"https:\/\/i0.wp.com\/www.feuerwehr-brilon.de\/wp-up\/2019\/11\/Jugendflamme-2-121019-1.jpg?resize=350%2C200&ssl=1","width":350,"height":200,"srcset":"https:\/\/i0.wp.com\/www.feuerwehr-brilon.de\/wp-up\/2019\/11\/Jugendflamme-2-121019-1.jpg?resize=350%2C200&ssl=1 1x, https:\/\/i0.wp.com\/www.feuerwehr-brilon.de\/wp-up\/2019\/11\/Jugendflamme-2-121019-1.jpg?resize=525%2C300&ssl=1 1.5x, https:\/\/i0.wp.com\/www.feuerwehr-brilon.de\/wp-up\/2019\/11\/Jugendflamme-2-121019-1.jpg?resize=700%2C400&ssl=1 2x"},"classes":[]},{"id":32552,"url":"https:\/\/www.feuerwehr-brilon.de\/?p=32552","url_meta":{"origin":34476,"position":2},"title":"Jugendfeuerwehr stellt sich der Jugendflamme","author":"Andreas Becker","date":"9. Juli 2024","format":false,"excerpt":"Stadtgebiet. 24 Jugendliche nahmen an der kreisweiten Abnahme der Jugendflamme Ende Mai in Siedlinghausen teil. Die Jugendflamme ist ein drei stufiger Wissensbeweis im theoretischen und praktischen Feuerwehrwissen, in dem neben den Grundlagen in der Stufe 2 auch weitergehendes Wissen in der Stufe 3 abgepr\u00fcft wird. Geht es um Fahrzeug- und\u2026","rel":"","context":"In &quot;Meldungen 2024&quot;","block_context":{"text":"Meldungen 2024","link":"https:\/\/www.feuerwehr-brilon.de\/?cat=359"},"img":{"alt_text":"","src":"https:\/\/i0.wp.com\/www.feuerwehr-brilon.de\/wp-up\/2024\/07\/JF_Jugendflamme_2024_FB.jpg?resize=350%2C200&ssl=1","width":350,"height":200,"srcset":"https:\/\/i0.wp.com\/www.feuerwehr-brilon.de\/wp-up\/2024\/07\/JF_Jugendflamme_2024_FB.jpg?resize=350%2C200&ssl=1 1x, https:\/\/i0.wp.com\/www.feuerwehr-brilon.de\/wp-up\/2024\/07\/JF_Jugendflamme_2024_FB.jpg?resize=525%2C300&ssl=1 1.5x, https:\/\/i0.wp.com\/www.feuerwehr-brilon.de\/wp-up\/2024\/07\/JF_Jugendflamme_2024_FB.jpg?resize=700%2C400&ssl=1 2x"},"classes":[]},{"id":10052,"url":"https:\/\/www.feuerwehr-brilon.de\/?p=10052","url_meta":{"origin":34476,"position":3},"title":"Briloner Jugendfeuerwehr zeigt ihr K\u00f6nnen","author":"Andreas Becker","date":"13. April 2014","format":false,"excerpt":"Stadtgebiet. Die Jugendfeuerwehren aus dem Briloner Stadtgebiet trafen sich am 05.04.2014 in Hoppecke um ihr erlerntes Wissen im Rahmen der Jugendflamme zu beweisen. An verschiedenen Stationen musste neben dem feuerwehrtechnischen Wissen die Handhabung von Schl\u00e4uchen und Strahlrohren, Fahrzeug- und Ger\u00e4tekunde und die UVV beherrscht werden. Aber auch Grundkenntnisse der Ersten\u2026","rel":"","context":"In &quot;Allgemein&quot;","block_context":{"text":"Allgemein","link":"https:\/\/www.feuerwehr-brilon.de\/?cat=1"},"img":{"alt_text":"IMG_2197","src":"https:\/\/i0.wp.com\/www.feuerwehr-brilon.de\/wp-up\/2014\/04\/IMG_2197-150x112.jpg?resize=350%2C200","width":350,"height":200},"classes":[]},{"id":5884,"url":"https:\/\/www.feuerwehr-brilon.de\/?p=5884","url_meta":{"origin":34476,"position":4},"title":"Jugendfeuerwehren der Stadt \u00fcbten gemeinsam","author":"Andreas Becker","date":"13. November 2011","format":false,"excerpt":"Die Jugendfeuerwehren aus Alme \/ W\u00fclfte, Bontkirchen, Brilon, Hoppecke, Messinghausen und R\u00f6senbeck \u00fcbten Anfang September gemeinsam bei der Firma Egger. An mehreren Stationen konnte der Feuerwehrnachwuchs sein erlerntes Wissen anwenden und vertiefen. So musste mit verschiedenen L\u00f6schmitteln Br\u00e4nde gel\u00f6scht, ein Container mit Greifzug bewegt werden, Personen aus gr\u00f6\u00dferer H\u00f6he gerettet\u2026","rel":"","context":"In &quot;Allgemein&quot;","block_context":{"text":"Allgemein","link":"https:\/\/www.feuerwehr-brilon.de\/?cat=1"},"img":{"alt_text":"","src":"https:\/\/i0.wp.com\/www.feuerwehr-brilon.de\/wp-up\/2011\/11\/IMG_7136-150x112.jpg?resize=350%2C200&ssl=1","width":350,"height":200},"classes":[]},{"id":11982,"url":"https:\/\/www.feuerwehr-brilon.de\/?p=11982","url_meta":{"origin":34476,"position":5},"title":"Gemeinsame \u00dcbung aller Jugendfeuerwehren","author":"Marc Heines","date":"5. Juli 2015","format":false,"excerpt":"Alle 6 Jugendfeuerwehren; Alme, Bontkirchen, Brilon, Hoppecke, Messinghausen und R\u00f6senbeck; der Stadt Brilon haben in einer gemeinsamen \u00dcbung am 27.06.2015 ihren Wissenstand unter Beweis gestellt. An diesem Tag \u00fcbten \u00fcber 40 Jungen und M\u00e4dchen die Wasserentnahme aus der M\u00f6hne und bek\u00e4mpften neben einem Fl\u00e4chenbrand auch die Rettung einer eingeklemmten Person,\u2026","rel":"","context":"In &quot;Meldungen 2015&quot;","block_context":{"text":"Meldungen 2015","link":"https:\/\/www.feuerwehr-brilon.de\/?cat=192"},"img":{"alt_text":"Stadt\u00fcbung 5","src":"https:\/\/i0.wp.com\/www.feuerwehr-brilon.de\/wp-up\/2015\/07\/Stadt%C3%BCbung-5-150x84.jpg?resize=350%2C200","width":350,"height":200},"classes":[]}],"_links":{"self":[{"href":"https:\/\/www.feuerwehr-brilon.de\/index.php?rest_route=\/wp\/v2\/posts\/34476","targetHints":{"allow":["GET"]}}],"collection":[{"href":"https:\/\/www.feuerwehr-brilon.de\/index.php?rest_route=\/wp\/v2\/posts"}],"about":[{"href":"https:\/\/www.feuerwehr-brilon.de\/index.php?rest_route=\/wp\/v2\/types\/post"}],"author":[{"embeddable":true,"href":"https:\/\/www.feuerwehr-brilon.de\/index.php?rest_route=\/wp\/v2\/users\/66"}],"replies":[{"embeddable":true,"href":"https:\/\/www.feuerwehr-brilon.de\/index.php?rest_route=%2Fwp%2Fv2%2Fcomments&post=34476"}],"version-history":[{"count":4,"href":"https:\/\/www.feuerwehr-brilon.de\/index.php?rest_route=\/wp\/v2\/posts\/34476\/revisions"}],"predecessor-version":[{"id":34493,"href":"https:\/\/www.feuerwehr-brilon.de\/index.php?rest_route=\/wp\/v2\/posts\/34476\/revisions\/34493"}],"wp:featuredmedia":[{"embeddable":true,"href":"https:\/\/www.feuerwehr-brilon.de\/index.php?rest_route=\/wp\/v2\/media\/34479"}],"wp:attachment":[{"href":"https:\/\/www.feuerwehr-brilon.de\/index.php?rest_route=%2Fwp%2Fv2%2Fmedia&parent=34476"}],"wp:term":[{"taxonomy":"category","embeddable":true,"href":"https:\/\/www.feuerwehr-brilon.de\/index.php?rest_route=%2Fwp%2Fv2%2Fcategories&post=34476"},{"taxonomy":"post_tag","embeddable":true,"href":"https:\/\/www.feuerwehr-brilon.de\/index.php?rest_route=%2Fwp%2Fv2%2Ftags&post=34476"}],"curies":[{"name":"wp","href":"https:\/\/api.w.org\/{rel}","templated":true}]}}