{"id":34489,"date":"2026-03-11T16:15:47","date_gmt":"2026-03-11T15:15:47","guid":{"rendered":"https:\/\/www.feuerwehr-brilon.de\/?p=34489"},"modified":"2026-03-11T16:15:47","modified_gmt":"2026-03-11T15:15:47","slug":"landesweiter-warntag-am-12-03-2026-um-1100-uhr","status":"publish","type":"post","link":"https:\/\/www.feuerwehr-brilon.de\/?p=34489","title":{"rendered":"Landesweiter Warntag am 12.03.2026 um 11:00 Uhr"},"content":{"rendered":"<p><a href=\"https:\/\/www.feuerwehr-brilon.de\/?p=34489\"><img loading=\"lazy\" decoding=\"async\" src=\"https:\/\/www.feuerwehr-brilon.de\/wp-up\/2025\/03\/Sirene_IG-150x150.jpg\" alt=\"\" width=\"150\" height=\"150\" class=\"alignleft size-thumbnail wp-image-33281\" srcset=\"https:\/\/www.feuerwehr-brilon.de\/wp-up\/2025\/03\/Sirene_IG-150x150.jpg 150w, https:\/\/www.feuerwehr-brilon.de\/wp-up\/2025\/03\/Sirene_IG-500x500.jpg 500w, https:\/\/www.feuerwehr-brilon.de\/wp-up\/2025\/03\/Sirene_IG-1024x1024.jpg 1024w, https:\/\/www.feuerwehr-brilon.de\/wp-up\/2025\/03\/Sirene_IG-144x144.jpg 144w, https:\/\/www.feuerwehr-brilon.de\/wp-up\/2025\/03\/Sirene_IG.jpg 1080w\" sizes=\"auto, (max-width: 150px) 100vw, 150px\" \/><\/a><a title=\"Brilon\" href=\"http:\/\/www.feuerwehr-brilon.de\/?page_id=7\" target=\"_blank\" rel=\"noopener noreferrer\">Brilon. <\/a>Am Donnerstag, 12. M\u00e4rz 2026, 11:00 Uhr, findet wieder der landesweite Warntag statt. Hierbei werden in Nordrhein-Westfalen alle verf\u00fcgbaren Warnmittel getestet. Ziel dieser \u00dcbung ist es, die Funktionalit\u00e4t und Effizienz der Warnsysteme zu testen und die Bev\u00f6lkerung f\u00fcr m\u00f6gliche Gefahrenlagen zu sensibilisieren.<!--more--><\/p>\n<p>Warnung auch \u00fcber Cell Broadcast, Warn-Apps und Radio<\/p>\n<p>Der Schutz der Bev\u00f6lkerung vor Gefahren durch Br\u00e4nde, Unf\u00e4lle und Naturkatastrophen ist eine gemeinsame Aufgabe des Landes NRW, der Kreise und der Kommunen. Eine wesentliche Rolle spielen hierbei die M\u00f6glichkeiten zur Warnung und Information der Bev\u00f6lkerung. Hierzu haben Bund und L\u00e4nder unter anderem ein bundesweites \u201emodulares Warnsystem\u201c (kurz MOWAS) aufgebaut und die Notfall-Informations-Nachrichten-App des Bundes mit dem Titel \u201eNINA\u201c eingef\u00fchrt. Darunter wird auch der Cell Broadcast geprobt. Dieses moderne Warnsystem erm\u00f6glicht es, Warnmeldungen direkt an alle Mobiltelefone in einem bestimmten Gebiet zu senden, unabh\u00e4ngig davon, ob eine App installiert ist oder nicht. Dadurch k\u00f6nnen B\u00fcrgerinnen und B\u00fcrger schnell und effektiv \u00fcber Gefahrensituationen informiert werden. Weitere Informationen zur Nutzung des Cell Broadcasts und der Sicherstellung der Funktionen erhalten Interessierte beim Bundesamt f\u00fcr Bev\u00f6lkerungsschutz und Katastrophenhilfe (BBK).<\/p>\n<h4>Diese Alarmt\u00f6ne sind am Warntag 2026 in NRW zu h\u00f6ren:<\/h4>\n<p>Entwarnung (Dauerton, 1 Minute)<br \/>\nWarnung (an- und abschwellender Ton, 1 Minute)<br \/>\nEntwarnung (Dauerton, 1 Minute)<br \/>\nZwischen den T\u00f6nen gibt es jeweils eine Pause von f\u00fcnf Minuten.<\/p>\n<p>Weitere Infos gibt es hier >>> <a href=\"https:\/\/www.im.nrw\/themen\/gefahrenabwehr\/warnung\" rel=\"noopener\" target=\"_blank\">Homepage  &#8211; www.warnung.nrw<\/a> <\/p>\n<p>Quelle: \u00d6ffentlichkeitsarbeit Stadt Brilon<\/p>\n<p><strong>Bilder:<\/strong><br \/>\n<a rel=\"lightbox\" href=\"https:\/\/www.feuerwehr-brilon.de\/wp-up\/2025\/03\/Sirene_IG.jpg\"><img loading=\"lazy\" decoding=\"async\" src=\"https:\/\/www.feuerwehr-brilon.de\/wp-up\/2025\/03\/Sirene_IG-150x150.jpg\" alt=\"\" width=\"150\" height=\"150\" class=\"alignleft size-thumbnail wp-image-33281\" srcset=\"https:\/\/www.feuerwehr-brilon.de\/wp-up\/2025\/03\/Sirene_IG-150x150.jpg 150w, https:\/\/www.feuerwehr-brilon.de\/wp-up\/2025\/03\/Sirene_IG-500x500.jpg 500w, https:\/\/www.feuerwehr-brilon.de\/wp-up\/2025\/03\/Sirene_IG-1024x1024.jpg 1024w, https:\/\/www.feuerwehr-brilon.de\/wp-up\/2025\/03\/Sirene_IG-144x144.jpg 144w, https:\/\/www.feuerwehr-brilon.de\/wp-up\/2025\/03\/Sirene_IG.jpg 1080w\" sizes=\"auto, (max-width: 150px) 100vw, 150px\" \/><\/a><a rel=\"lightbox\" href=\"https:\/\/www.feuerwehr-brilon.de\/wp-up\/2018\/08\/Warntag-2.jpg\"><img loading=\"lazy\" decoding=\"async\" src=\"https:\/\/www.feuerwehr-brilon.de\/wp-up\/2018\/08\/Warntag-2-117x150.jpg\" alt=\"\" width=\"117\" height=\"150\" class=\"alignleft size-thumbnail wp-image-16410\" srcset=\"https:\/\/www.feuerwehr-brilon.de\/wp-up\/2018\/08\/Warntag-2-117x150.jpg 117w, https:\/\/www.feuerwehr-brilon.de\/wp-up\/2018\/08\/Warntag-2-391x500.jpg 391w, https:\/\/www.feuerwehr-brilon.de\/wp-up\/2018\/08\/Warntag-2.jpg 510w\" sizes=\"auto, (max-width: 117px) 100vw, 117px\" \/><\/a><\/p>\n","protected":false},"excerpt":{"rendered":"<p>Brilon. Am Donnerstag, 12. M\u00e4rz 2026, 11:00 Uhr, findet wieder der landesweite Warntag statt. Hierbei werden in Nordrhein-Westfalen alle verf\u00fcgbaren Warnmittel getestet. Ziel dieser \u00dcbung ist es, die Funktionalit\u00e4t und Effizienz der Warnsysteme zu testen und die Bev\u00f6lkerung f\u00fcr m\u00f6gliche Gefahrenlagen zu sensibilisieren.<\/p>\n","protected":false},"author":67,"featured_media":0,"comment_status":"closed","ping_status":"closed","sticky":false,"template":"","format":"standard","meta":{"_exactmetrics_skip_tracking":false,"_exactmetrics_sitenote_active":false,"_exactmetrics_sitenote_note":"","_exactmetrics_sitenote_category":0,"jetpack_post_was_ever_published":false,"_jetpack_newsletter_access":"","_jetpack_dont_email_post_to_subs":false,"_jetpack_newsletter_tier_id":0,"_jetpack_memberships_contains_paywalled_content":false,"_jetpack_memberships_contains_paid_content":false,"footnotes":""},"categories":[368],"tags":[],"class_list":["post-34489","post","type-post","status-publish","format-standard","hentry","category-meldungen-2026"],"jetpack_featured_media_url":"","jetpack_shortlink":"https:\/\/wp.me\/pCIJa-8Yh","jetpack_sharing_enabled":true,"jetpack-related-posts":[{"id":33279,"url":"https:\/\/www.feuerwehr-brilon.de\/?p=33279","url_meta":{"origin":34489,"position":0},"title":"Landesweiter Warntag: Sirenen heulen am 13. M\u00e4rz um 11 Uhr","author":"Andreas Becker","date":"11. M\u00e4rz 2025","format":false,"excerpt":"Brilon. Am Donnerstag, 13. M\u00e4rz 2025, 11 Uhr, findet wieder der landesweite Warntag statt. Hierbei werden in Nordrhein-Westfalen alle verf\u00fcgbaren Warnmittel getestet. Ziel dieser \u00dcbung ist es, die Funktionalit\u00e4t und Effizienz der Warnsysteme zu testen und die Bev\u00f6lkerung f\u00fcr m\u00f6gliche Gefahrenlagen zu sensibilisieren. Warnung auch \u00fcber Cell Broadcast, Warn-Apps und\u2026","rel":"","context":"In &quot;Meldungen 2025&quot;","block_context":{"text":"Meldungen 2025","link":"https:\/\/www.feuerwehr-brilon.de\/?cat=366"},"img":{"alt_text":"","src":"https:\/\/i0.wp.com\/www.feuerwehr-brilon.de\/wp-up\/2025\/03\/Sirene_IG.jpg?resize=350%2C200&ssl=1","width":350,"height":200,"srcset":"https:\/\/i0.wp.com\/www.feuerwehr-brilon.de\/wp-up\/2025\/03\/Sirene_IG.jpg?resize=350%2C200&ssl=1 1x, https:\/\/i0.wp.com\/www.feuerwehr-brilon.de\/wp-up\/2025\/03\/Sirene_IG.jpg?resize=525%2C300&ssl=1 1.5x, https:\/\/i0.wp.com\/www.feuerwehr-brilon.de\/wp-up\/2025\/03\/Sirene_IG.jpg?resize=700%2C400&ssl=1 2x, https:\/\/i0.wp.com\/www.feuerwehr-brilon.de\/wp-up\/2025\/03\/Sirene_IG.jpg?resize=1050%2C600&ssl=1 3x"},"classes":[]},{"id":21738,"url":"https:\/\/www.feuerwehr-brilon.de\/?p=21738","url_meta":{"origin":34489,"position":1},"title":"Warntag NRW am Donnerstag","author":"Marcus Bange","date":"30. August 2019","format":false,"excerpt":"Brilon. Am Donnerstag (05.09.2019) findet in NRW der zweite Warntag statt. Um 10 Uhr werden auch in der Stadt Brilon die Sirenen getestet. Mit der Warn-App \u201eNINA\u201c (Notfall-Informations- und Nachrichten-App des Bundes) wird daneben landesweit eine Probewarnmeldung versendet. In Brilon-Wald und in Gudenhagen-Petersborn warnt die Feuerwehr wieder mit mobilen Sirenen.\u2026","rel":"","context":"In &quot;Allgemein&quot;","block_context":{"text":"Allgemein","link":"https:\/\/www.feuerwehr-brilon.de\/?cat=1"},"img":{"alt_text":"","src":"https:\/\/i0.wp.com\/www.feuerwehr-brilon.de\/wp-up\/2019\/03\/Warntag-neu-1-150x113.jpg?resize=350%2C200&ssl=1","width":350,"height":200},"classes":[]},{"id":16408,"url":"https:\/\/www.feuerwehr-brilon.de\/?p=16408","url_meta":{"origin":34489,"position":2},"title":"Warntag NRW am 6. September 2018","author":"Marcus Bange","date":"31. August 2018","format":false,"excerpt":"Brilon. Am ersten Warntag in NRW werden am Donnerstag um 10 Uhr auch in der Stadt Brilon die Sirenen getestet. Mit der Warn-App \u201eNina\u201c (Notfall-Informations- und Nachrichten-App des Bundes) wird daneben im gesamten Bundesland eine Probewarnmeldung verschickt. Mit dem Warntag soll nach Angaben des NRW-Innenministeriums das Thema \u201eWarnung\u201c wieder ins\u2026","rel":"","context":"In &quot;Allgemein&quot;","block_context":{"text":"Allgemein","link":"https:\/\/www.feuerwehr-brilon.de\/?cat=1"},"img":{"alt_text":"","src":"https:\/\/i0.wp.com\/www.feuerwehr-brilon.de\/wp-up\/2018\/08\/Warntag-1-150x113.jpg?resize=350%2C200&ssl=1","width":350,"height":200},"classes":[]},{"id":30165,"url":"https:\/\/www.feuerwehr-brilon.de\/?p=30165","url_meta":{"origin":34489,"position":3},"title":"Warntag NRW am Donnerstag","author":"Marcus Bange","date":"7. September 2022","format":false,"excerpt":"Brilon. Am Donnerstag (08.09.2022) findet in NRW der wieder der Warntag statt. Um 11.00 Uhr werden auch in der Stadt Brilon die Sirenen getestet. Entsprechend den Empfehlungen des Innenministeriums werden die Sirenent\u00f6ne in einem Abstand von f\u00fcnf Minuten ausgel\u00f6st. Zun\u00e4chst erfolgt um 11.00 Uhr das Signal Entwarnung (eine Minute Dauerton).\u2026","rel":"","context":"In &quot;Allgemein&quot;","block_context":{"text":"Allgemein","link":"https:\/\/www.feuerwehr-brilon.de\/?cat=1"},"img":{"alt_text":"","src":"https:\/\/i0.wp.com\/www.feuerwehr-brilon.de\/wp-up\/2022\/09\/Sirene-1.jpg?resize=350%2C200&ssl=1","width":350,"height":200,"srcset":"https:\/\/i0.wp.com\/www.feuerwehr-brilon.de\/wp-up\/2022\/09\/Sirene-1.jpg?resize=350%2C200&ssl=1 1x, https:\/\/i0.wp.com\/www.feuerwehr-brilon.de\/wp-up\/2022\/09\/Sirene-1.jpg?resize=525%2C300&ssl=1 1.5x, https:\/\/i0.wp.com\/www.feuerwehr-brilon.de\/wp-up\/2022\/09\/Sirene-1.jpg?resize=700%2C400&ssl=1 2x"},"classes":[]},{"id":30396,"url":"https:\/\/www.feuerwehr-brilon.de\/?p=30396","url_meta":{"origin":34489,"position":4},"title":"Bundesweiter Warntag am 8. Dezember","author":"Andreas Becker","date":"30. November 2022","format":false,"excerpt":"Hochsauerlandkreis. Auch der Hochsauerlandkreis und seine St\u00e4dte und Gemeinden beteiligen sich am Donnerstag, 8. Dezember, am gemeinsamen Warntag von Bund und L\u00e4ndern. Ab 11 Uhr aktivieren die beteiligten Beh\u00f6rden und Einsatz-kr\u00e4fte unterschiedliche Warnmittel wie beispielsweise Sirenen oder Warn-Apps wie NINA oder KATWARN. Die Probewarnmeldung wird erstmals auch \u00fcber Cell Broadcast\u2026","rel":"","context":"In &quot;Meldungen 2022&quot;","block_context":{"text":"Meldungen 2022","link":"https:\/\/www.feuerwehr-brilon.de\/?cat=289"},"img":{"alt_text":"","src":"https:\/\/i0.wp.com\/www.feuerwehr-brilon.de\/wp-up\/2022\/11\/warntag.png?resize=350%2C200&ssl=1","width":350,"height":200},"classes":[]},{"id":16868,"url":"https:\/\/www.feuerwehr-brilon.de\/?p=16868","url_meta":{"origin":34489,"position":5},"title":"Sirenenprobe am Donnerstag","author":"Marcus Bange","date":"6. M\u00e4rz 2019","format":false,"excerpt":"Brilon. Am Donnerstag (07.03.2019) werden um 10 Uhr auch in der Stadt Brilon die Sirenen getestet. Mit dem Probelalarm soll das Thema \u201eWarnung\" wieder ins Bewusstsein der Bev\u00f6lkerung ger\u00fcckt werden. Bei besonderen Ereignissen wie bspw. Unwettern oder Gro\u00dfbr\u00e4nden soll durch die Sirenen die Bev\u00f6lkerung gewarnt werden. Vielen ist die Bedeutung\u2026","rel":"","context":"In &quot;Allgemein&quot;","block_context":{"text":"Allgemein","link":"https:\/\/www.feuerwehr-brilon.de\/?cat=1"},"img":{"alt_text":"","src":"https:\/\/i0.wp.com\/www.feuerwehr-brilon.de\/wp-up\/2019\/03\/Warntag-neu-1-150x113.jpg?resize=350%2C200&ssl=1","width":350,"height":200},"classes":[]}],"_links":{"self":[{"href":"https:\/\/www.feuerwehr-brilon.de\/index.php?rest_route=\/wp\/v2\/posts\/34489","targetHints":{"allow":["GET"]}}],"collection":[{"href":"https:\/\/www.feuerwehr-brilon.de\/index.php?rest_route=\/wp\/v2\/posts"}],"about":[{"href":"https:\/\/www.feuerwehr-brilon.de\/index.php?rest_route=\/wp\/v2\/types\/post"}],"author":[{"embeddable":true,"href":"https:\/\/www.feuerwehr-brilon.de\/index.php?rest_route=\/wp\/v2\/users\/67"}],"replies":[{"embeddable":true,"href":"https:\/\/www.feuerwehr-brilon.de\/index.php?rest_route=%2Fwp%2Fv2%2Fcomments&post=34489"}],"version-history":[{"count":3,"href":"https:\/\/www.feuerwehr-brilon.de\/index.php?rest_route=\/wp\/v2\/posts\/34489\/revisions"}],"predecessor-version":[{"id":34492,"href":"https:\/\/www.feuerwehr-brilon.de\/index.php?rest_route=\/wp\/v2\/posts\/34489\/revisions\/34492"}],"wp:attachment":[{"href":"https:\/\/www.feuerwehr-brilon.de\/index.php?rest_route=%2Fwp%2Fv2%2Fmedia&parent=34489"}],"wp:term":[{"taxonomy":"category","embeddable":true,"href":"https:\/\/www.feuerwehr-brilon.de\/index.php?rest_route=%2Fwp%2Fv2%2Fcategories&post=34489"},{"taxonomy":"post_tag","embeddable":true,"href":"https:\/\/www.feuerwehr-brilon.de\/index.php?rest_route=%2Fwp%2Fv2%2Ftags&post=34489"}],"curies":[{"name":"wp","href":"https:\/\/api.w.org\/{rel}","templated":true}]}}