{"id":34512,"date":"2026-04-01T19:00:44","date_gmt":"2026-04-01T17:00:44","guid":{"rendered":"https:\/\/www.feuerwehr-brilon.de\/?p=34512"},"modified":"2026-03-31T14:04:02","modified_gmt":"2026-03-31T12:04:02","slug":"jahreshauptversammlung-der-loeschgruppe-nehden-6","status":"publish","type":"post","link":"https:\/\/www.feuerwehr-brilon.de\/?p=34512","title":{"rendered":"Jahreshauptversammlung der L\u00f6schgruppe Nehden"},"content":{"rendered":"<p><a href=\"https:\/\/www.feuerwehr-brilon.de\/wp-up\/2026\/03\/JHV-Nehden.jpg\"><img loading=\"lazy\" decoding=\"async\" src=\"https:\/\/www.feuerwehr-brilon.de\/wp-up\/2026\/03\/JHV-Nehden-150x113.jpg\" alt=\"\" width=\"150\" height=\"113\" class=\"alignleft size-thumbnail wp-image-34514\" srcset=\"https:\/\/www.feuerwehr-brilon.de\/wp-up\/2026\/03\/JHV-Nehden-150x113.jpg 150w, https:\/\/www.feuerwehr-brilon.de\/wp-up\/2026\/03\/JHV-Nehden-500x375.jpg 500w, https:\/\/www.feuerwehr-brilon.de\/wp-up\/2026\/03\/JHV-Nehden.jpg 1000w\" sizes=\"auto, (max-width: 150px) 100vw, 150px\" \/><\/a><a title=\"Nehden\" href=\"http:\/\/www.feuerwehr-brilon.de\/?page_id=7\" target=\"_blank\">Nehden. <\/a>Auf ein arbeitsreiches Jahr 2025 blickte die L\u00f6schgruppe Nehden der Freiwilligen Feuerwehr der Stadt Brilon im Rahmen ihrer Jahreshauptversammlung am 7. M\u00e4rz 2026 zur\u00fcck. Neben dem Jahresbericht standen auch Ehrungen langj\u00e4hriger Mitglieder sowie Bef\u00f6rderungen auf der Tagesordnung.<!--more--><\/p>\n<p>L\u00f6schgruppenf\u00fchrer Johannes Schr\u00f6der konnte neben den Mitgliedern der L\u00f6schgruppe auch zahlreiche G\u00e4ste aus Politik und Feuerwehrf\u00fchrung begr\u00fc\u00dfen. Unter ihnen befanden sich Klaus Wrede, Leiter des Ordnungsamtes der Stadt Brilon, Ratsmitglied Holger Borkamp, der stellvertretende Wehrleiter Andreas Becker sowie Ortsvorsteher Jan Br\u00fcckner.<\/p>\n<p>In seinem Jahresr\u00fcckblick berichtete Johannes Schr\u00f6der von insgesamt sechs Eins\u00e4tzen im vergangenen Jahr. Diese gliederten sich in Brandeins\u00e4tze, technische Hilfeleistungen sowie sonstige Eins\u00e4tze. Dar\u00fcber hinaus nahmen Ausbildung, \u00dcbungs- und Ordnungsdienste einen wichtigen Stellenwert ein. Insgesamt leisteten die Kameradinnen und Kameraden 378 Stunden \u00dcbungsdienst. Hinzu kamen 272 Stunden f\u00fcr Lehrg\u00e4nge auf Stadt- und Kreisebene.<\/p>\n<p>Ein besonderer Punkt der Versammlung waren die Ehrungen langj\u00e4hriger Mitglieder. F\u00fcr 60 Jahre Feuerwehrdienst wurde Franz-Josef H\u00fcpping ausgezeichnet. F\u00fcr 40 Jahre aktiven Feuerwehrdienst erhielt Willi Schmidt-Wittler eine Ehrung. Die Vertreter der Feuerwehrf\u00fchrung w\u00fcrdigten in ihren Ansprachen das langj\u00e4hrige Engagement und den bedeutenden Beitrag der Geehrten f\u00fcr das Feuerwehrwesen.<\/p>\n<p>Auch Bef\u00f6rderungen standen auf der Tagesordnung: Jan Br\u00fcckner und Jonas Raulf wurden zum Feuerwehrmann bef\u00f6rdert, Moritz Kupitz zum Unterbrandmeister.<\/p>\n<p>In ihren Gru\u00dfworten dankten die anwesenden G\u00e4ste den Einsatzkr\u00e4ften f\u00fcr ihren ehrenamtlichen Dienst und hoben die gro\u00dfe Bedeutung der Feuerwehr f\u00fcr die Sicherheit der Bev\u00f6lkerung hervor.<\/p>\n<p>Zum Abschluss der Versammlung bedankte sich L\u00f6schgruppenf\u00fchrer Johannes Schr\u00f6der bei allen Kameradinnen und Kameraden sowie deren Familien f\u00fcr die geleistete Arbeit und die Unterst\u00fctzung im vergangenen Jahr.<\/p>\n<p><strong>Bilder:<\/strong><br \/>\n<a rel=\"lightbox\"<a href=\"https:\/\/www.feuerwehr-brilon.de\/wp-up\/2026\/03\/JHV-Nehden.jpg\"><img loading=\"lazy\" decoding=\"async\" src=\"https:\/\/www.feuerwehr-brilon.de\/wp-up\/2026\/03\/JHV-Nehden-150x113.jpg\" alt=\"\" width=\"150\" height=\"113\" class=\"alignleft size-thumbnail wp-image-34514\" srcset=\"https:\/\/www.feuerwehr-brilon.de\/wp-up\/2026\/03\/JHV-Nehden-150x113.jpg 150w, https:\/\/www.feuerwehr-brilon.de\/wp-up\/2026\/03\/JHV-Nehden-500x375.jpg 500w, https:\/\/www.feuerwehr-brilon.de\/wp-up\/2026\/03\/JHV-Nehden.jpg 1000w\" sizes=\"auto, (max-width: 150px) 100vw, 150px\" \/><\/a><\/p>\n","protected":false},"excerpt":{"rendered":"<p>Nehden. Auf ein arbeitsreiches Jahr 2025 blickte die L\u00f6schgruppe Nehden der Freiwilligen Feuerwehr der Stadt Brilon im Rahmen ihrer Jahreshauptversammlung am 7. M\u00e4rz 2026 zur\u00fcck. Neben dem Jahresbericht standen auch Ehrungen langj\u00e4hriger Mitglieder sowie Bef\u00f6rderungen auf der Tagesordnung.<\/p>\n","protected":false},"author":66,"featured_media":34514,"comment_status":"closed","ping_status":"closed","sticky":false,"template":"","format":"standard","meta":{"_exactmetrics_skip_tracking":false,"_exactmetrics_sitenote_active":false,"_exactmetrics_sitenote_note":"","_exactmetrics_sitenote_category":0,"jetpack_post_was_ever_published":false,"_jetpack_newsletter_access":"","_jetpack_dont_email_post_to_subs":false,"_jetpack_newsletter_tier_id":0,"_jetpack_memberships_contains_paywalled_content":false,"_jetpack_memberships_contains_paid_content":false,"footnotes":""},"categories":[368],"tags":[340,55],"class_list":["post-34512","post","type-post","status-publish","format-standard","has-post-thumbnail","hentry","category-meldungen-2026","tag-jahreshauptversammlung","tag-nehden"],"jetpack_featured_media_url":"https:\/\/www.feuerwehr-brilon.de\/wp-up\/2026\/03\/JHV-Nehden.jpg","jetpack_shortlink":"https:\/\/wp.me\/pCIJa-8YE","jetpack_sharing_enabled":true,"jetpack-related-posts":[{"id":32239,"url":"https:\/\/www.feuerwehr-brilon.de\/?p=32239","url_meta":{"origin":34512,"position":0},"title":"Jahreshauptversammlung der L\u00f6schgruppe Nehden","author":"Marcus Bange","date":"8. April 2024","format":false,"excerpt":"Nehden. Die L\u00f6schgruppe Nehden hat ihre Jahreshauptversammlung durchgef\u00fchrt. L\u00f6schgruppenf\u00fchrer Johannes Schr\u00f6der begr\u00fc\u00dfte dazu in der \u201eAlten Schule\u201c neben den Kameraden der Einsatz- und Ehrenabteilung den stellvertretenden Leiter der Feuerwehr Brilon, Manuel Henke, Karin Wigge als Vertreterin der Stadt Brilon und Ortsvorsteher Jan Br\u00fcckner. Johannes Schr\u00f6der stellte anschlie\u00dfend den Jahresbericht 2023\u2026","rel":"","context":"In &quot;Meldungen 2024&quot;","block_context":{"text":"Meldungen 2024","link":"https:\/\/www.feuerwehr-brilon.de\/?cat=359"},"img":{"alt_text":"","src":"https:\/\/i0.wp.com\/www.feuerwehr-brilon.de\/wp-up\/2024\/04\/2024_JHV_LG-Nehden-neu.jpg?resize=350%2C200&ssl=1","width":350,"height":200,"srcset":"https:\/\/i0.wp.com\/www.feuerwehr-brilon.de\/wp-up\/2024\/04\/2024_JHV_LG-Nehden-neu.jpg?resize=350%2C200&ssl=1 1x, https:\/\/i0.wp.com\/www.feuerwehr-brilon.de\/wp-up\/2024\/04\/2024_JHV_LG-Nehden-neu.jpg?resize=525%2C300&ssl=1 1.5x, https:\/\/i0.wp.com\/www.feuerwehr-brilon.de\/wp-up\/2024\/04\/2024_JHV_LG-Nehden-neu.jpg?resize=700%2C400&ssl=1 2x"},"classes":[]},{"id":30990,"url":"https:\/\/www.feuerwehr-brilon.de\/?p=30990","url_meta":{"origin":34512,"position":1},"title":"Jahreshauptversammlung der L\u00f6schgruppe Nehden","author":"Andreas Becker","date":"16. April 2023","format":false,"excerpt":"Nehden. Am Samstag, den 11. M\u00e4rz 2023 er\u00f6ffnete L\u00f6schgruppenf\u00fchrer Johannes Schr\u00f6der die diesj\u00e4hrige Jahreshauptversammlung der L\u00f6schgruppe Nehden. Begr\u00fc\u00dfen konnte er neben den Kameraden der Einsatz- und Ehrenabteilung, den Leiter der Freiwilligen Feuerwehr Brilon, Thomas Bauerfeind, den ersten Beigeordneten der Stadt Brilon, Reinhold Huxoll, die \u00f6rtlichen Ratsmitglieder Katrin Hartmann (SPD) und\u2026","rel":"","context":"In &quot;Meldungen 2023&quot;","block_context":{"text":"Meldungen 2023","link":"https:\/\/www.feuerwehr-brilon.de\/?cat=336"},"img":{"alt_text":"","src":"https:\/\/i0.wp.com\/www.feuerwehr-brilon.de\/wp-up\/2023\/04\/2023_JHV_LG_NehdenTW.jpg?resize=350%2C200&ssl=1","width":350,"height":200,"srcset":"https:\/\/i0.wp.com\/www.feuerwehr-brilon.de\/wp-up\/2023\/04\/2023_JHV_LG_NehdenTW.jpg?resize=350%2C200&ssl=1 1x, https:\/\/i0.wp.com\/www.feuerwehr-brilon.de\/wp-up\/2023\/04\/2023_JHV_LG_NehdenTW.jpg?resize=525%2C300&ssl=1 1.5x, https:\/\/i0.wp.com\/www.feuerwehr-brilon.de\/wp-up\/2023\/04\/2023_JHV_LG_NehdenTW.jpg?resize=700%2C400&ssl=1 2x"},"classes":[]},{"id":33348,"url":"https:\/\/www.feuerwehr-brilon.de\/?p=33348","url_meta":{"origin":34512,"position":2},"title":"Jahreshauptversammlung der L\u00f6schgruppe Nehden","author":"Marcus Bange","date":"11. April 2025","format":false,"excerpt":"Nehden. Die L\u00f6schgruppe Nehden hat ihre Jahreshauptversammlung in der Alten Schule in Nehden durchgef\u00fchrt. Neben den Mitgliedern der Einheit konnte L\u00f6schgruppenf\u00fchrer Johannes Schr\u00f6der auch B\u00fcrgermeister Dr. Christof Bartsch, Wehrf\u00fchrer Thomas Bauerfeind und Ratsmitglied Holger Borkamp begr\u00fc\u00dfen. In seinem Jahresbericht lie\u00df er das vergangene Jahr 2024 Revue passieren und w\u00fcrdigte die\u2026","rel":"","context":"In &quot;Meldungen 2025&quot;","block_context":{"text":"Meldungen 2025","link":"https:\/\/www.feuerwehr-brilon.de\/?cat=366"},"img":{"alt_text":"","src":"https:\/\/i0.wp.com\/www.feuerwehr-brilon.de\/wp-up\/2025\/04\/2025_JHV_LG_Nehden-neu.jpg?resize=350%2C200&ssl=1","width":350,"height":200,"srcset":"https:\/\/i0.wp.com\/www.feuerwehr-brilon.de\/wp-up\/2025\/04\/2025_JHV_LG_Nehden-neu.jpg?resize=350%2C200&ssl=1 1x, https:\/\/i0.wp.com\/www.feuerwehr-brilon.de\/wp-up\/2025\/04\/2025_JHV_LG_Nehden-neu.jpg?resize=525%2C300&ssl=1 1.5x, https:\/\/i0.wp.com\/www.feuerwehr-brilon.de\/wp-up\/2025\/04\/2025_JHV_LG_Nehden-neu.jpg?resize=700%2C400&ssl=1 2x"},"classes":[]},{"id":6475,"url":"https:\/\/www.feuerwehr-brilon.de\/?p=6475","url_meta":{"origin":34512,"position":3},"title":"Generalversammlung der L\u00f6schgruppe Nehden","author":"Marc Heines","date":"28. M\u00e4rz 2012","format":false,"excerpt":"Die L\u00f6schgruppe Nehden f\u00fchrte am Samstag den 10.03.2012 ihre diesj\u00e4hrige Jahreshauptversammlung durch. L\u00f6schgruppenf\u00fchrer Berthold Heimes konnte neben den 26 anwesenden Feuerwehrkameraden auch B\u00fcrgermeister Franz Schrewe und Wehrf\u00fchrer Wolfgang Hillebrand begr\u00fc\u00dfen. Die 19 aktiven Mitglieder der L\u00f6schgruppe mussten 2011 insgesamt 5 Eins\u00e4tze bew\u00e4ltigen. Zusammen mit Aus- und Fortbildungen wurden 630 Stunden\u2026","rel":"","context":"In &quot;Meldungen 2012&quot;","block_context":{"text":"Meldungen 2012","link":"https:\/\/www.feuerwehr-brilon.de\/?cat=172"},"img":{"alt_text":"","src":"https:\/\/i0.wp.com\/www.feuerwehr-brilon.de\/wp-up\/2012\/03\/P3100033i-150x82.jpg?resize=350%2C200","width":350,"height":200},"classes":[]},{"id":17979,"url":"https:\/\/www.feuerwehr-brilon.de\/?p=17979","url_meta":{"origin":34512,"position":4},"title":"Jahreshauptversammlung der L\u00f6schgruppe Nehden","author":"Marc Heines","date":"26. April 2019","format":false,"excerpt":"Am Samstag den 16.M\u00e4rz 2019 er\u00f6ffnete L\u00f6schgruppenf\u00fchrer Berthold Heimes die diesj\u00e4hrige Jahreshauptversammlung der L\u00f6schgruppe Nehden. Begr\u00fc\u00dfen konnte er den stv. Wehrf\u00fchrer Thomas Bauerfeind, Fachbereichsleiterin Karin Wigge von der Stadt Brilon und Ortsvorsteher G\u00fcnter Schmies. L\u00f6schgruppenf\u00fchrer Heimes stellte anschlie\u00dfend den Jahresbericht vor. Die Einsatzabteilung der L\u00f6schgruppe Nehden besteht zurzeit aus 24\u2026","rel":"","context":"In &quot;Meldungen 2019&quot;","block_context":{"text":"Meldungen 2019","link":"https:\/\/www.feuerwehr-brilon.de\/?cat=223"},"img":{"alt_text":"","src":"https:\/\/i0.wp.com\/www.feuerwehr-brilon.de\/wp-up\/2019\/04\/nehden-1.jpg?resize=350%2C200&ssl=1","width":350,"height":200,"srcset":"https:\/\/i0.wp.com\/www.feuerwehr-brilon.de\/wp-up\/2019\/04\/nehden-1.jpg?resize=350%2C200&ssl=1 1x, https:\/\/i0.wp.com\/www.feuerwehr-brilon.de\/wp-up\/2019\/04\/nehden-1.jpg?resize=525%2C300&ssl=1 1.5x, https:\/\/i0.wp.com\/www.feuerwehr-brilon.de\/wp-up\/2019\/04\/nehden-1.jpg?resize=700%2C400&ssl=1 2x"},"classes":[]},{"id":11817,"url":"https:\/\/www.feuerwehr-brilon.de\/?p=11817","url_meta":{"origin":34512,"position":5},"title":"Jahreshauptversammlung der L\u00f6schgruppe Nehden","author":"Marc Heines","date":"19. April 2015","format":false,"excerpt":"Nehden. Am 28. Februar 2015 vollzog die L\u00f6schgruppe Nehden ihre diesj\u00e4hrige Jahreshauptversammlung. L\u00f6schgruppenf\u00fchrer Berthold Heimes begr\u00fc\u00dfte neben 31 Feuerwehrkameraden auch einige G\u00e4ste. Als Vertreter der Stadt Brilon nahmen B\u00fcrgermeister Dr. Christof Bartsch und Marcus Bange als Leiter des Ordnungsamtes teil. Wehrf\u00fchrer Wolfgang Hillebrand und Ortsvorsteher G\u00fcnter Schmies folgten ebenfalls der\u2026","rel":"","context":"In &quot;Meldungen 2015&quot;","block_context":{"text":"Meldungen 2015","link":"https:\/\/www.feuerwehr-brilon.de\/?cat=192"},"img":{"alt_text":"JHV LG Nehden-2015-i","src":"https:\/\/i0.wp.com\/www.feuerwehr-brilon.de\/wp-up\/2015\/04\/JHV-LG-Nehden-2015-i-150x80.jpg?resize=350%2C200","width":350,"height":200},"classes":[]}],"_links":{"self":[{"href":"https:\/\/www.feuerwehr-brilon.de\/index.php?rest_route=\/wp\/v2\/posts\/34512","targetHints":{"allow":["GET"]}}],"collection":[{"href":"https:\/\/www.feuerwehr-brilon.de\/index.php?rest_route=\/wp\/v2\/posts"}],"about":[{"href":"https:\/\/www.feuerwehr-brilon.de\/index.php?rest_route=\/wp\/v2\/types\/post"}],"author":[{"embeddable":true,"href":"https:\/\/www.feuerwehr-brilon.de\/index.php?rest_route=\/wp\/v2\/users\/66"}],"replies":[{"embeddable":true,"href":"https:\/\/www.feuerwehr-brilon.de\/index.php?rest_route=%2Fwp%2Fv2%2Fcomments&post=34512"}],"version-history":[{"count":3,"href":"https:\/\/www.feuerwehr-brilon.de\/index.php?rest_route=\/wp\/v2\/posts\/34512\/revisions"}],"predecessor-version":[{"id":34521,"href":"https:\/\/www.feuerwehr-brilon.de\/index.php?rest_route=\/wp\/v2\/posts\/34512\/revisions\/34521"}],"wp:featuredmedia":[{"embeddable":true,"href":"https:\/\/www.feuerwehr-brilon.de\/index.php?rest_route=\/wp\/v2\/media\/34514"}],"wp:attachment":[{"href":"https:\/\/www.feuerwehr-brilon.de\/index.php?rest_route=%2Fwp%2Fv2%2Fmedia&parent=34512"}],"wp:term":[{"taxonomy":"category","embeddable":true,"href":"https:\/\/www.feuerwehr-brilon.de\/index.php?rest_route=%2Fwp%2Fv2%2Fcategories&post=34512"},{"taxonomy":"post_tag","embeddable":true,"href":"https:\/\/www.feuerwehr-brilon.de\/index.php?rest_route=%2Fwp%2Fv2%2Ftags&post=34512"}],"curies":[{"name":"wp","href":"https:\/\/api.w.org\/{rel}","templated":true}]}}