{"id":34516,"date":"2026-05-03T07:00:03","date_gmt":"2026-05-03T05:00:03","guid":{"rendered":"https:\/\/www.feuerwehr-brilon.de\/?p=34516"},"modified":"2026-04-30T15:06:04","modified_gmt":"2026-04-30T13:06:04","slug":"generalversammlung-der-loeschgruppe-messinghausen-5","status":"publish","type":"post","link":"https:\/\/www.feuerwehr-brilon.de\/?p=34516","title":{"rendered":"Generalversammlung der L\u00f6schgruppe Messinghausen"},"content":{"rendered":"<p><a href=\"https:\/\/www.feuerwehr-brilon.de\/wp-up\/2026\/03\/GV-Messinghausen.jpg\"><img loading=\"lazy\" decoding=\"async\" src=\"https:\/\/www.feuerwehr-brilon.de\/wp-up\/2026\/03\/GV-Messinghausen-150x86.jpg\" alt=\"\" width=\"150\" height=\"86\" class=\"alignleft size-thumbnail wp-image-34518\" srcset=\"https:\/\/www.feuerwehr-brilon.de\/wp-up\/2026\/03\/GV-Messinghausen-150x86.jpg 150w, https:\/\/www.feuerwehr-brilon.de\/wp-up\/2026\/03\/GV-Messinghausen-500x288.jpg 500w, https:\/\/www.feuerwehr-brilon.de\/wp-up\/2026\/03\/GV-Messinghausen.jpg 1000w\" sizes=\"auto, (max-width: 150px) 100vw, 150px\" \/><\/a><a title=\"Messinghausen\" href=\"http:\/\/www.feuerwehr-brilon.de\/?page_id=7\" target=\"_blank\">Messinghausen. <\/a>Zur diesj\u00e4hrige Generalversammlung der L\u00f6schgruppe Messinghausen konnte L\u00f6schgruppenf\u00fchrer Dominik Willecke insgesamt 45 aktive und passive Mitglieder begr\u00fc\u00dfen. Als G\u00e4ste hie\u00df er den Leiter der Feuerwehr Thomas Bauerfeind, Karin Wigge als Vertreterin der Stadt Brilon, Ortsvorsteher Andreas Sanow sowie ein Mitglied der Ehrenabteilung willkommen.<br \/>\n<!--more--><\/p>\n<p>Schriftf\u00fchrer Philipp Kappe verlas im Anschluss das Protokoll der vergangenen Generalversammlung sowie den T\u00e4tigkeitsbericht. Im Jahr 2025 wurde die L\u00f6schgruppe zu insgesamt 13 Eins\u00e4tzen alarmiert. Dar\u00fcber hinaus leisteten die Kameradinnen und Kameraden 1.603 Stunden in \u00dcbungs- und Ausbildungsdiensten. Ein besonderes Ereignis stellte der 112. Geburtstag der L\u00f6schgruppe dar, der im September gefeiert werden konnte.<\/p>\n<p>Jugendfeuerwehrwart Benjamin Kleff berichtete aus der Jugendfeuerwehr, die derzeit aus zehn Mitgliedern im Alter zwischen 10 und 18 Jahren besteht, darunter zwei M\u00e4dchen und acht Jungen. Im vergangenen Jahr wurde unter anderem ein Tag der offenen T\u00fcr durchgef\u00fchrt. Ein weiteres Highlight war ein gemeinsames Zeltlager mit der Jugendfeuerwehr Hoppecke in Hameln, bei dem unter anderem der Flughafen Hannover besichtigt wurde.<\/p>\n<p>Wehrf\u00fchrer Thomas Bauerfeind stellte den Bericht der Wehrf\u00fchrung vor und nahm im Anschluss mehrere Bef\u00f6rderungen vor. Laura Schwingenheuer wurde zur Oberfeuerwehrfrau, Jonas Deckelburg und Luca Bunse wurden zum Oberfeuerwehrmann bef\u00f6rdert. Nils Becker erhielt die Bef\u00f6rderung zum Unterbrandmeister. Mit Lauri Hoppe konnte zudem ein Mitglied aus der Jugendfeuerwehr in den aktiven Dienst \u00fcbernommen werden.<\/p>\n<p>Karin Wigge \u00fcberbrachte die Gr\u00fc\u00dfe der Stadt Brilon und dankte den Mitgliedern der L\u00f6schgruppe f\u00fcr ihr Engagement und ihre geleistete Arbeit. Im Anschluss nahm sie die Ehrungen langj\u00e4hriger Mitglieder vor. F\u00fcr 35-j\u00e4hrige Mitgliedschaft wurden Thorsten Deckelburg, Thorsten Kappe und Philipp Kappe ausgezeichnet. Ludger Planke wurde f\u00fcr seine 50-j\u00e4hrige Mitgliedschaft geehrt.<\/p>\n<p><strong>Bilder:<\/strong><br \/>\n<a rel=\"lightbox\"<a href=\"https:\/\/www.feuerwehr-brilon.de\/wp-up\/2026\/03\/GV-Messinghausen.jpg\"><img loading=\"lazy\" decoding=\"async\" src=\"https:\/\/www.feuerwehr-brilon.de\/wp-up\/2026\/03\/GV-Messinghausen-150x86.jpg\" alt=\"\" width=\"150\" height=\"86\" class=\"alignleft size-thumbnail wp-image-34518\" srcset=\"https:\/\/www.feuerwehr-brilon.de\/wp-up\/2026\/03\/GV-Messinghausen-150x86.jpg 150w, https:\/\/www.feuerwehr-brilon.de\/wp-up\/2026\/03\/GV-Messinghausen-500x288.jpg 500w, https:\/\/www.feuerwehr-brilon.de\/wp-up\/2026\/03\/GV-Messinghausen.jpg 1000w\" sizes=\"auto, (max-width: 150px) 100vw, 150px\" \/><\/a><\/p>\n","protected":false},"excerpt":{"rendered":"<p>Messinghausen. Zur diesj\u00e4hrige Generalversammlung der L\u00f6schgruppe Messinghausen konnte L\u00f6schgruppenf\u00fchrer Dominik Willecke insgesamt 45 aktive und passive Mitglieder begr\u00fc\u00dfen. Als G\u00e4ste hie\u00df er den Leiter der Feuerwehr Thomas Bauerfeind, Karin Wigge als Vertreterin der Stadt Brilon, Ortsvorsteher Andreas Sanow sowie ein Mitglied der Ehrenabteilung willkommen.<\/p>\n","protected":false},"author":66,"featured_media":34518,"comment_status":"closed","ping_status":"closed","sticky":false,"template":"","format":"standard","meta":{"_exactmetrics_skip_tracking":false,"_exactmetrics_sitenote_active":false,"_exactmetrics_sitenote_note":"","_exactmetrics_sitenote_category":0,"jetpack_post_was_ever_published":false,"_jetpack_newsletter_access":"","_jetpack_dont_email_post_to_subs":false,"_jetpack_newsletter_tier_id":0,"_jetpack_memberships_contains_paywalled_content":false,"_jetpack_memberships_contains_paid_content":false,"footnotes":""},"categories":[368],"tags":[329,47],"class_list":["post-34516","post","type-post","status-publish","format-standard","has-post-thumbnail","hentry","category-meldungen-2026","tag-generalversammlung","tag-messinghausen"],"jetpack_featured_media_url":"https:\/\/www.feuerwehr-brilon.de\/wp-up\/2026\/03\/GV-Messinghausen.jpg","jetpack_shortlink":"https:\/\/wp.me\/pCIJa-8YI","jetpack_sharing_enabled":true,"jetpack-related-posts":[{"id":9974,"url":"https:\/\/www.feuerwehr-brilon.de\/?p=9974","url_meta":{"origin":34516,"position":0},"title":"Generalversammlung der L\u00f6schgruppe Messinghausen","author":"Marc Heines","date":"11. M\u00e4rz 2014","format":false,"excerpt":"Messinghausen. Die L\u00f6schgruppe Messinghausen hielt am 01.02.2014 ihre diesj\u00e4hrige\u00a0 Generalversammlung ab. L\u00f6schgruppenf\u00fchrer Thomas Kemmerling konnte 50 aktive und f\u00f6rdernde Mitglieder der L\u00f6schgruppe begr\u00fc\u00dfen und blickte auf ein Jahr mit 1603 ehrenamtlich geleisteten Stunden zur\u00fcck. Er bedankte sich bei allen Kameraden f\u00fcr die tolle Ausrichtung des Stadtfeuerwehrtages im Rahmen des 100-j\u00e4hrigen\u2026","rel":"","context":"In &quot;Meldungen 2014&quot;","block_context":{"text":"Meldungen 2014","link":"https:\/\/www.feuerwehr-brilon.de\/?cat=183"},"img":{"alt_text":"CIMG3691i","src":"https:\/\/i0.wp.com\/www.feuerwehr-brilon.de\/wp-up\/2014\/03\/CIMG3691i-150x107.jpg?resize=350%2C200","width":350,"height":200},"classes":[]},{"id":30747,"url":"https:\/\/www.feuerwehr-brilon.de\/?p=30747","url_meta":{"origin":34516,"position":1},"title":"Generalversammlung der L\u00f6schgruppe Messinghausen","author":"Andreas Becker","date":"19. Februar 2023","format":false,"excerpt":"Messinghausen. Am Samstag, den 04.02.2023 er\u00f6ffnete L\u00f6schgruppenf\u00fchrer Hans-Joachim Hillebrand die diesj\u00e4hrige Hauptversammlung der L\u00f6schgruppe Messinghausen mit der Begr\u00fc\u00dfung von Wehrf\u00fchrer Thomas Bauerfeind, B\u00fcrgermeister Dr. Christof Bartsch und Ortsvorsteher Andreas Sanow. Im Anschluss folgten das Totengedenken und der T\u00e4tigkeitsbericht f\u00fcr das Jahr 2022. Die L\u00f6schgruppe Messinghausen wurde im vergangenen Jahr zu\u2026","rel":"","context":"In &quot;Meldungen 2023&quot;","block_context":{"text":"Meldungen 2023","link":"https:\/\/www.feuerwehr-brilon.de\/?cat=336"},"img":{"alt_text":"","src":"https:\/\/i0.wp.com\/www.feuerwehr-brilon.de\/wp-up\/2023\/02\/230204_GV-Mes_.jpg?resize=350%2C200&ssl=1","width":350,"height":200,"srcset":"https:\/\/i0.wp.com\/www.feuerwehr-brilon.de\/wp-up\/2023\/02\/230204_GV-Mes_.jpg?resize=350%2C200&ssl=1 1x, https:\/\/i0.wp.com\/www.feuerwehr-brilon.de\/wp-up\/2023\/02\/230204_GV-Mes_.jpg?resize=525%2C300&ssl=1 1.5x, https:\/\/i0.wp.com\/www.feuerwehr-brilon.de\/wp-up\/2023\/02\/230204_GV-Mes_.jpg?resize=700%2C400&ssl=1 2x"},"classes":[]},{"id":6362,"url":"https:\/\/www.feuerwehr-brilon.de\/?p=6362","url_meta":{"origin":34516,"position":2},"title":"Generalversammlung der L\u00f6schgruppe Messinghausen","author":"Marc Heines","date":"8. M\u00e4rz 2012","format":false,"excerpt":"Die L\u00f6schgruppe Messinghausen hielt am 04.02.2012 ihre diesj\u00e4hrige\u00a0 Generalversammlung ab. L\u00f6schgruppenf\u00fchrer Thomas Kemmerling blickte auf ein Jahr mit 1648 ehrenamtlich geleisteten Stunden zur\u00fcck. Ordnungsamtsleiter Marcus Bange und Ortsvorsteherin Hildegard Hillebrand als Vertreter f\u00fcr die Stadtverwaltung und den Rat dankten der L\u00f6schgruppe\u00a0 f\u00fcr die feuerwehrtechnische Arbeit und das ehrenamtlichen Engagement zum\u2026","rel":"","context":"In &quot;Meldungen 2012&quot;","block_context":{"text":"Meldungen 2012","link":"https:\/\/www.feuerwehr-brilon.de\/?cat=172"},"img":{"alt_text":"","src":"https:\/\/i0.wp.com\/www.feuerwehr-brilon.de\/wp-up\/2012\/03\/gv_messinghausen_12i-150x112.jpg?resize=350%2C200","width":350,"height":200},"classes":[]},{"id":4738,"url":"https:\/\/www.feuerwehr-brilon.de\/?p=4738","url_meta":{"origin":34516,"position":3},"title":"Versammlung der L\u00f6schgruppe Messinghausen","author":"Marc Heines","date":"5. April 2011","format":false,"excerpt":"Die L\u00f6schgruppe Messinghausen hielt am 05.02.2011 ihre diesj\u00e4hrige Generalversammlung ab. Fast f\u00fcnfzig aktive und f\u00f6rderaktive Kameraden waren der Einladung zur Generalversammlung gefolgt. L\u00f6schgruppenf\u00fchrer Thomas Kemmerling blickte auf ein Jahr mit 1808 ehrenamtlich geleisteten Stunden zur\u00fcck. Jugendfeuerwehrwart Hans-Joachim Hillebrand berichtete von der Ausbildung und den Aktivit\u00e4ten der Jugendfeuerwehr. Ortsvorsteherin Hildegard Hillebrand\u2026","rel":"","context":"In &quot;Meldungen 2011&quot;","block_context":{"text":"Meldungen 2011","link":"https:\/\/www.feuerwehr-brilon.de\/?cat=133"},"img":{"alt_text":"","src":"https:\/\/i0.wp.com\/www.feuerwehr-brilon.de\/wp-up\/2011\/04\/messinghausen_i-150x112.jpg?resize=350%2C200","width":350,"height":200},"classes":[]},{"id":8040,"url":"https:\/\/www.feuerwehr-brilon.de\/?p=8040","url_meta":{"origin":34516,"position":4},"title":"Generalversammlung der L\u00f6schgruppe Messinghausen","author":"Marc Heines","date":"4. M\u00e4rz 2013","format":false,"excerpt":"Die L\u00f6schgruppe Messinghausen hielt am 16.02.2013 ihre diesj\u00e4hrige Generalversammlung ab. L\u00f6schgruppenf\u00fchrer Thomas Kemmerling blickte auf ein Jahr mit 1522 ehrenamtlich geleisteten Stunden zur\u00fcck. B\u00fcrgermeister Franz Schrewe, Ortsvorsteherin Hildegard Hillebrand und die Wehrf\u00fchrung dankten der L\u00f6schgruppe f\u00fcr die feuerwehrtechnische Arbeit und das ehrenamtlichen Engagement zum Wohle der Dorfgemeinschaft. Wehrf\u00fchrer Wolfgang Hillebrand\u2026","rel":"","context":"In &quot;Meldungen 2013&quot;","block_context":{"text":"Meldungen 2013","link":"https:\/\/www.feuerwehr-brilon.de\/?cat=177"},"img":{"alt_text":"","src":"https:\/\/i0.wp.com\/www.feuerwehr-brilon.de\/wp-up\/2013\/03\/pmi1-150x85.jpg?resize=350%2C200","width":350,"height":200},"classes":[]},{"id":2596,"url":"https:\/\/www.feuerwehr-brilon.de\/?p=2596","url_meta":{"origin":34516,"position":5},"title":"Generalversammlung der L\u00f6schgruppe Messinghausen","author":"Marc Heines","date":"15. April 2010","format":false,"excerpt":"Die L\u00f6schgruppe Messinghausen hielt am 06.03.2010 ihre diesj\u00e4hrige\u00a0 Generalversammlung ab. L\u00f6schgruppenf\u00fchrer Wilfried G\u00f6bel blickte auf ein Jahr mit 1605 ehrenamtlich geleisteten Stunden zur\u00fcck. Ortsvorsteherin Hildegard Hillebrand und die Wehrf\u00fchrung dankten der L\u00f6schgruppe f\u00fcr diese geleistete Arbeit. Wehrf\u00fchrer Wolfgang Hillebrand bef\u00f6rderte insgesamt 7 Kameraden. Kevin Brandenburg, Daniel Kleine, Roman Voss und\u2026","rel":"","context":"In &quot;Meldungen 2010&quot;","block_context":{"text":"Meldungen 2010","link":"https:\/\/www.feuerwehr-brilon.de\/?cat=34"},"img":{"alt_text":"GeneralvMessinghausen","src":"https:\/\/i0.wp.com\/www.feuerwehr-brilon.de\/wp-up\/2010\/04\/GeneralvMessinghausen-125x93.jpg?resize=350%2C200","width":350,"height":200},"classes":[]}],"_links":{"self":[{"href":"https:\/\/www.feuerwehr-brilon.de\/index.php?rest_route=\/wp\/v2\/posts\/34516","targetHints":{"allow":["GET"]}}],"collection":[{"href":"https:\/\/www.feuerwehr-brilon.de\/index.php?rest_route=\/wp\/v2\/posts"}],"about":[{"href":"https:\/\/www.feuerwehr-brilon.de\/index.php?rest_route=\/wp\/v2\/types\/post"}],"author":[{"embeddable":true,"href":"https:\/\/www.feuerwehr-brilon.de\/index.php?rest_route=\/wp\/v2\/users\/66"}],"replies":[{"embeddable":true,"href":"https:\/\/www.feuerwehr-brilon.de\/index.php?rest_route=%2Fwp%2Fv2%2Fcomments&post=34516"}],"version-history":[{"count":3,"href":"https:\/\/www.feuerwehr-brilon.de\/index.php?rest_route=\/wp\/v2\/posts\/34516\/revisions"}],"predecessor-version":[{"id":34730,"href":"https:\/\/www.feuerwehr-brilon.de\/index.php?rest_route=\/wp\/v2\/posts\/34516\/revisions\/34730"}],"wp:featuredmedia":[{"embeddable":true,"href":"https:\/\/www.feuerwehr-brilon.de\/index.php?rest_route=\/wp\/v2\/media\/34518"}],"wp:attachment":[{"href":"https:\/\/www.feuerwehr-brilon.de\/index.php?rest_route=%2Fwp%2Fv2%2Fmedia&parent=34516"}],"wp:term":[{"taxonomy":"category","embeddable":true,"href":"https:\/\/www.feuerwehr-brilon.de\/index.php?rest_route=%2Fwp%2Fv2%2Fcategories&post=34516"},{"taxonomy":"post_tag","embeddable":true,"href":"https:\/\/www.feuerwehr-brilon.de\/index.php?rest_route=%2Fwp%2Fv2%2Ftags&post=34516"}],"curies":[{"name":"wp","href":"https:\/\/api.w.org\/{rel}","templated":true}]}}