{"id":34522,"date":"2026-05-01T07:00:19","date_gmt":"2026-05-01T05:00:19","guid":{"rendered":"https:\/\/www.feuerwehr-brilon.de\/?p=34522"},"modified":"2026-04-30T15:00:47","modified_gmt":"2026-04-30T13:00:47","slug":"jahreshauptversammlung-der-loeschgruppe-bontkirchen","status":"publish","type":"post","link":"https:\/\/www.feuerwehr-brilon.de\/?p=34522","title":{"rendered":"Jahreshauptversammlung der L\u00f6schgruppe Bontkirchen"},"content":{"rendered":"<p><a href=\"https:\/\/www.feuerwehr-brilon.de\/wp-up\/2026\/03\/JHV-Bontkirchen.jpg\"><img loading=\"lazy\" decoding=\"async\" src=\"https:\/\/www.feuerwehr-brilon.de\/wp-up\/2026\/03\/JHV-Bontkirchen-150x113.jpg\" alt=\"\" width=\"150\" height=\"113\" class=\"alignleft size-thumbnail wp-image-34525\" srcset=\"https:\/\/www.feuerwehr-brilon.de\/wp-up\/2026\/03\/JHV-Bontkirchen-150x113.jpg 150w, https:\/\/www.feuerwehr-brilon.de\/wp-up\/2026\/03\/JHV-Bontkirchen-500x375.jpg 500w, https:\/\/www.feuerwehr-brilon.de\/wp-up\/2026\/03\/JHV-Bontkirchen.jpg 1000w\" sizes=\"auto, (max-width: 150px) 100vw, 150px\" \/><\/a><a title=\"Bontkirchen\"href=\"http:\/\/www.feuerwehr-brilon.de\/?page_id=12\" target=\"_blank\">Bontkirchen. <\/a>Am Samstag, den 7. M\u00e4rz 2026, fand im Schulungsraum des Ger\u00e4tehauses die Jahreshauptversammlung der L\u00f6schgruppe Bontkirchen statt. L\u00f6schgruppenf\u00fchrer Thorsten Schwermer begr\u00fc\u00dfte zahlreiche Kameradinnen und Kameraden aller Abteilungen sowie G\u00e4ste aus Politik und Wehrf\u00fchrung, darunter den Leiter der Feuerwehr Brilon, Thomas Bauerfeind, und Ratsmitglied Jan Kleinschnittger.<!--more--><\/p>\n<p>Im Mittelpunkt des Abends standen neben personellen Ver\u00e4nderungen insbesondere Bef\u00f6rderungen und Ehrungen. Aus der Jugendfeuerwehr wurden Luis Br\u00fcne und Janne Tillisch in die Einsatzabteilung \u00fcbernommen und zum Feuerwehrmann bef\u00f6rdert. Nach erfolgreichem Abschluss des Gruppenf\u00fchrerlehrgangs wurde Nils Lange zum Brandmeister ernannt. F\u00fcr ihre 40-j\u00e4hrige Mitgliedschaft in der Feuerwehr wurden Ralf Lange, Franz-Josef Pack, Stephan von dem Berge und Michael Gemmeke ausgezeichnet.<\/p>\n<p>Auch Wahlen standen auf der Tagesordnung: Niklas Lange wurde zum stellvertretenden Schriftf\u00fchrer gew\u00e4hlt. Im F\u00f6rderverein \u00fcbernimmt zuk\u00fcnftig Hendrik Albracht das Amt des zweiten Vorsitzenden.<\/p>\n<p>Im R\u00fcckblick auf das vergangene Jahr wurde deutlich, dass der Schwerpunkt der Arbeit auf Ausbildung und Zusammenarbeit lag. Neben zahlreichen \u00dcbungsdiensten fanden gemeinsame \u00dcbungen mit den L\u00f6schgruppen Hoppecke und Messinghausen sowie mit Einheiten der Feuerwehr Diemelsee statt. Eine realit\u00e4tsnahe Atemschutz\u00fcbung in einem Abrissgeb\u00e4ude in Brilon bildete dabei einen besonderen Ausbildungsschwerpunkt. Insgesamt investierten die Mitglieder rund 2.300 Stunden in Eins\u00e4tze, \u00dcbungen und Lehrg\u00e4nge; die L\u00f6schgruppe wurde im Berichtszeitraum zu zwei Eins\u00e4tzen alarmiert.<\/p>\n<p>Dar\u00fcber hinaus engagierte sich die Einheit aktiv im Dorfleben, unter anderem beim Osterfeuer und beim Herbstfest. Um die Arbeit k\u00fcnftig noch effizienter zu gestalten, wurden neue organisatorische Bereiche eingerichtet, insbesondere zur strukturierten Betreuung der Atemschutzausbildung und der feuerwehrtechnischen Ger\u00e4te.<\/p>\n<p>Zum Abschluss dankte L\u00f6schgruppenf\u00fchrer Thorsten Schwermer allen Kameradinnen und Kameraden f\u00fcr ihr Engagement sowie den Unterst\u00fctzern aus Dorf, Politik und Feuerwehrf\u00fchrung.<br \/>\n<strong>Bilder:<\/strong><br \/>\n<a rel=\"lightbox\"<a href=\"https:\/\/www.feuerwehr-brilon.de\/wp-up\/2026\/03\/JHV-Bontkirchen.jpg\"><img loading=\"lazy\" decoding=\"async\" src=\"https:\/\/www.feuerwehr-brilon.de\/wp-up\/2026\/03\/JHV-Bontkirchen-150x113.jpg\" alt=\"\" width=\"150\" height=\"113\" class=\"alignleft size-thumbnail wp-image-34525\" srcset=\"https:\/\/www.feuerwehr-brilon.de\/wp-up\/2026\/03\/JHV-Bontkirchen-150x113.jpg 150w, https:\/\/www.feuerwehr-brilon.de\/wp-up\/2026\/03\/JHV-Bontkirchen-500x375.jpg 500w, https:\/\/www.feuerwehr-brilon.de\/wp-up\/2026\/03\/JHV-Bontkirchen.jpg 1000w\" sizes=\"auto, (max-width: 150px) 100vw, 150px\" \/><\/a><\/p>\n","protected":false},"excerpt":{"rendered":"<p>Bontkirchen. Am Samstag, den 7. M\u00e4rz 2026, fand im Schulungsraum des Ger\u00e4tehauses die Jahreshauptversammlung der L\u00f6schgruppe Bontkirchen statt. L\u00f6schgruppenf\u00fchrer Thorsten Schwermer begr\u00fc\u00dfte zahlreiche Kameradinnen und Kameraden aller Abteilungen sowie G\u00e4ste aus Politik und Wehrf\u00fchrung, darunter den Leiter der Feuerwehr Brilon, Thomas Bauerfeind, und Ratsmitglied Jan Kleinschnittger.<\/p>\n","protected":false},"author":66,"featured_media":34525,"comment_status":"closed","ping_status":"closed","sticky":false,"template":"","format":"standard","meta":{"_exactmetrics_skip_tracking":false,"_exactmetrics_sitenote_active":false,"_exactmetrics_sitenote_note":"","_exactmetrics_sitenote_category":0,"jetpack_post_was_ever_published":false,"_jetpack_newsletter_access":"","_jetpack_dont_email_post_to_subs":false,"_jetpack_newsletter_tier_id":0,"_jetpack_memberships_contains_paywalled_content":false,"_jetpack_memberships_contains_paid_content":false,"footnotes":""},"categories":[368],"tags":[141,340],"class_list":["post-34522","post","type-post","status-publish","format-standard","has-post-thumbnail","hentry","category-meldungen-2026","tag-bontkirchen","tag-jahreshauptversammlung"],"jetpack_featured_media_url":"https:\/\/www.feuerwehr-brilon.de\/wp-up\/2026\/03\/JHV-Bontkirchen.jpg","jetpack_shortlink":"https:\/\/wp.me\/pCIJa-8YO","jetpack_sharing_enabled":true,"jetpack-related-posts":[{"id":13321,"url":"https:\/\/www.feuerwehr-brilon.de\/?p=13321","url_meta":{"origin":34522,"position":0},"title":"Versammlung der L\u00f6schgruppe Bontkirchen","author":"Marc Heines","date":"9. April 2016","format":false,"excerpt":"L\u00f6schgruppenf\u00fchrer Peter Hennecke im Amt best\u00e4tigt. Drei Neue in der Einsatzabteilung Bontkirchen. Im Rahmen der Jahreshauptversammlung der L\u00f6schgruppe Bontkirchen am 12.03.2016, konnte L\u00f6schgruppenf\u00fchrer Peter Hennecke 23 aktive Mitglieder der L\u00f6schgruppe, 7 passive Mitglieder des F\u00f6rdervereins, 12 Mitglieder der Jugendfeuerwehr, den Leiter der Feuerwehr Wolfgang Hillebrand, B\u00fcrgermeister Dr. Christof Bartsch, Ortsvorsteher\u2026","rel":"","context":"In &quot;Meldungen 2016&quot;","block_context":{"text":"Meldungen 2016","link":"https:\/\/www.feuerwehr-brilon.de\/?cat=202"},"img":{"alt_text":"20160312_212626n","src":"https:\/\/i0.wp.com\/www.feuerwehr-brilon.de\/wp-up\/2016\/04\/20160312_212626n-150x84.jpg?resize=350%2C200","width":350,"height":200},"classes":[]},{"id":12592,"url":"https:\/\/www.feuerwehr-brilon.de\/?p=12592","url_meta":{"origin":34522,"position":1},"title":"Stadtfeuerwehrtag in Bontkirchen","author":"Andreas Becker","date":"4. Oktober 2015","format":false,"excerpt":"Bontkirchen. Anl\u00e4sslich ihres 75-j\u00e4hrigen Bestehen hatte die L\u00f6schgruppe Bontkirchen zum diesj\u00e4hrigen Stadtfeuerwehrtag eingeladen. Au\u00dferdem konnte die Jugendfeuerwehr der L\u00f6schgruppe ihr 10-j\u00e4hriges Jubil\u00e4um feiern. Die Jugendfeuerwehr feierte dieses bereits am Nachmittag. Beim \u201eSpiel ohne Grenzen\u201c haben sich die Nachwuchsbrandsch\u00fctzer aus der Stadt Brilon gemessen. Der Festakt zum Stadtfeuerwehrtag begann mit der\u2026","rel":"","context":"In &quot;Allgemein&quot;","block_context":{"text":"Allgemein","link":"https:\/\/www.feuerwehr-brilon.de\/?cat=1"},"img":{"alt_text":"image012","src":"https:\/\/i0.wp.com\/www.feuerwehr-brilon.de\/wp-up\/2015\/09\/image012-150x100.jpg?resize=350%2C200","width":350,"height":200},"classes":[]},{"id":3145,"url":"https:\/\/www.feuerwehr-brilon.de\/?p=3145","url_meta":{"origin":34522,"position":2},"title":"Ger\u00e4tehausanbau bei der LG Bontkirchen","author":"Marc Heines","date":"16. Oktober 2010","format":false,"excerpt":"70 Jahre L\u00f6schgruppe Bontkirchen und ein nagelneuer Anbau, Grund genug beides zu feiern. Bereits am Samstag begann das Festwochenende mit einem D\u00e4mmerschoppen. Am Sonntagmorgen wurde in einer kleinen Feierstunde der Anbau des Feuerwehrhauses eingeweiht. Fahrzeug, Ger\u00e4te und die Umkleide waren in einer viel zu kleinen Fahrzeughalle untergebracht. Mit gut 2000\u2026","rel":"","context":"In &quot;Meldungen 2010&quot;","block_context":{"text":"Meldungen 2010","link":"https:\/\/www.feuerwehr-brilon.de\/?cat=34"},"img":{"alt_text":"","src":"https:\/\/i0.wp.com\/www.feuerwehr-brilon.de\/wp-up\/2010\/10\/Einweihung-Bontkrichen-61-150x107.jpg?resize=350%2C200&ssl=1","width":350,"height":200},"classes":[]},{"id":33519,"url":"https:\/\/www.feuerwehr-brilon.de\/?p=33519","url_meta":{"origin":34522,"position":3},"title":"Erste Hilfe Lehrgang in Bontkirchen: \u00a0DRK schult L\u00f6schgruppe und Dorfgemeinschaft","author":"Andreas Becker","date":"5. Juni 2025","format":false,"excerpt":"Bontkirchen. Am 14. und 15. Mai stand in Bontkirchen alles im Zeichen der Lebensrettung: Die L\u00f6schgruppe Bontkirchen veranstaltete in Zusammenarbeit mit dem Deutschen Roten Kreuz (DRK) Brilon einen umfassenden Erste Hilfe Lehrgang. Offen, nicht nur f\u00fcr Feuerwehrangeh\u00f6rige, sondern auch f\u00fcr interessierte Dorfbewohnerinnen und Dorfbewohner. \u00a0 Das Ziel: Die Kameraden der\u2026","rel":"","context":"In &quot;Meldungen 2025&quot;","block_context":{"text":"Meldungen 2025","link":"https:\/\/www.feuerwehr-brilon.de\/?cat=366"},"img":{"alt_text":"","src":"https:\/\/i0.wp.com\/www.feuerwehr-brilon.de\/wp-up\/2025\/06\/BTK-02_HP-113x150.jpg?resize=350%2C200&ssl=1","width":350,"height":200},"classes":[]},{"id":10599,"url":"https:\/\/www.feuerwehr-brilon.de\/?p=10599","url_meta":{"origin":34522,"position":4},"title":"Scheunenbrand in Bontkirchen","author":"Andreas Becker","date":"15. Juni 2014","format":false,"excerpt":"Bontkirchen. Kurz nach 13 Uhr heulte am Samstag, den 14. Juni in Bontkirchen die Sirene. Ein Scheune in N\u00e4he der Kl\u00e4ranlage war in Brand geraten. 18 Feuerwehrm\u00e4nner der L\u00f6schgruppe Bontkirchen waren rasch vor Ort und begannen mit den L\u00f6schma\u00dfnahmen. Da die Scheune bei Eintreffen in Vollbrand stand, wurden weitere Kr\u00e4fte\u2026","rel":"","context":"In &quot;Eins\u00e4tze 2014&quot;","block_context":{"text":"Eins\u00e4tze 2014","link":"https:\/\/www.feuerwehr-brilon.de\/?cat=184"},"img":{"alt_text":"P1000696","src":"https:\/\/i0.wp.com\/www.feuerwehr-brilon.de\/wp-up\/2014\/06\/P1000696-150x112.jpg?resize=350%2C200","width":350,"height":200},"classes":[]},{"id":9928,"url":"https:\/\/www.feuerwehr-brilon.de\/?p=9928","url_meta":{"origin":34522,"position":5},"title":"Schwelbrand in Wohnhaus in Bontkirchen","author":"Andreas Becker","date":"2. M\u00e4rz 2014","format":false,"excerpt":"Bontkirchen. Zu einem ausgedehnten Schwelbrand kam es am fr\u00fchen Sonntagmorgen in einem Wohnhaus in der Stra\u00dfe \u201eZum Hoppecker Berg\u201c im Ortsteil Bontkirchen. Als gegen 1:20 Uhr eine aufmerksame Nachbarin Rauchentwicklung in dem Haus bemerkte, setzte sie umgehend einen Notruf ab. Da nicht bekannt war ob sich noch Personen im Geb\u00e4ude\u2026","rel":"","context":"In &quot;Eins\u00e4tze 2014&quot;","block_context":{"text":"Eins\u00e4tze 2014","link":"https:\/\/www.feuerwehr-brilon.de\/?cat=184"},"img":{"alt_text":"Brand_Bontkirchen-1","src":"https:\/\/i0.wp.com\/www.feuerwehr-brilon.de\/wp-up\/2014\/03\/Brand_Bontkirchen-1-2-150x112.jpg?resize=350%2C200","width":350,"height":200},"classes":[]}],"_links":{"self":[{"href":"https:\/\/www.feuerwehr-brilon.de\/index.php?rest_route=\/wp\/v2\/posts\/34522","targetHints":{"allow":["GET"]}}],"collection":[{"href":"https:\/\/www.feuerwehr-brilon.de\/index.php?rest_route=\/wp\/v2\/posts"}],"about":[{"href":"https:\/\/www.feuerwehr-brilon.de\/index.php?rest_route=\/wp\/v2\/types\/post"}],"author":[{"embeddable":true,"href":"https:\/\/www.feuerwehr-brilon.de\/index.php?rest_route=\/wp\/v2\/users\/66"}],"replies":[{"embeddable":true,"href":"https:\/\/www.feuerwehr-brilon.de\/index.php?rest_route=%2Fwp%2Fv2%2Fcomments&post=34522"}],"version-history":[{"count":4,"href":"https:\/\/www.feuerwehr-brilon.de\/index.php?rest_route=\/wp\/v2\/posts\/34522\/revisions"}],"predecessor-version":[{"id":34729,"href":"https:\/\/www.feuerwehr-brilon.de\/index.php?rest_route=\/wp\/v2\/posts\/34522\/revisions\/34729"}],"wp:featuredmedia":[{"embeddable":true,"href":"https:\/\/www.feuerwehr-brilon.de\/index.php?rest_route=\/wp\/v2\/media\/34525"}],"wp:attachment":[{"href":"https:\/\/www.feuerwehr-brilon.de\/index.php?rest_route=%2Fwp%2Fv2%2Fmedia&parent=34522"}],"wp:term":[{"taxonomy":"category","embeddable":true,"href":"https:\/\/www.feuerwehr-brilon.de\/index.php?rest_route=%2Fwp%2Fv2%2Fcategories&post=34522"},{"taxonomy":"post_tag","embeddable":true,"href":"https:\/\/www.feuerwehr-brilon.de\/index.php?rest_route=%2Fwp%2Fv2%2Ftags&post=34522"}],"curies":[{"name":"wp","href":"https:\/\/api.w.org\/{rel}","templated":true}]}}