{"id":34639,"date":"2026-04-30T13:58:43","date_gmt":"2026-04-30T11:58:43","guid":{"rendered":"https:\/\/www.feuerwehr-brilon.de\/?p=34639"},"modified":"2026-04-30T13:58:43","modified_gmt":"2026-04-30T11:58:43","slug":"jahreshauptversammlung-des-loeschzuges-brilon-2026","status":"publish","type":"post","link":"https:\/\/www.feuerwehr-brilon.de\/?p=34639","title":{"rendered":"Jahreshauptversammlung des L\u00f6schzuges Brilon 2026"},"content":{"rendered":"<p><a href=\"https:\/\/www.feuerwehr-brilon.de\/wp-up\/2026\/04\/JHV_Brilon_26_2-e1776239390833.png\"><img loading=\"lazy\" decoding=\"async\" src=\"https:\/\/www.feuerwehr-brilon.de\/wp-up\/2026\/04\/JHV_Brilon_26_2-e1776239390833.png\" alt=\"\" width=\"150\" height=\"113\" class=\"alignleft size-thumbnail wp-image-34639\" \/><\/a><a title=\"Bontkirchen\" href=\"http:\/\/www.feuerwehr-brilon.de\/?page_id=7\" target=\"_blank\">Brilon. <\/a> Bei der j\u00e4hrlichen Jahreshauptversammlung des L\u00f6schzuges Brilon im Feuerwehrhaus begr\u00fc\u00dfte L\u00f6schzugf\u00fchrer Marc Heines 118 Feuerwehrfrauen und -m\u00e4nner des L\u00f6schzuges sowie des Tambourkorps. <!--more--><\/p>\n<p>Neben den Feuerwehrfrauen und -m\u00e4nnern der Jugendfeuerwehr, der Einsatzabteilung, des Tambourkorps und der Ehrenabteilung waren auch der B\u00fcrgermeister der Stadt Brilon, Dr. Christof Bartsch, der Leiter der Feuerwehr, Thomas Bauerfeind, sowie Vertreter des Stadtrats und der Verwaltung der Stadt Brilon anwesend. <\/p>\n<p>Das Thema Verantwortung stand im Fokus der Begr\u00fc\u00dfung durch L\u00f6schzugf\u00fchrer Marc Heines. Die Verantwortung, eigene Probleme l\u00f6sen zu k\u00f6nnen, wird immer mehr abgel\u00f6st durch Technik und Assistenzsysteme. Doch was passiert, wenn diese ausfallen? Probleme l\u00f6sen, auch wenn es nicht die eigenen sind, ist Teil der Verantwortung, die jede Einheit im Katastrophenschutz tr\u00e4gt. Er bedankt sich bei allen, die Verantwortung \u00fcbernehmen. <\/p>\n<p>In seinem Jahresbericht blickte L\u00f6schzugf\u00fchrer Marc Heines auf das vergangene Jahr des L\u00f6schzuges zur\u00fcck. Das Highlight war die \u00dcbergabe der neuen Fahrzeughalle. Im Jahr 2025 war der L\u00f6schzug bei 189 Eins\u00e4tzen 2468 Stunden unterwegs, um in Not geratenen B\u00fcrgern oder Tieren zu helfen. Nach einem H\u00f6chststand in 2024, sind die Zahlen minimal r\u00fcckl\u00e4ufig. Verglichen mit den letzten Jahren, sind die Zahlen dennoch auf einem hohen Niveau. Gestiegen sind insbesondere die Eins\u00e4tze der Kategorie \u201e\u00dcber\u00f6rtliche Hilfe\u201c, so der stellvertretende L\u00f6schzugf\u00fchrer Michael Klaholz, der die Einsatzstatistik vorstellte. Hierbei handelt es sich um Eins\u00e4tze, bei denen Feuerwehrleute au\u00dferhalb der Briloner Stadtgrenzen unterst\u00fctzen.<\/p>\n<p>Es konnten im Jahr 2025 insgesamt 23 Personen aus einer Notlage gerettet werden. In Summe leisteten 85 aktive Einsatzkr\u00e4fte mehrere tausend Stunden ehrenamtlichen Dienst f\u00fcr Eins\u00e4tze, Ausbildung und alle weiteren anfallende Aufgaben. <\/p>\n<p>Nach den Jahresberichten, die auch von der Jugendfeuerwehr, dem Tambourkorps und der Ehrenabteilung vorgetragen wurden, begr\u00fc\u00dfte B\u00fcrgermeister Dr. Christof Bartsch die Anwesenden.<br \/>\nIm Anschluss nahm der B\u00fcrgermeister die Ehrungen f\u00fcr langj\u00e4hriges Engagement vor. Die Auszeichnung f\u00fcr 35 Jahre erhielt Bernd Lahme. F\u00fcr 40 Jahre Mitgliedschaft wurden Reinhard Becker und Klaus L\u00fcke geehrt. Die h\u00f6chste Auszeichnung erhielt der ehemalige L\u00f6schzugf\u00fchrer Engelbert Sprenger f\u00fcr 60 Jahre Dienst f\u00fcr die Allgemeinheit. <\/p>\n<p>Dem Leiter der Feuerwehr obliegt es, die Bef\u00f6rderungen und Funktionsernennungen vorzunehmen. Gabriel Klaholz, Laurin Ledebur, Tom Arne Steinert und Felix Vo\u00df wurden zum Feuerwehrmann bef\u00f6rdert. Nils Wigge wurde zum Oberfeuerwehrmann bef\u00f6rdert. Jannick Heines, Maximilian J\u00e4nsch, Marvin Thiele und Felix Schmidt wurden zum Unterbrandmeister bef\u00f6rdert. Daniel Becker wurde zum Oberbrandmeister und Stefan B\u00f6ddicker zum Brandinspektor bef\u00f6rdert. Ebenfalls wurde Dirk Mainzer zum Brandoberinspektor bef\u00f6rdert.<\/p>\n<p>Im kommenden Jahr findet der Wandertag am 19.07.2026 statt. Au\u00dferdem k\u00f6nnen sich G\u00e4ste aus nah und fern auf das traditionelle Waldfest im Rochus freuen, welches am 15. und 16.08.2026 gefeiert wird.<\/p>\n<p><strong>Bilder:<\/strong><br \/>\n<a rel=\"lightbox\" href=\"https:\/\/www.feuerwehr-brilon.de\/wp-up\/2026\/04\/JHV_Brilon_26_1-e1776239410186.png\"><img loading=\"lazy\" decoding=\"async\" src=\"https:\/\/www.feuerwehr-brilon.de\/wp-up\/2026\/04\/JHV_Brilon_26_1-e1776239410186.png\" alt=\"\" width=\"113\" height=\"150\" class=\"alignleft size-thumbnail wp-image-34639\" \/><\/a><a rel=\"lightbox\" href=\"https:\/\/www.feuerwehr-brilon.de\/wp-up\/2026\/04\/JHV_Brilon_26_2-e1776239390833.png\"><img loading=\"lazy\" decoding=\"async\" src=\"https:\/\/www.feuerwehr-brilon.de\/wp-up\/2026\/04\/JHV_Brilon_26_2-e1776239390833.png\" alt=\"\" width=\"113\" height=\"150\" class=\"alignleft size-thumbnail wp-image-34639\" \/><\/a><\/p>\n","protected":false},"excerpt":{"rendered":"<p>Brilon. Bei der j\u00e4hrlichen Jahreshauptversammlung des L\u00f6schzuges Brilon im Feuerwehrhaus begr\u00fc\u00dfte L\u00f6schzugf\u00fchrer Marc Heines 118 Feuerwehrfrauen und -m\u00e4nner des L\u00f6schzuges sowie des Tambourkorps.<\/p>\n","protected":false},"author":67,"featured_media":0,"comment_status":"closed","ping_status":"closed","sticky":false,"template":"","format":"standard","meta":{"_exactmetrics_skip_tracking":false,"_exactmetrics_sitenote_active":false,"_exactmetrics_sitenote_note":"","_exactmetrics_sitenote_category":0,"jetpack_post_was_ever_published":false,"_jetpack_newsletter_access":"","_jetpack_dont_email_post_to_subs":false,"_jetpack_newsletter_tier_id":0,"_jetpack_memberships_contains_paywalled_content":false,"_jetpack_memberships_contains_paid_content":false,"footnotes":""},"categories":[368],"tags":[],"class_list":["post-34639","post","type-post","status-publish","format-standard","hentry","category-meldungen-2026"],"jetpack_featured_media_url":"","jetpack_shortlink":"https:\/\/wp.me\/pCIJa-90H","jetpack_sharing_enabled":true,"jetpack-related-posts":[{"id":32043,"url":"https:\/\/www.feuerwehr-brilon.de\/?p=32043","url_meta":{"origin":34639,"position":0},"title":"Jahreshauptversammlung des L\u00f6schzuges Brilon","author":"Marcus Bange","date":"1. Februar 2024","format":false,"excerpt":"Brilon. Zur Jahreshauptversammlung des L\u00f6schzuges Brilon konnte L\u00f6schzugf\u00fchrer Marc Heines 106 Feuerwehrfrauen und -m\u00e4nner des L\u00f6schzuges und des Tambourkorps im Feuerwehrhaus Brilon begr\u00fc\u00dfen. Neben den Feuerwehrfrauen und -m\u00e4nnern der Jugendfeuerwehr, der Einsatzabteilung, des Tambourkorps und der Ehrenabteilung waren auch der B\u00fcrgermeister der Stadt Brilon, Dr. Christof Bartsch, der 1. Beigeordnete\u2026","rel":"","context":"In &quot;Meldungen 2024&quot;","block_context":{"text":"Meldungen 2024","link":"https:\/\/www.feuerwehr-brilon.de\/?cat=359"},"img":{"alt_text":"","src":"https:\/\/i0.wp.com\/www.feuerwehr-brilon.de\/wp-up\/2024\/02\/Generalversammlung-LZ-Brilon-2024-1.jpg?resize=350%2C200&ssl=1","width":350,"height":200,"srcset":"https:\/\/i0.wp.com\/www.feuerwehr-brilon.de\/wp-up\/2024\/02\/Generalversammlung-LZ-Brilon-2024-1.jpg?resize=350%2C200&ssl=1 1x, https:\/\/i0.wp.com\/www.feuerwehr-brilon.de\/wp-up\/2024\/02\/Generalversammlung-LZ-Brilon-2024-1.jpg?resize=525%2C300&ssl=1 1.5x, https:\/\/i0.wp.com\/www.feuerwehr-brilon.de\/wp-up\/2024\/02\/Generalversammlung-LZ-Brilon-2024-1.jpg?resize=700%2C400&ssl=1 2x"},"classes":[]},{"id":33197,"url":"https:\/\/www.feuerwehr-brilon.de\/?p=33197","url_meta":{"origin":34639,"position":1},"title":"Jahreshauptversammlung des L\u00f6schzuges Brilon","author":"Andreas Becker","date":"9. Februar 2025","format":false,"excerpt":"Brilon. Am 17.01.2025 fand die j\u00e4hrliche Jahreshauptversammlung des L\u00f6schzuges Brilon statt. L\u00f6schzugf\u00fchrer Marc Heines konnte 107 Feuerwehrfrauen und -m\u00e4nner des L\u00f6schzuges und des Tambourkorps im Feuerwehrhaus Brilon begr\u00fc\u00dfen. Neben den Feuerwehrfrauen und -m\u00e4nnern der Jugendfeuerwehr, der Einsatzabteilung, des Tambourkorps und der Ehrenabteilung waren auch der B\u00fcrgermeister der Stadt Brilon, Dr.\u2026","rel":"","context":"In &quot;Meldungen 2025&quot;","block_context":{"text":"Meldungen 2025","link":"https:\/\/www.feuerwehr-brilon.de\/?cat=366"},"img":{"alt_text":"","src":"https:\/\/i0.wp.com\/www.feuerwehr-brilon.de\/wp-up\/2025\/02\/eZy-Watermark_09-02-2025_05-33-47-6130PM.jpeg?resize=350%2C200&ssl=1","width":350,"height":200,"srcset":"https:\/\/i0.wp.com\/www.feuerwehr-brilon.de\/wp-up\/2025\/02\/eZy-Watermark_09-02-2025_05-33-47-6130PM.jpeg?resize=350%2C200&ssl=1 1x, https:\/\/i0.wp.com\/www.feuerwehr-brilon.de\/wp-up\/2025\/02\/eZy-Watermark_09-02-2025_05-33-47-6130PM.jpeg?resize=525%2C300&ssl=1 1.5x, https:\/\/i0.wp.com\/www.feuerwehr-brilon.de\/wp-up\/2025\/02\/eZy-Watermark_09-02-2025_05-33-47-6130PM.jpeg?resize=700%2C400&ssl=1 2x"},"classes":[]},{"id":30774,"url":"https:\/\/www.feuerwehr-brilon.de\/?p=30774","url_meta":{"origin":34639,"position":2},"title":"Jahreshauptversammlung des L\u00f6schzuges Brilon &#8211; Neue L\u00f6schzugf\u00fchrung","author":"Marcus Bange","date":"23. Februar 2023","format":false,"excerpt":"Brilon. Im Januar begr\u00fc\u00dfte L\u00f6schzugf\u00fchrer Thomas B\u00f6ddicker 110 Feuerwehrleute zur gemeinsamen Jahreshauptversammlung des L\u00f6schzug Brilon und des Tambourkorps Brilon. Neben den Feuerwehrfrauen und -m\u00e4nnern der Jugendfeuerwehr, Einsatzabteilung, Tambourkorps und Ehrenabteilung waren auch der B\u00fcrgermeister der Stadt Brilon, Dr. Christof Bartsch, der Leiter der Feuerwehr Thomas Bauerfeind sowie Vertreter der SPD-\u2026","rel":"","context":"In &quot;Allgemein&quot;","block_context":{"text":"Allgemein","link":"https:\/\/www.feuerwehr-brilon.de\/?cat=1"},"img":{"alt_text":"","src":"https:\/\/i0.wp.com\/www.feuerwehr-brilon.de\/wp-up\/2023\/02\/GV-Loeschzug-Brilon-neu.jpg?resize=350%2C200&ssl=1","width":350,"height":200,"srcset":"https:\/\/i0.wp.com\/www.feuerwehr-brilon.de\/wp-up\/2023\/02\/GV-Loeschzug-Brilon-neu.jpg?resize=350%2C200&ssl=1 1x, https:\/\/i0.wp.com\/www.feuerwehr-brilon.de\/wp-up\/2023\/02\/GV-Loeschzug-Brilon-neu.jpg?resize=525%2C300&ssl=1 1.5x, https:\/\/i0.wp.com\/www.feuerwehr-brilon.de\/wp-up\/2023\/02\/GV-Loeschzug-Brilon-neu.jpg?resize=700%2C400&ssl=1 2x"},"classes":[]},{"id":673,"url":"https:\/\/www.feuerwehr-brilon.de\/?p=673","url_meta":{"origin":34639,"position":3},"title":"Jahreshauptversammlung des L\u00f6schzug Brilon","author":"Marc Heines","date":"9. Januar 2009","format":false,"excerpt":"Der L\u00f6schzug Brilon hat am 09.01. seine Jahreshauptversammlung durchgef\u00fchrt. Dazu konnte L\u00f6schzugf\u00fchrer Thomas B\u00f6ddicker den B\u00fcrgermeister Franz Schrewe, Fachbereichsleiterin Karin Wigge, Ordnungsamtleiter Marcus Bange, stv. Kreisbrandmeister Hubertus Kreft, Wehrf\u00fchrer G\u00fcnther Piasecki und 110 Feuerwehrfrauen und -m\u00e4nner begr\u00fc\u00dfen. Ebenfalls anwesend waren Vertreter der Ratsfraktionen, Herr Malinowski von der CDU, Herr Becker\u2026","rel":"","context":"In &quot;Meldungen 2009&quot;","block_context":{"text":"Meldungen 2009","link":"https:\/\/www.feuerwehr-brilon.de\/?cat=11"},"img":{"alt_text":"v.l. L\u00f6schzugf\u00fchrer Thomas B\u00f6ddicker, stv. L\u00f6schzugf\u00fchrer J\u00fcrgen Mertens, Wehrf\u00fchrer G\u00fcnter Piasecki, Marcus Bange, Hans Josef B\u00f6ddicker, Gerhard Becker, Wolfgang Schreckenberg, Reinhard Wegener, Petra Niggemeyer, Winfried Wiegelmann, Fachbereichsleiterin Karin Wigge, B\u00fcrgermeister Franz Schrewe, stv. Kreisbrandmeister Hubertus Kreft.","src":"https:\/\/i0.wp.com\/www.feuerwehr-brilon.de\/wp-up\/2009\/01\/ehrung-gv-2009i-125x125.jpg?resize=350%2C200","width":350,"height":200},"classes":[]},{"id":1993,"url":"https:\/\/www.feuerwehr-brilon.de\/?p=1993","url_meta":{"origin":34639,"position":4},"title":"Generalversammlung des L\u00f6schzug Brilon","author":"Marc Heines","date":"9. Januar 2010","format":false,"excerpt":"Der L\u00f6schzug Brilon hat am 08.01.2010 seine Jahreshauptversammlung durchgef\u00fchrt. L\u00f6schzugf\u00fchrer Thomas B\u00f6ddicker konnte dazu \u00fcber hundert Kameradinnen und Kameraden des L\u00f6schzuges, Vertreter des Rates und der Verwaltung der Stadt Brilon und den Wehrf\u00fchrer der Feuerwehr Brilon begr\u00fc\u00dfen. Im Jahresbericht \u00fcber das Jahr 2009 ging L\u00f6schzugf\u00fchrer B\u00f6ddicker auf die vielf\u00e4ltigen Termine\u2026","rel":"","context":"In &quot;Meldungen 2010&quot;","block_context":{"text":"Meldungen 2010","link":"https:\/\/www.feuerwehr-brilon.de\/?cat=34"},"img":{"alt_text":"alle_i","src":"https:\/\/i0.wp.com\/www.feuerwehr-brilon.de\/wp-up\/2010\/01\/alle_i-125x76.jpg?resize=350%2C200","width":350,"height":200},"classes":[]},{"id":120,"url":"https:\/\/www.feuerwehr-brilon.de\/?p=120","url_meta":{"origin":34639,"position":5},"title":"Verabschiedung von Stadtbrandinspektor Engelbert Sprenger","author":"Marc Heines","date":"2. Mai 2008","format":false,"excerpt":"Stadtbrandinspektor Engelbert Sprenger wurde am 02.05.2008 mit erreichen der Altersgrenze in einer Feierstunde in die Ehrenabteilung verabschiedet. Die feierliche Verabschiedung begann traditionell mit einem Fackelzug durch den L\u00f6schzug Brilon, dem er bereits seit 43 Jahren angeh\u00f6rt. Von 1987 an \u00fcbernahm Herr Sprenger die Funktion als stv. L\u00f6schzugf\u00fchrer bis er 1999\u2026","rel":"","context":"In &quot;Meldungen 2008&quot;","block_context":{"text":"Meldungen 2008","link":"https:\/\/www.feuerwehr-brilon.de\/?cat=4"},"img":{"alt_text":"","src":"https:\/\/i0.wp.com\/www.feuerwehr-brilon.de\/wp-up\/2008\/07\/s.jpg?resize=350%2C200&ssl=1","width":350,"height":200},"classes":[]}],"_links":{"self":[{"href":"https:\/\/www.feuerwehr-brilon.de\/index.php?rest_route=\/wp\/v2\/posts\/34639","targetHints":{"allow":["GET"]}}],"collection":[{"href":"https:\/\/www.feuerwehr-brilon.de\/index.php?rest_route=\/wp\/v2\/posts"}],"about":[{"href":"https:\/\/www.feuerwehr-brilon.de\/index.php?rest_route=\/wp\/v2\/types\/post"}],"author":[{"embeddable":true,"href":"https:\/\/www.feuerwehr-brilon.de\/index.php?rest_route=\/wp\/v2\/users\/67"}],"replies":[{"embeddable":true,"href":"https:\/\/www.feuerwehr-brilon.de\/index.php?rest_route=%2Fwp%2Fv2%2Fcomments&post=34639"}],"version-history":[{"count":4,"href":"https:\/\/www.feuerwehr-brilon.de\/index.php?rest_route=\/wp\/v2\/posts\/34639\/revisions"}],"predecessor-version":[{"id":34726,"href":"https:\/\/www.feuerwehr-brilon.de\/index.php?rest_route=\/wp\/v2\/posts\/34639\/revisions\/34726"}],"wp:attachment":[{"href":"https:\/\/www.feuerwehr-brilon.de\/index.php?rest_route=%2Fwp%2Fv2%2Fmedia&parent=34639"}],"wp:term":[{"taxonomy":"category","embeddable":true,"href":"https:\/\/www.feuerwehr-brilon.de\/index.php?rest_route=%2Fwp%2Fv2%2Fcategories&post=34639"},{"taxonomy":"post_tag","embeddable":true,"href":"https:\/\/www.feuerwehr-brilon.de\/index.php?rest_route=%2Fwp%2Fv2%2Ftags&post=34639"}],"curies":[{"name":"wp","href":"https:\/\/api.w.org\/{rel}","templated":true}]}}