{"id":34669,"date":"2026-05-02T07:00:20","date_gmt":"2026-05-02T05:00:20","guid":{"rendered":"https:\/\/www.feuerwehr-brilon.de\/?p=34669"},"modified":"2026-04-30T13:00:04","modified_gmt":"2026-04-30T11:00:04","slug":"70-jahre-engagement-und-starke-gemeinschaft","status":"publish","type":"post","link":"https:\/\/www.feuerwehr-brilon.de\/?p=34669","title":{"rendered":"70 Jahre Engagement und starke Gemeinschaft"},"content":{"rendered":"<p><a href=\"https:\/\/www.feuerwehr-brilon.de\/wp-up\/2026\/04\/JHV-Altenbueren-alt.jpg\"><img loading=\"lazy\" decoding=\"async\" src=\"https:\/\/www.feuerwehr-brilon.de\/wp-up\/2026\/04\/JHV-Altenbueren-alt-150x141.jpg\" alt=\"\" width=\"150\" height=\"141\" class=\"alignleft size-thumbnail wp-image-34678\" srcset=\"https:\/\/www.feuerwehr-brilon.de\/wp-up\/2026\/04\/JHV-Altenbueren-alt-150x141.jpg 150w, https:\/\/www.feuerwehr-brilon.de\/wp-up\/2026\/04\/JHV-Altenbueren-alt-500x469.jpg 500w, https:\/\/www.feuerwehr-brilon.de\/wp-up\/2026\/04\/JHV-Altenbueren-alt.jpg 1000w\" sizes=\"auto, (max-width: 150px) 100vw, 150px\" \/><\/a><a title=\"Altenb\u00fcren\"href=\"http:\/\/www.feuerwehr-brilon.de\/?page_id=23\" target=\"_blank\">Altenb\u00fcren. <\/a>Zur diesj\u00e4hrigen Generalversammlung der L\u00f6schgruppe Altenb\u00fcren konnte L\u00f6schgruppenf\u00fchrer Manuel H\u00fcmmecke zahlreiche G\u00e4ste sowie die Kameradinnen und Kameraden der Einsatz- und Ehrenabteilung und die Mitglieder des F\u00f6rdervereins begr\u00fc\u00dfen. Unter den Anwesenden befanden sich unter anderem Amtsleiterin Karin Wigge, der stellvertretende Wehrleiter Manuel Henke, die Ratsmitglieder Manfred G\u00f6ke und Sebastian Schmidt sowie Ortsvorsteher Holger Forsboom.<!--more--><\/p>\n<p>In seinem T\u00e4tigkeitsbericht blickte H\u00fcmmecke auf ein arbeitsreiches Jahr zur\u00fcck. Insgesamt wurde die L\u00f6schgruppe zu 18 Eins\u00e4tzen alarmiert. Diese gliederten sich in 4 Brandeins\u00e4tze, 6 Sicherheitsdienste und 8 technische Hilfeleistungen. Ein besonderer Fokus der insgesamt 930 geleisteten \u00dcbungsstunden lag auf der Optimierung des Innenangriffs sowie auf der technischen Hilfeleistung bei Verkehrsunf\u00e4llen.<\/p>\n<p>Auch die Aus- und Fortbildung nahm einen wichtigen Stellenwert ein: Lehrg\u00e4nge von Stefan Bals und Matti Bertels sowie Fortbildungen von Manuel H\u00fcmmecke, Thorsten Kievel und J\u00f6rg M\u00fcller summierten sich auf insgesamt 195 Stunden. Die Neuaufnahmen von Julius Borys, Malte Mester und Linus M\u00fcller als Feuerwehr-Anw\u00e4rter unterstreichen die erfolgreiche Nachwuchsarbeit und geben Anlass zur Zuversicht f\u00fcr die kommenden Jahre.<\/p>\n<p>Ein besonderer Dank galt dem Team um Friedrich Bals, das seit vielen Jahren Kindergartenkindern auf spielerische Weise den sicheren Umgang mit Feuer sowie das richtige Verhalten im Brandfall n\u00e4herbringt. Ebenso wurde Theo Wiepen gew\u00fcrdigt, der nach zehnj\u00e4hriger T\u00e4tigkeit als Vertreter der Ehrenabteilung sein Amt niederlegte. Zu seinem Nachfolger wurde Ehrenl\u00f6schgruppenf\u00fchrer Bernhard Hohmann gew\u00e4hlt.<\/p>\n<p>Ein au\u00dfergew\u00f6hnliches Jubil\u00e4um konnten Josef G\u00f6ke und Karl Hohmann feiern: Beide blicken auf beeindruckende 70 Jahre Mitgliedschaft in der Feuerwehr zur\u00fcck. Am 1. Mai 1956 traten sie in die Feuerwehr Altenb\u00fcren ein und sind ihr bis heute in besonderer Treue verbunden. Diese seltene Ehrung verdeutlicht eindrucksvoll den hohen Stellenwert ehrenamtlichen Engagements \u00fcber Generationen hinweg.<\/p>\n<p>Auch der F\u00f6rderverein der L\u00f6schgruppe, der inzwischen 105 Mitglieder z\u00e4hlt, leistete einen wichtigen Beitrag: Er \u00fcbergab eine W\u00e4rmebildkamera im Wert von 6.000 Euro. Dieses zus\u00e4tzliche Einsatzmittel unterst\u00fctzt die Feuerwehr insbesondere bei der Menschenrettung und beim Auffinden von Brandherden und stellt eine wertvolle Erg\u00e4nzung zur kommunalen Ausstattung dar.<\/p>\n<p>Die Versammlung machte einmal mehr deutlich, wie lebendig Zusammenhalt, Nachwuchsf\u00f6rderung und ehrenamtliches Engagement in der L\u00f6schgruppe Altenb\u00fcren gelebt werden.<\/p>\n<p><strong>Bilder:<\/strong><br \/>\n<a rel=\"lightbox\"<a href=\"https:\/\/www.feuerwehr-brilon.de\/wp-up\/2026\/04\/JHV-Altenbueren-alt.jpg\"><img loading=\"lazy\" decoding=\"async\" src=\"https:\/\/www.feuerwehr-brilon.de\/wp-up\/2026\/04\/JHV-Altenbueren-alt-150x141.jpg\" alt=\"\" width=\"150\" height=\"141\" class=\"alignleft size-thumbnail wp-image-34678\" srcset=\"https:\/\/www.feuerwehr-brilon.de\/wp-up\/2026\/04\/JHV-Altenbueren-alt-150x141.jpg 150w, https:\/\/www.feuerwehr-brilon.de\/wp-up\/2026\/04\/JHV-Altenbueren-alt-500x469.jpg 500w, https:\/\/www.feuerwehr-brilon.de\/wp-up\/2026\/04\/JHV-Altenbueren-alt.jpg 1000w\" sizes=\"auto, (max-width: 150px) 100vw, 150px\" \/><\/a><\/p>\n","protected":false},"excerpt":{"rendered":"<p>Altenb\u00fcren. Zur diesj\u00e4hrigen Generalversammlung der L\u00f6schgruppe Altenb\u00fcren konnte L\u00f6schgruppenf\u00fchrer Manuel H\u00fcmmecke zahlreiche G\u00e4ste sowie die Kameradinnen und Kameraden der Einsatz- und Ehrenabteilung und die Mitglieder des F\u00f6rdervereins begr\u00fc\u00dfen. Unter den Anwesenden befanden sich unter anderem Amtsleiterin Karin Wigge, der stellvertretende Wehrleiter Manuel Henke, die Ratsmitglieder Manfred G\u00f6ke und Sebastian Schmidt sowie Ortsvorsteher Holger Forsboom.<\/p>\n","protected":false},"author":66,"featured_media":0,"comment_status":"closed","ping_status":"closed","sticky":false,"template":"","format":"standard","meta":{"_exactmetrics_skip_tracking":false,"_exactmetrics_sitenote_active":false,"_exactmetrics_sitenote_note":"","_exactmetrics_sitenote_category":0,"jetpack_post_was_ever_published":false,"_jetpack_newsletter_access":"","_jetpack_dont_email_post_to_subs":false,"_jetpack_newsletter_tier_id":0,"_jetpack_memberships_contains_paywalled_content":false,"_jetpack_memberships_contains_paid_content":false,"footnotes":""},"categories":[102],"tags":[],"class_list":["post-34669","post","type-post","status-publish","format-standard","hentry","category-alarmierungen"],"jetpack_featured_media_url":"","jetpack_shortlink":"https:\/\/wp.me\/pCIJa-91b","jetpack_sharing_enabled":true,"jetpack-related-posts":[{"id":32245,"url":"https:\/\/www.feuerwehr-brilon.de\/?p=32245","url_meta":{"origin":34669,"position":0},"title":"Generalversammlung der L\u00f6schgruppe Altenb\u00fcren","author":"Marcus Bange","date":"12. April 2024","format":false,"excerpt":"Altenb\u00fcren. Eine positive Bilanz zogen die Einsatzkr\u00e4fte der L\u00f6schgruppe Altenb\u00fcren bei der Generalversammlung, zu der L\u00f6schgruppenf\u00fchrer Bernhard Hohmann B\u00fcrgermeister Dr. Christof Bartsch, den Leiter der Feuerwehr Thomas Bauerfeind und Ratsmitglied Manfred G\u00f6ke begr\u00fc\u00dfte. Die L\u00f6schgruppe Altenb\u00fcren verf\u00fcgt aktuell \u00fcber 27 Kameraden in der Einsatz- und 15 Mitglieder in der Ehrenabteilung.\u2026","rel":"","context":"In &quot;Meldungen 2024&quot;","block_context":{"text":"Meldungen 2024","link":"https:\/\/www.feuerwehr-brilon.de\/?cat=359"},"img":{"alt_text":"","src":"https:\/\/i0.wp.com\/www.feuerwehr-brilon.de\/wp-up\/2024\/04\/GV-LG-Altenbueren-neu.jpg?resize=350%2C200&ssl=1","width":350,"height":200,"srcset":"https:\/\/i0.wp.com\/www.feuerwehr-brilon.de\/wp-up\/2024\/04\/GV-LG-Altenbueren-neu.jpg?resize=350%2C200&ssl=1 1x, https:\/\/i0.wp.com\/www.feuerwehr-brilon.de\/wp-up\/2024\/04\/GV-LG-Altenbueren-neu.jpg?resize=525%2C300&ssl=1 1.5x, https:\/\/i0.wp.com\/www.feuerwehr-brilon.de\/wp-up\/2024\/04\/GV-LG-Altenbueren-neu.jpg?resize=700%2C400&ssl=1 2x"},"classes":[]},{"id":11540,"url":"https:\/\/www.feuerwehr-brilon.de\/?p=11540","url_meta":{"origin":34669,"position":1},"title":"Jahreshauptversammlung der L\u00f6schgruppe Altenb\u00fcren","author":"Andreas Becker","date":"10. Februar 2015","format":false,"excerpt":"Altenb\u00fcren. \u201eMit Menschen, f\u00fcr Menschen\u201c. Unter diesem Motto er\u00f6ffnete L\u00f6schgruppenf\u00fchrer Bernhard Hohmann die diesj\u00e4hrige Jahreshauptversammlung der L\u00f6schgruppe. Als G\u00e4ste konnte er Ordnungsamtsleiter Marcus Bange, die Ortsvorsteher Heinz Meyer und Katharina V\u00f6llmecke, das \u00f6rtliche Ratsmitglied Manfred G\u00f6ke sowie die beiden stv. Leiter der Feuerwehr Brilon J\u00fcrgen Mertens und Wilfried G\u00f6bel begr\u00fc\u00dfen.\u2026","rel":"","context":"In &quot;Meldungen 2015&quot;","block_context":{"text":"Meldungen 2015","link":"https:\/\/www.feuerwehr-brilon.de\/?cat=192"},"img":{"alt_text":"IMG_6153-1","src":"https:\/\/i0.wp.com\/www.feuerwehr-brilon.de\/wp-up\/2015\/02\/IMG_6153-1-150x100.jpg?resize=350%2C200","width":350,"height":200},"classes":[]},{"id":16979,"url":"https:\/\/www.feuerwehr-brilon.de\/?p=16979","url_meta":{"origin":34669,"position":2},"title":"Jahreshauptversammlung der L\u00f6schgruppe Altenb\u00fcren","author":"Marc Heines","date":"1. April 2019","format":false,"excerpt":"\u201eSchnell \u2013 Sicher - Kompetent\u201c unter diesem Motto er\u00f6ffnete L\u00f6schgruppenf\u00fchrer Bernhard Hohmann die diesj\u00e4hrige Jahreshauptversammlung der L\u00f6schgruppe. Als G\u00e4ste konnte er den 1. Beigeordneten Reinhold Huxoll, Ortvorsteher und Ratsmitglied Manfred G\u00f6ke, Wehrf\u00fchrer Wolfgang Hillebrand sowie die Vertreter der \u00f6rtlichen Vereine begr\u00fc\u00dfen. Ihnen allen konnte er umfassende Zahlen vorstellen: 872 Einsatz-\u2026","rel":"","context":"In &quot;Meldungen 2019&quot;","block_context":{"text":"Meldungen 2019","link":"https:\/\/www.feuerwehr-brilon.de\/?cat=223"},"img":{"alt_text":"","src":"https:\/\/i0.wp.com\/www.feuerwehr-brilon.de\/wp-up\/2019\/04\/20190323_222054i-150x98.jpg?resize=350%2C200&ssl=1","width":350,"height":200},"classes":[]},{"id":6244,"url":"https:\/\/www.feuerwehr-brilon.de\/?p=6244","url_meta":{"origin":34669,"position":3},"title":"Generalversammlung bei der L\u00f6schgruppe Altenb\u00fcren","author":"Marc Heines","date":"12. Februar 2012","format":false,"excerpt":"Von einem erlebnisreichen Jahr berichtete L\u00f6schgruppenf\u00fchrer Bernhard Hohmann auf der gut besuchten Jahreshauptversammlung der L\u00f6sch-gruppe Altenb\u00fcren. Als G\u00e4ste begr\u00fc\u00dfte er B\u00fcrgermeister Franz Schrewe, die Rats-mitglieder Manfred G\u00f6ke und Willi Morgenroth sowie zahlreiche Mitglieder des F\u00f6rdervereins. Zum Jahresr\u00fcckblick konnte Bernhard Hohmann von insgesamt 15 Eins\u00e4tzen mit 264 Einsatzstunden berichten. 26 %\u2026","rel":"","context":"In &quot;Meldungen 2012&quot;","block_context":{"text":"Meldungen 2012","link":"https:\/\/www.feuerwehr-brilon.de\/?cat=172"},"img":{"alt_text":"","src":"https:\/\/i0.wp.com\/www.feuerwehr-brilon.de\/wp-up\/2012\/02\/IMG_8943_i-150x99.jpg?resize=350%2C200","width":350,"height":200},"classes":[]},{"id":2093,"url":"https:\/\/www.feuerwehr-brilon.de\/?p=2093","url_meta":{"origin":34669,"position":4},"title":"Ehrungen bei der L\u00f6schgruppe Altenb\u00fcren","author":"Marc Heines","date":"29. Januar 2010","format":false,"excerpt":"Die Jugendfeuerwehr als erfolgreiches Konzept zur Nachwuchsgewinnung in der Freiwilligen Feuerwehr. Ein Beispiel hierf\u00fcr lieferte jetzt die L\u00f6schgruppe Altenb\u00fcren. Im Rahmen der Generalversammlung der L\u00f6schgruppe Altenb\u00fcren wurden 6\u00a0 Feuerwehrkameraden durch B\u00fcrgermeister Schrewe und Stadtbrandinspektor Wolfgang Hillebrand mit dem Feuerwehr-Ehrenzeichen in Gold f\u00fcr 35 Jahre aktiven Dienst in der Feuerwehr ausgezeichnet.\u2026","rel":"","context":"In &quot;Meldungen 2010&quot;","block_context":{"text":"Meldungen 2010","link":"https:\/\/www.feuerwehr-brilon.de\/?cat=34"},"img":{"alt_text":"Ehrenzeichen in Gold 2010i","src":"https:\/\/i0.wp.com\/www.feuerwehr-brilon.de\/wp-up\/2010\/01\/Ehrenzeichen-in-Gold-2010i-125x83.jpg?resize=350%2C200","width":350,"height":200},"classes":[]},{"id":30882,"url":"https:\/\/www.feuerwehr-brilon.de\/?p=30882","url_meta":{"origin":34669,"position":5},"title":"L\u00f6schgruppe Altenb\u00fcren res\u00fcmiert 2022","author":"Andreas Becker","date":"15. M\u00e4rz 2023","format":false,"excerpt":"Altenb\u00fcren. \"Menschen brauchen Hilfe --- Hilfe braucht Menschen!\" unter diesem Motto er\u00f6ffnete L\u00f6schgruppenf\u00fchrer Bernhard Hohmann die diesj\u00e4hrige Jahreshauptversammlung. Als G\u00e4ste konnte er den 1. Beigeord-neten Reinhold Huxoll, Ortsvorsteher Volker Dietrich, den stv. Leiter der Feuerwehr, Andreas Becker, sowie die Vertreter der \u00f6rtlichen Vereine begr\u00fc\u00dfen. Ihnen allen konnte er umfassende Zahlen\u2026","rel":"","context":"In &quot;Meldungen 2023&quot;","block_context":{"text":"Meldungen 2023","link":"https:\/\/www.feuerwehr-brilon.de\/?cat=336"},"img":{"alt_text":"","src":"https:\/\/i0.wp.com\/www.feuerwehr-brilon.de\/wp-up\/2023\/03\/twt_230304_Gv-Altenbueren.jpg?resize=350%2C200&ssl=1","width":350,"height":200,"srcset":"https:\/\/i0.wp.com\/www.feuerwehr-brilon.de\/wp-up\/2023\/03\/twt_230304_Gv-Altenbueren.jpg?resize=350%2C200&ssl=1 1x, https:\/\/i0.wp.com\/www.feuerwehr-brilon.de\/wp-up\/2023\/03\/twt_230304_Gv-Altenbueren.jpg?resize=525%2C300&ssl=1 1.5x, https:\/\/i0.wp.com\/www.feuerwehr-brilon.de\/wp-up\/2023\/03\/twt_230304_Gv-Altenbueren.jpg?resize=700%2C400&ssl=1 2x"},"classes":[]}],"_links":{"self":[{"href":"https:\/\/www.feuerwehr-brilon.de\/index.php?rest_route=\/wp\/v2\/posts\/34669","targetHints":{"allow":["GET"]}}],"collection":[{"href":"https:\/\/www.feuerwehr-brilon.de\/index.php?rest_route=\/wp\/v2\/posts"}],"about":[{"href":"https:\/\/www.feuerwehr-brilon.de\/index.php?rest_route=\/wp\/v2\/types\/post"}],"author":[{"embeddable":true,"href":"https:\/\/www.feuerwehr-brilon.de\/index.php?rest_route=\/wp\/v2\/users\/66"}],"replies":[{"embeddable":true,"href":"https:\/\/www.feuerwehr-brilon.de\/index.php?rest_route=%2Fwp%2Fv2%2Fcomments&post=34669"}],"version-history":[{"count":4,"href":"https:\/\/www.feuerwehr-brilon.de\/index.php?rest_route=\/wp\/v2\/posts\/34669\/revisions"}],"predecessor-version":[{"id":34728,"href":"https:\/\/www.feuerwehr-brilon.de\/index.php?rest_route=\/wp\/v2\/posts\/34669\/revisions\/34728"}],"wp:attachment":[{"href":"https:\/\/www.feuerwehr-brilon.de\/index.php?rest_route=%2Fwp%2Fv2%2Fmedia&parent=34669"}],"wp:term":[{"taxonomy":"category","embeddable":true,"href":"https:\/\/www.feuerwehr-brilon.de\/index.php?rest_route=%2Fwp%2Fv2%2Fcategories&post=34669"},{"taxonomy":"post_tag","embeddable":true,"href":"https:\/\/www.feuerwehr-brilon.de\/index.php?rest_route=%2Fwp%2Fv2%2Ftags&post=34669"}],"curies":[{"name":"wp","href":"https:\/\/api.w.org\/{rel}","templated":true}]}}