{"id":34682,"date":"2026-04-27T19:27:35","date_gmt":"2026-04-27T17:27:35","guid":{"rendered":"https:\/\/www.feuerwehr-brilon.de\/?p=34682"},"modified":"2026-04-27T19:27:35","modified_gmt":"2026-04-27T17:27:35","slug":"waldbrand-bei-alme","status":"publish","type":"post","link":"https:\/\/www.feuerwehr-brilon.de\/?p=34682","title":{"rendered":"Waldbrand bei Alme"},"content":{"rendered":"<p><a href=\"https:\/\/www.feuerwehr-brilon.de\/wp-up\/2026\/04\/WhatsApp-Image-2026-04-27-at-18.05.45_HP.jpg\"><img loading=\"lazy\" decoding=\"async\" src=\"https:\/\/www.feuerwehr-brilon.de\/wp-up\/2026\/04\/WhatsApp-Image-2026-04-27-at-18.05.45_HP-150x113.jpg\" alt=\"\" width=\"150\" height=\"113\" class=\"alignleft size-thumbnail wp-image-34684\" srcset=\"https:\/\/www.feuerwehr-brilon.de\/wp-up\/2026\/04\/WhatsApp-Image-2026-04-27-at-18.05.45_HP-150x113.jpg 150w, https:\/\/www.feuerwehr-brilon.de\/wp-up\/2026\/04\/WhatsApp-Image-2026-04-27-at-18.05.45_HP-500x375.jpg 500w, https:\/\/www.feuerwehr-brilon.de\/wp-up\/2026\/04\/WhatsApp-Image-2026-04-27-at-18.05.45_HP.jpg 1000w\" sizes=\"auto, (max-width: 150px) 100vw, 150px\" \/><\/a><a title=\"Alme\" href=\"http:\/\/www.feuerwehr-brilon.de\/?page_id=27\" target=\"_blank\">Alme. <\/a>Um 14:45 Uhr wurde die L\u00f6schgruppe Alme heute (27.4.) zu einer unklaren Rauchentwicklung im Almer Wald im Bereich der L637 in Richtung B\u00fcren alarmiert.<!--more--><\/p>\n<p>Bereits auf der Anfahrt wurde eine starke Rauchentwicklung festgestellt, woraufhin umgehend weitere Einsatzkr\u00e4fte nachalarmiert wurden. Unter anderem wurden zwei Spezialfahrzeuge aus Meschede angefordert: ein AB-Tank (Abrollbeh\u00e4lter-Wassertank mit 11.000?l) sowie eine AB-Mulde (Abrollcontainer-Mulde mit 20.000?l Volumen).<\/p>\n<p>Zu Spitzenzeiten befanden sich rund 100 Einsatzkr\u00e4fte mit 15 Fahrzeugen im Einsatz. Eine Fl\u00e4che von etwa 20.000?m\u00b2 stand in Brand und muss nun aufwendig auf Glutnester, insbesondere im Bereich der Baumst\u00fcmpfe, kontrolliert werden. Hierzu gehen die Einsatzkr\u00e4fte mit mehreren Strahlrohren in das Gel\u00e4nde vor. Parallel ist eine Drohne mit W\u00e4rmebildkamera im Einsatz.<\/p>\n<p>Der Einsatz wird noch einige Zeit andauern. Weitere Informationen folgen.<\/p>\n<p><strong>Bilder:<\/strong><br \/>\n<a rel=\"lightbox\" href=\"https:\/\/www.feuerwehr-brilon.de\/wp-up\/2026\/04\/WhatsApp-Image-2026-04-27-at-18.05.45_HP.jpg\"><img loading=\"lazy\" decoding=\"async\" src=\"https:\/\/www.feuerwehr-brilon.de\/wp-up\/2026\/04\/WhatsApp-Image-2026-04-27-at-18.05.45_HP-150x113.jpg\" alt=\"\" width=\"150\" height=\"113\" class=\"alignleft size-thumbnail wp-image-34684\" srcset=\"https:\/\/www.feuerwehr-brilon.de\/wp-up\/2026\/04\/WhatsApp-Image-2026-04-27-at-18.05.45_HP-150x113.jpg 150w, https:\/\/www.feuerwehr-brilon.de\/wp-up\/2026\/04\/WhatsApp-Image-2026-04-27-at-18.05.45_HP-500x375.jpg 500w, https:\/\/www.feuerwehr-brilon.de\/wp-up\/2026\/04\/WhatsApp-Image-2026-04-27-at-18.05.45_HP.jpg 1000w\" sizes=\"auto, (max-width: 150px) 100vw, 150px\" \/><\/a><a rel=\"lightbox\" href=\"https:\/\/www.feuerwehr-brilon.de\/wp-up\/2026\/04\/IMG_20260427_152947_HP.jpg\"><img loading=\"lazy\" decoding=\"async\" src=\"https:\/\/www.feuerwehr-brilon.de\/wp-up\/2026\/04\/IMG_20260427_152947_HP-150x68.jpg\" alt=\"\" width=\"150\" height=\"68\" class=\"alignleft size-thumbnail wp-image-34685\" srcset=\"https:\/\/www.feuerwehr-brilon.de\/wp-up\/2026\/04\/IMG_20260427_152947_HP-150x68.jpg 150w, https:\/\/www.feuerwehr-brilon.de\/wp-up\/2026\/04\/IMG_20260427_152947_HP-500x225.jpg 500w, https:\/\/www.feuerwehr-brilon.de\/wp-up\/2026\/04\/IMG_20260427_152947_HP.jpg 1000w\" sizes=\"auto, (max-width: 150px) 100vw, 150px\" \/><\/a><\/p>\n","protected":false},"excerpt":{"rendered":"<p>Alme. Um 14:45 Uhr wurde die L\u00f6schgruppe Alme heute (27.4.) zu einer unklaren Rauchentwicklung im Almer Wald im Bereich der L637 in Richtung B\u00fcren alarmiert.<\/p>\n","protected":false},"author":8,"featured_media":34685,"comment_status":"closed","ping_status":"closed","sticky":false,"template":"","format":"standard","meta":{"_exactmetrics_skip_tracking":false,"_exactmetrics_sitenote_active":false,"_exactmetrics_sitenote_note":"","_exactmetrics_sitenote_category":0,"jetpack_post_was_ever_published":false,"_jetpack_newsletter_access":"","_jetpack_dont_email_post_to_subs":false,"_jetpack_newsletter_tier_id":0,"_jetpack_memberships_contains_paywalled_content":false,"_jetpack_memberships_contains_paid_content":false,"footnotes":""},"categories":[369],"tags":[],"class_list":["post-34682","post","type-post","status-publish","format-standard","has-post-thumbnail","hentry","category-einsaetze-2026"],"jetpack_featured_media_url":"https:\/\/www.feuerwehr-brilon.de\/wp-up\/2026\/04\/IMG_20260427_152947_HP.jpg","jetpack_shortlink":"https:\/\/wp.me\/pCIJa-91o","jetpack_sharing_enabled":true,"jetpack-related-posts":[{"id":32731,"url":"https:\/\/www.feuerwehr-brilon.de\/?p=32731","url_meta":{"origin":34682,"position":0},"title":"Arbeitsreiches Wochenende f\u00fcr die Feuerwehr Brilon","author":"Andreas Becker","date":"3. September 2024","format":false,"excerpt":"\u00d6lspur auf der Hoppecker Stra\u00dfe Mit einer \u00d6lspur startete ein arbeitsreiches Wochenende f\u00fcr die Feuerwehr Brilon. Gegen 15.30 Uhr am Freitagnachmittag kam es auf der Hoppecker Stra\u00dfe an der Ecke \u201eAm Hohlen Wege\u201c zu einem Unfall, bei dem die \u00d6lwanne eines Pkw besch\u00e4digt wurde. Sechs Einsatzkr\u00e4fte r\u00fcckten aus, um ca.\u2026","rel":"","context":"In &quot;Eins\u00e4tze 2024&quot;","block_context":{"text":"Eins\u00e4tze 2024","link":"https:\/\/www.feuerwehr-brilon.de\/?cat=360"},"img":{"alt_text":"","src":"https:\/\/i0.wp.com\/www.feuerwehr-brilon.de\/wp-up\/2024\/09\/1000049737_FB.jpg?resize=350%2C200&ssl=1","width":350,"height":200,"srcset":"https:\/\/i0.wp.com\/www.feuerwehr-brilon.de\/wp-up\/2024\/09\/1000049737_FB.jpg?resize=350%2C200&ssl=1 1x, https:\/\/i0.wp.com\/www.feuerwehr-brilon.de\/wp-up\/2024\/09\/1000049737_FB.jpg?resize=525%2C300&ssl=1 1.5x, https:\/\/i0.wp.com\/www.feuerwehr-brilon.de\/wp-up\/2024\/09\/1000049737_FB.jpg?resize=700%2C400&ssl=1 2x, https:\/\/i0.wp.com\/www.feuerwehr-brilon.de\/wp-up\/2024\/09\/1000049737_FB.jpg?resize=1050%2C600&ssl=1 3x"},"classes":[]},{"id":16899,"url":"https:\/\/www.feuerwehr-brilon.de\/?p=16899","url_meta":{"origin":34682,"position":1},"title":"Sturmeins\u00e4tze im Stadtgebiet Brilon","author":"Marcus Bange","date":"10. M\u00e4rz 2019","format":false,"excerpt":"Brilon. Die Feuerwehr Brilon wurde am Samstagabend zu sechs Sturmeins\u00e4tzen alarmiert. Gegen 17.30 Uhr st\u00fcrzte ein Baum auf der B 480 zwischen Alme und W\u00fclfte auf die Fahrbahn. Die L\u00f6schgruppe Alme r\u00e4umte die Fahrbahn. Daneben wurden im Umfeld angebrochene \u00c4ste mit Hilfe der Drehleiter entfernt. 12 Einsatzkr\u00e4fte waren hier 1\u2026","rel":"","context":"In &quot;Allgemein&quot;","block_context":{"text":"Allgemein","link":"https:\/\/www.feuerwehr-brilon.de\/?cat=1"},"img":{"alt_text":"","src":"https:\/\/i0.wp.com\/www.feuerwehr-brilon.de\/wp-up\/2019\/03\/Baum-Frankenweg-1-150x113.jpg?resize=350%2C200&ssl=1","width":350,"height":200},"classes":[]},{"id":15688,"url":"https:\/\/www.feuerwehr-brilon.de\/?p=15688","url_meta":{"origin":34682,"position":2},"title":"Friederike sorgt f\u00fcr Vielzahl von Eins\u00e4tzen","author":"Marcus Bange","date":"19. Januar 2018","format":false,"excerpt":"Brilon. Die Feuerwehr Brilon wurde am Donnerstagnachmittag zur insgesamt 48 Sturmeins\u00e4tzen alarmiert. Dabei mussten durch den Orkan umgest\u00fcrzte B\u00e4ume, gelockerte Dachpfannen und Kaminabdeckung beseitigt sowie Werbebanner gesichert werden. Alle Eins\u00e4tze wurden ab 12.00 Uhr durch eine Einsatzleitung im Feuerwehrhaus Brilon koordiniert und abgearbeitet. Auf der B 480 bei Alme st\u00fcrzte\u2026","rel":"","context":"In &quot;Eins\u00e4tze 2018&quot;","block_context":{"text":"Eins\u00e4tze 2018","link":"https:\/\/www.feuerwehr-brilon.de\/?cat=208"},"img":{"alt_text":"Friederike 1","src":"https:\/\/i0.wp.com\/www.feuerwehr-brilon.de\/wp-up\/2018\/01\/Friederike-1-150x113.jpg?resize=350%2C200&ssl=1","width":350,"height":200},"classes":[]},{"id":29944,"url":"https:\/\/www.feuerwehr-brilon.de\/?p=29944","url_meta":{"origin":34682,"position":3},"title":"Brand einer Ballenpresse in Brilon-Madfeld","author":"Marcus Bange","date":"18. Juli 2022","format":false,"excerpt":"Madfeld. Die Briloner Feuerwehr hat am Sonntagabend eine brennende Ballenpresse mit Zugmaschine in Madfeld gel\u00f6scht. Im Windpark Madfeld war das Gespann bei Erntearbeiten gegen 18:50 Uhr in Brand geraten. Bei Eintreffen der Feuerwehr brannten sowohl der Trecker als auch die Ballenpresse in voller Ausdehnung und das Feuer hatte bereits auf\u2026","rel":"","context":"In &quot;Eins\u00e4tze 2022&quot;","block_context":{"text":"Eins\u00e4tze 2022","link":"https:\/\/www.feuerwehr-brilon.de\/?cat=288"},"img":{"alt_text":"","src":"https:\/\/i0.wp.com\/www.feuerwehr-brilon.de\/wp-up\/2022\/07\/Ballenpresse-Madfeld-1.jpg?resize=350%2C200&ssl=1","width":350,"height":200,"srcset":"https:\/\/i0.wp.com\/www.feuerwehr-brilon.de\/wp-up\/2022\/07\/Ballenpresse-Madfeld-1.jpg?resize=350%2C200&ssl=1 1x, https:\/\/i0.wp.com\/www.feuerwehr-brilon.de\/wp-up\/2022\/07\/Ballenpresse-Madfeld-1.jpg?resize=525%2C300&ssl=1 1.5x, https:\/\/i0.wp.com\/www.feuerwehr-brilon.de\/wp-up\/2022\/07\/Ballenpresse-Madfeld-1.jpg?resize=700%2C400&ssl=1 2x"},"classes":[]},{"id":31254,"url":"https:\/\/www.feuerwehr-brilon.de\/?p=31254","url_meta":{"origin":34682,"position":4},"title":"Brand eines Harvesters in Bad W\u00fcnnenberg","author":"Marcus Bange","date":"9. Juni 2023","format":false,"excerpt":"Alme. Die L\u00f6schgruppen Alme und W\u00fclfte wurden zu einer unklaren Rauchentwicklung in Alme in Richtung Berenscheid alarmiert. Bereits beim Ausr\u00fccken der Feuerwehr wurde schwarzer Rauch im Waldgebiet zwischen Alme und Bad W\u00fcnnenberg\/Leiberg\/B\u00fcren aus der Ferne erkannt. Aufgrund der weiterhin sichtbaren Rauchs\u00e4ule wurden neben den Feuerwehrkr\u00e4ften der Stadt Brilon durch die\u2026","rel":"","context":"In &quot;Eins\u00e4tze 2023&quot;","block_context":{"text":"Eins\u00e4tze 2023","link":"https:\/\/www.feuerwehr-brilon.de\/?cat=335"},"img":{"alt_text":"","src":"https:\/\/i0.wp.com\/www.feuerwehr-brilon.de\/wp-up\/2023\/06\/Harverster-Wuennenberg-1.jpg?resize=350%2C200&ssl=1","width":350,"height":200,"srcset":"https:\/\/i0.wp.com\/www.feuerwehr-brilon.de\/wp-up\/2023\/06\/Harverster-Wuennenberg-1.jpg?resize=350%2C200&ssl=1 1x, https:\/\/i0.wp.com\/www.feuerwehr-brilon.de\/wp-up\/2023\/06\/Harverster-Wuennenberg-1.jpg?resize=525%2C300&ssl=1 1.5x, https:\/\/i0.wp.com\/www.feuerwehr-brilon.de\/wp-up\/2023\/06\/Harverster-Wuennenberg-1.jpg?resize=700%2C400&ssl=1 2x"},"classes":[]},{"id":32775,"url":"https:\/\/www.feuerwehr-brilon.de\/?p=32775","url_meta":{"origin":34682,"position":5},"title":"Kellerbrand in Radlinghausen \u2013 Rauchmelder alarmieren Bewohner","author":"Andreas Becker","date":"15. September 2024","format":false,"excerpt":"Am 14. September um 15:41 Uhr wurden die L\u00f6schgruppen Alme, Th\u00fclen, Madfeld und der L\u00f6schzug Brilon zu einem Kellerbrand in Radlinghausen alarmiert. Die Bewohner des betroffenen Hauses in der Stra\u00dfe \u201eWallmei\u201c wurden durch das Ausl\u00f6sen der Rauchmelder auf die Gefahr aufmerksam gemacht. Eine Person wurde zun\u00e4chst noch im Haus vermutet.\u2026","rel":"","context":"In &quot;Eins\u00e4tze 2024&quot;","block_context":{"text":"Eins\u00e4tze 2024","link":"https:\/\/www.feuerwehr-brilon.de\/?cat=360"},"img":{"alt_text":"","src":"https:\/\/i0.wp.com\/www.feuerwehr-brilon.de\/wp-up\/2024\/09\/IMG_9385_HP.jpg?resize=350%2C200&ssl=1","width":350,"height":200,"srcset":"https:\/\/i0.wp.com\/www.feuerwehr-brilon.de\/wp-up\/2024\/09\/IMG_9385_HP.jpg?resize=350%2C200&ssl=1 1x, https:\/\/i0.wp.com\/www.feuerwehr-brilon.de\/wp-up\/2024\/09\/IMG_9385_HP.jpg?resize=525%2C300&ssl=1 1.5x, https:\/\/i0.wp.com\/www.feuerwehr-brilon.de\/wp-up\/2024\/09\/IMG_9385_HP.jpg?resize=700%2C400&ssl=1 2x"},"classes":[]}],"_links":{"self":[{"href":"https:\/\/www.feuerwehr-brilon.de\/index.php?rest_route=\/wp\/v2\/posts\/34682","targetHints":{"allow":["GET"]}}],"collection":[{"href":"https:\/\/www.feuerwehr-brilon.de\/index.php?rest_route=\/wp\/v2\/posts"}],"about":[{"href":"https:\/\/www.feuerwehr-brilon.de\/index.php?rest_route=\/wp\/v2\/types\/post"}],"author":[{"embeddable":true,"href":"https:\/\/www.feuerwehr-brilon.de\/index.php?rest_route=\/wp\/v2\/users\/8"}],"replies":[{"embeddable":true,"href":"https:\/\/www.feuerwehr-brilon.de\/index.php?rest_route=%2Fwp%2Fv2%2Fcomments&post=34682"}],"version-history":[{"count":2,"href":"https:\/\/www.feuerwehr-brilon.de\/index.php?rest_route=\/wp\/v2\/posts\/34682\/revisions"}],"predecessor-version":[{"id":34686,"href":"https:\/\/www.feuerwehr-brilon.de\/index.php?rest_route=\/wp\/v2\/posts\/34682\/revisions\/34686"}],"wp:featuredmedia":[{"embeddable":true,"href":"https:\/\/www.feuerwehr-brilon.de\/index.php?rest_route=\/wp\/v2\/media\/34685"}],"wp:attachment":[{"href":"https:\/\/www.feuerwehr-brilon.de\/index.php?rest_route=%2Fwp%2Fv2%2Fmedia&parent=34682"}],"wp:term":[{"taxonomy":"category","embeddable":true,"href":"https:\/\/www.feuerwehr-brilon.de\/index.php?rest_route=%2Fwp%2Fv2%2Fcategories&post=34682"},{"taxonomy":"post_tag","embeddable":true,"href":"https:\/\/www.feuerwehr-brilon.de\/index.php?rest_route=%2Fwp%2Fv2%2Ftags&post=34682"}],"curies":[{"name":"wp","href":"https:\/\/api.w.org\/{rel}","templated":true}]}}