{"id":34692,"date":"2026-04-29T16:55:57","date_gmt":"2026-04-29T14:55:57","guid":{"rendered":"https:\/\/www.feuerwehr-brilon.de\/?p=34692"},"modified":"2026-04-29T18:10:49","modified_gmt":"2026-04-29T16:10:49","slug":"abschlussbericht-zum-waldbrand-in-alme","status":"publish","type":"post","link":"https:\/\/www.feuerwehr-brilon.de\/?p=34692","title":{"rendered":"Abschlussbericht zum Waldbrand in Alme"},"content":{"rendered":"<p><a href=\"https:\/\/www.feuerwehr-brilon.de\/?p=34692\"><img loading=\"lazy\" decoding=\"async\" src=\"https:\/\/www.feuerwehr-brilon.de\/wp-up\/2026\/04\/Waldbrand-Alme-3-150x113.jpg\" alt=\"\" width=\"113\" height=\"150\" class=\"alignleft size-thumbnail wp-image-34702\" \/><\/a> <a title=\"Alme\" href=\"http:\/\/www.feuerwehr-brilon.de\/?page_id=27\" target=\"_blank\" rel=\"noopener\">Alme. <\/a>Die Feuerwehr Brilon wurde am Montag (27.04.2026) um 14:41 Uhr zu einer unklaren Rauchentwicklung im Almer Wald im Bereich der L 637 in Richtung B\u00fcren alarmiert. Bereits auf der Anfahrt konnte eine starke Rauchentwicklung festgestellt werden, woraufhin umgehend weitere Einsatzkr\u00e4fte nachalarmiert wurden. Am Rietkopf brannte eine rund 20.000 qm gro\u00dfe Waldfl\u00e4che.<!--more--><\/p>\n<p>In einem ersten L\u00f6schangriff wurde mit dem Wasserwerfer eines Tankl\u00f6schfahrzeuges eine erste Feuerfront einged\u00e4mmt. Mit speziellen mobilen Waldbrandstrahlrohren konnte dann in einem weiteren Abschnitt ein \u00dcbergreifen des Feuers auf eine nahe Tannenschonung erfolgreich verhindert werden. Hierzu gingen die Einsatzkr\u00e4fte mit mehreren Strahlrohren in das Gel\u00e4nde vor. Danach erfolgten eine intensive Brandbek\u00e4mpfung und umfangreiche Nachl\u00f6scharbeiten \u00fcber mehrere Stunden.<\/p>\n<p>Die Einsatzkr\u00e4fte mussten immer wieder Glutnester im Bereich der Baumst\u00fcmpfe abl\u00f6schen und mit \u00c4xten auftrennen, um auch im Inneren l\u00f6schen zu k\u00f6nnen. \u00dcber eine Drohne mit W\u00e4rmebildkamera wurden gezielt Brandnester festgestellt und zielgerichtet abgel\u00f6scht. Das W\u00e4rmebild zeigte den Feuerwehrkr\u00e4ften dabei genaue Positionen mit besonders hohen Temperaturen. Teilweise wurden \u00fcber 150\u00b0C im Boden gemessen.<\/p>\n<p>Die Wasserversorgung erfolgte \u00fcber ein Tankl\u00f6schfahrzeug, ein Sonderfahrzeug des Hochsauerlandkreises mit 11.000 Litern L\u00f6schwasser und weitere L\u00f6schfahrzeuge im Pendelverkehr. Dabei wurden insgesamt \u00fcber 120.000 Liter L\u00f6schwasser an die Einsatzstelle transportiert. An der Einsatzstelle wurde ein Abrollbeh\u00e4lter Mulde mit 20.000 Litern Fassungsverm\u00f6gen als Zwischenspeicher aufgestellt. Von dort konnten dann die einzelnen Einsatzstellenpumpen durchgehend versorgt werden. Zur Abl\u00f6sung der Einsatzkr\u00e4fte wurde an einem nahen Holzlagerplatz ein Bereitstellungsraum eingerichtet. Hier standen weitere Reservekr\u00e4fte bereit.<\/p>\n<p>Gegen 16:50 Uhr wurde das Feuer unter Kontrolle gebracht, nach sehr umfangreichen und personalintensiven Nachl\u00f6scharbeiten konnte gegen 20 Uhr \u201eFeuer aus\u201c gemeldet werden.<\/p>\n<p>Zu Spitzenzeiten befanden sich \u00fcber 90 Einsatzkr\u00e4fte mit 18 Fahrzeugen im Einsatz. Die Mulde wurde aus taktischen Gr\u00fcnden gef\u00fcllt im Wald zur\u00fcckgelassen, um im Falle eines erneuten Brandausbruchs direkt eine ausreichende Wasserversorgung f\u00fcr die Anfangsphase gesichert zu haben. Am Dienstag wurde der Bereich im Tagesverlauf noch einmal kontrolliert, am Abend waren kleinere Nachl\u00f6scharbeiten durch die L\u00f6schgruppe Alme erforderlich.<\/p>\n<p>Bei den Aufr\u00e4umarbeiten verletzte sich eine Feuerwehrfrau leicht und musste zur Kontrolle ins Krankenhaus. Gegen 21.45 Uhr waren die Fahrzeuge wieder best\u00fcckt und einsatzbereit an ihren Standorten.<\/p>\n<p>Im Einsatz waren die L\u00f6schgruppen Alme, Nehden, W\u00fclfte, Madfeld, Bontkirchen, Th\u00fclen, Messinghausen, der L\u00f6schzug Brilon sowie das Zentrum f\u00fcr Feuerschutz und Rettungswesen des HSK aus Meschede.<\/p>\n<p>Zur Brandursache und Schadensh\u00f6he liegen der Feuerwehr keine Angaben vor.<\/p>\n<p style=\"border-color: #696969; border-width: 2px; border-style: solid; padding: 4px;\"><strong>Eingesetzte Einheiten:<\/strong><br \/>\n<a href=\"http:\/\/www.feuerwehr-brilon.de\/?page_id=27\"><img loading=\"lazy\" decoding=\"async\" class=\"alignnone\" title=\"lg alme\" src=\"http:\/\/www.feuerwehr-brilon.de\/images\/einsatz_details\/lg_alme.jpg\" alt=\"\" width=\"110\" height=\"31\" \/><\/a><a href=\"http:\/\/www.feuerwehr-brilon.de\/?page_id=29\"><img loading=\"lazy\" decoding=\"async\" class=\"alignnone\" title=\"lg nehden\" src=\"http:\/\/www.feuerwehr-brilon.de\/images\/einsatz_details\/lg_nehden.jpg\" alt=\"\" width=\"110\" height=\"31\" \/><\/a><a href=\"http:\/\/www.feuerwehr-brilon.de\/?page_id=26\"><img loading=\"lazy\" decoding=\"async\" class=\"alignnone\" title=\"lg w\u00fclfte\" src=\"http:\/\/www.feuerwehr-brilon.de\/images\/einsatz_details\/lg_wuelfte.jpg\" alt=\"\" width=\"110\" height=\"31\" \/><\/a><a href=\"http:\/\/www.feuerwehr-brilon.de\/?page_id=12\"><img loading=\"lazy\" decoding=\"async\" class=\"alignnone\" title=\"lg bontkirchen\" src=\"http:\/\/www.feuerwehr-brilon.de\/images\/einsatz_details\/lg_bontkirchen.jpg\" alt=\"\" width=\"110\" height=\"31\" \/><\/a><a href=\"http:\/\/www.feuerwehr-brilon.de\/?page_id=50\"><img loading=\"lazy\" decoding=\"async\" class=\"alignnone\" title=\"lg madfeld\" src=\"http:\/\/www.feuerwehr-brilon.de\/images\/einsatz_details\/lg_madfeld.jpg\" alt=\"\" width=\"110\" height=\"31\" \/><\/a><a href=\"http:\/\/www.feuerwehr-brilon.de\/?page_id=8\"><img loading=\"lazy\" decoding=\"async\" class=\"alignnone\" title=\"lg messinghausen\" src=\"http:\/\/www.feuerwehr-brilon.de\/images\/einsatz_details\/lg_messinghausen.jpg\" alt=\"\" width=\"110\" height=\"31\" \/><\/a><a href=\"http:\/\/www.feuerwehr-brilon.de\/?page_id=30\"><img loading=\"lazy\" decoding=\"async\" class=\"alignnone\" title=\"lg th\u00fclen\" src=\"http:\/\/www.feuerwehr-brilon.de\/images\/einsatz_details\/lg_thuelen.jpg\" alt=\"\" width=\"110\" height=\"31\" \/><\/a><a href=\"http:\/\/www.feuerwehr-brilon.de\/?page_id=7\"><img loading=\"lazy\" decoding=\"async\" class=\"alignnone\" title=\"lz brilon\" src=\"http:\/\/www.feuerwehr-brilon.de\/images\/einsatz_details\/lz_brilon.jpg\" alt=\"\" width=\"110\" height=\"31\" \/><\/a><\/p>\n<p style=\"border-color: #696969; border-width: 2px; border-style: solid; padding: 4px;\"><strong>Eingesetzte Fahrzeuge:<\/strong><br \/>\n<a href=\"http:\/\/www.feuerwehr-brilon.de\/?page_id=812\"><img loading=\"lazy\" decoding=\"async\" class=\"alignnone\" title=\"StLF\" src=\"http:\/\/www.feuerwehr-brilon.de\/images\/einsatz_details\/054802.jpg\" alt=\"\" width=\"110\" height=\"31\" \/><\/a><a href=\"http:\/\/www.feuerwehr-brilon.de\/?page_id=23302\"><img loading=\"lazy\" decoding=\"async\" class=\"alignnone\" title=\"MTF\" src=\"http:\/\/www.feuerwehr-brilon.de\/images\/einsatz_details\/054802.jpg\" alt=\"\" width=\"110\" height=\"31\" \/><\/a><a href=\"http:\/\/www.feuerwehr-brilon.de\/?page_id=22960\"><img loading=\"lazy\" decoding=\"async\" class=\"alignnone\" title=\"TSF\" src=\"http:\/\/www.feuerwehr-brilon.de\/images\/einsatz_details\/08_klf_01.jpg\" alt=\"\" width=\"110\" height=\"31\" \/><\/a><a href=\"http:\/\/www.feuerwehr-brilon.de\/?page_id=818\"><img loading=\"lazy\" decoding=\"async\" class=\"alignnone\" title=\"TSF\" src=\"http:\/\/www.feuerwehr-brilon.de\/images\/einsatz_details\/054701.jpg\" alt=\"\" width=\"110\" height=\"31\" \/><\/a><a href=\"http:\/\/www.feuerwehr-brilon.de\/?page_id=749\"><img loading=\"lazy\" decoding=\"async\" class=\"alignnone\" src=\"http:\/\/www.feuerwehr-brilon.de\/images\/einsatz_details\/051101.jpg\" alt=\"\" width=\"110\" height=\"31\" \/><\/a><a href=\"http:\/\/www.feuerwehr-brilon.de\/?page_id=23597\"><img loading=\"lazy\" decoding=\"async\" class=\"alignnone\" src=\"http:\/\/www.feuerwehr-brilon.de\/images\/einsatz_details\/054401.jpg\" alt=\"\" width=\"110\" height=\"31\" \/><\/a><a href=\"http:\/\/www.feuerwehr-brilon.de\/?page_id=8508\"><img loading=\"lazy\" decoding=\"async\" class=\"alignnone\" src=\"http:\/\/www.feuerwehr-brilon.de\/images\/einsatz_details\/052401.jpg\" alt=\"\" width=\"110\" height=\"31\" \/><\/a><a href=\"http:\/\/www.feuerwehr-brilon.de\/?page_id=13962\"><img loading=\"lazy\" decoding=\"async\" class=\"alignnone\" src=\"http:\/\/www.feuerwehr-brilon.de\/images\/einsatz_details\/054601.jpg\" alt=\"\" width=\"110\" height=\"31\" \/><\/a><a href=\"http:\/\/www.feuerwehr-brilon.de\/?page_id=1321\"><img loading=\"lazy\" decoding=\"async\" class=\"alignnone\" src=\"http:\/\/www.feuerwehr-brilon.de\/images\/einsatz_details\/051901.jpg\" alt=\"\" width=\"110\" height=\"31\" \/><\/a><a href=\"http:\/\/www.feuerwehr-brilon.de\/?page_id=1335\"><img loading=\"lazy\" decoding=\"async\" class=\"alignnone\" title=\"LF8\" src=\"http:\/\/www.feuerwehr-brilon.de\/images\/einsatz_details\/054201.jpg\" alt=\"\" width=\"110\" height=\"31\" \/><\/a><a href=\"http:\/\/www.feuerwehr-brilon.de\/?page_id=19188\"><img loading=\"lazy\" decoding=\"async\" class=\"alignnone\" src=\"http:\/\/www.feuerwehr-brilon.de\/images\/einsatz_details\/054801.jpg\" alt=\"\" width=\"110\" height=\"31\" \/><\/a><a href=\"http:\/\/www.feuerwehr-brilon.de\/?page_id=5162\"><img loading=\"lazy\" decoding=\"async\" class=\"alignnone\" src=\"http:\/\/www.feuerwehr-brilon.de\/images\/einsatz_details\/054801.jpg\" alt=\"\" width=\"110\" height=\"31\" \/><\/a><a href=\"http:\/\/www.feuerwehr-brilon.de\/?page_id=817\"><img loading=\"lazy\" decoding=\"async\" class=\"alignnone\" title=\"StLF10\/6\" src=\"http:\/\/www.feuerwehr-brilon.de\/images\/einsatz_details\/054804.jpg\" alt=\"\" width=\"110\" height=\"31\" \/><\/a><a href=\"http:\/\/www.feuerwehr-brilon.de\/?page_id=30996\"><img loading=\"lazy\" decoding=\"async\" class=\"alignnone\" src=\"http:\/\/www.feuerwehr-brilon.de\/images\/einsatz_details\/mlf.jpg\" alt=\"\" width=\"110\" height=\"31\" \/><\/a><\/p>\n<p><strong>Bilder:<\/strong><br \/>\n<a rel=\"lightbox\" href=\"https:\/\/www.feuerwehr-brilon.de\/wp-up\/2026\/04\/Waldbrand-Alme-1.jpg\"><img loading=\"lazy\" decoding=\"async\" src=\"https:\/\/www.feuerwehr-brilon.de\/wp-up\/2026\/04\/Waldbrand-Alme-1-150x75.jpg\" alt=\"\" width=\"113\" height=\"150\" class=\"alignleft size-thumbnail wp-image-34700\" \/><\/a><a rel=\"lightbox\" href=\"https:\/\/www.feuerwehr-brilon.de\/wp-up\/2026\/04\/Waldbrand-Alme-2.jpg\"><img loading=\"lazy\" decoding=\"async\" src=\"https:\/\/www.feuerwehr-brilon.de\/wp-up\/2026\/04\/Waldbrand-Alme-2-150x75.jpg\" alt=\"\" width=\"113\" height=\"150\" class=\"alignleft size-thumbnail wp-image-34701\" \/><\/a><a rel=\"lightbox\" href=\"https:\/\/www.feuerwehr-brilon.de\/wp-up\/2026\/04\/Waldbrand-Alme-3.jpg\"><img loading=\"lazy\" decoding=\"async\" src=\"https:\/\/www.feuerwehr-brilon.de\/wp-up\/2026\/04\/Waldbrand-Alme-3-150x113.jpg\" alt=\"\" width=\"113\" height=\"150\" class=\"alignleft size-thumbnail wp-image-34702\" \/><\/a><a rel=\"lightbox\" href=\"https:\/\/www.feuerwehr-brilon.de\/wp-up\/2026\/04\/Waldbrand-Alme-4.jpg\"><img loading=\"lazy\" decoding=\"async\" src=\"https:\/\/www.feuerwehr-brilon.de\/wp-up\/2026\/04\/Waldbrand-Alme-4-150x113.jpg\" alt=\"\" width=\"113\" height=\"150\" class=\"alignleft size-thumbnail wp-image-34703\" \/><\/a><a rel=\"lightbox\" href=\"https:\/\/www.feuerwehr-brilon.de\/wp-up\/2026\/04\/Waldbrand-Alme-5.jpg\"><img loading=\"lazy\" decoding=\"async\" src=\"https:\/\/www.feuerwehr-brilon.de\/wp-up\/2026\/04\/Waldbrand-Alme-5-150x113.jpg\" alt=\"\" width=\"113\" height=\"150\" class=\"alignleft size-thumbnail wp-image-34704\" \/><\/a><a rel=\"lightbox\" href=\"https:\/\/www.feuerwehr-brilon.de\/wp-up\/2026\/04\/Waldbrand-Alme-6.jpg\"><img loading=\"lazy\" decoding=\"async\" src=\"https:\/\/www.feuerwehr-brilon.de\/wp-up\/2026\/04\/Waldbrand-Alme-6-150x113.jpg\" alt=\"\" width=\"113\" height=\"150\" class=\"alignleft size-thumbnail wp-image-34705\" \/><\/a><a rel=\"lightbox\" href=\"https:\/\/www.feuerwehr-brilon.de\/wp-up\/2026\/04\/Waldbrand-Alme-7.jpg\"><img loading=\"lazy\" decoding=\"async\" src=\"https:\/\/www.feuerwehr-brilon.de\/wp-up\/2026\/04\/Waldbrand-Alme-7-150x113.jpg\" alt=\"\" width=\"113\" height=\"150\" class=\"alignleft size-thumbnail wp-image-34706\" \/><\/a><a rel=\"lightbox\" href=\"https:\/\/www.feuerwehr-brilon.de\/wp-up\/2026\/04\/Waldbrand-Alme-8.jpg\"><img loading=\"lazy\" decoding=\"async\" src=\"https:\/\/www.feuerwehr-brilon.de\/wp-up\/2026\/04\/Waldbrand-Alme-8-150x113.jpg\" alt=\"\" width=\"113\" height=\"150\" class=\"alignleft size-thumbnail wp-image-34707\" \/><\/a><a rel=\"lightbox\" href=\"https:\/\/www.feuerwehr-brilon.de\/wp-up\/2026\/04\/Waldbrand-Alme-9.jpg\"><img loading=\"lazy\" decoding=\"async\" src=\"https:\/\/www.feuerwehr-brilon.de\/wp-up\/2026\/04\/Waldbrand-Alme-9-150x113.jpg\" alt=\"\" width=\"113\" height=\"150\" class=\"alignleft size-thumbnail wp-image-34708\" \/><\/a><a rel=\"lightbox\" href=\"https:\/\/www.feuerwehr-brilon.de\/wp-up\/2026\/04\/Waldbrand-Alme-10.jpg\"><img loading=\"lazy\" decoding=\"async\" src=\"https:\/\/www.feuerwehr-brilon.de\/wp-up\/2026\/04\/Waldbrand-Alme-10-150x113.jpg\" alt=\"\" width=\"113\" height=\"150\" class=\"alignleft size-thumbnail wp-image-34709\" \/><\/a><a rel=\"lightbox\" href=\"https:\/\/www.feuerwehr-brilon.de\/wp-up\/2026\/04\/Waldbrand-Alme-11.jpg\"><img loading=\"lazy\" decoding=\"async\" src=\"https:\/\/www.feuerwehr-brilon.de\/wp-up\/2026\/04\/Waldbrand-Alme-11-150x113.jpg\" alt=\"\" width=\"113\" height=\"150\" class=\"alignleft size-thumbnail wp-image-34710\" \/><\/a><a rel=\"lightbox\" href=\"https:\/\/www.feuerwehr-brilon.de\/wp-up\/2026\/04\/Waldbrand-Alme-12.jpg\"><img loading=\"lazy\" decoding=\"async\" src=\"https:\/\/www.feuerwehr-brilon.de\/wp-up\/2026\/04\/Waldbrand-Alme-12-150x113.jpg\" alt=\"\" width=\"113\" height=\"150\" class=\"alignleft size-thumbnail wp-image-34711\" \/><\/a><a rel=\"lightbox\" href=\"https:\/\/www.feuerwehr-brilon.de\/wp-up\/2026\/04\/Waldbrand-Alme-13.jpg\"><img loading=\"lazy\" decoding=\"async\" src=\"https:\/\/www.feuerwehr-brilon.de\/wp-up\/2026\/04\/Waldbrand-Alme-13-150x113.jpg\" alt=\"\" width=\"113\" height=\"150\" class=\"alignleft size-thumbnail wp-image-34712\" \/><\/a><a rel=\"lightbox\" href=\"https:\/\/www.feuerwehr-brilon.de\/wp-up\/2026\/04\/Waldbrand-Alme-14.jpg\"><img loading=\"lazy\" decoding=\"async\" src=\"https:\/\/www.feuerwehr-brilon.de\/wp-up\/2026\/04\/Waldbrand-Alme-14-150x113.jpg\" alt=\"\" width=\"113\" height=\"150\" class=\"alignleft size-thumbnail wp-image-34713\" \/><\/a\n\n\n\n\n\n<\/p>\n","protected":false},"excerpt":{"rendered":"<p>Alme. Die Feuerwehr Brilon wurde am Montag (27.04.2026) um 14:41 Uhr zu einer unklaren Rauchentwicklung im Almer Wald im Bereich der L 637 in Richtung B\u00fcren alarmiert. Bereits auf der Anfahrt konnte eine starke Rauchentwicklung festgestellt werden, woraufhin umgehend weitere Einsatzkr\u00e4fte nachalarmiert wurden. Am Rietkopf brannte eine rund 20.000 qm gro\u00dfe Waldfl\u00e4che.<\/p>\n","protected":false},"author":5,"featured_media":34702,"comment_status":"closed","ping_status":"closed","sticky":false,"template":"","format":"standard","meta":{"_exactmetrics_skip_tracking":false,"_exactmetrics_sitenote_active":false,"_exactmetrics_sitenote_note":"","_exactmetrics_sitenote_category":0,"jetpack_post_was_ever_published":false,"_jetpack_newsletter_access":"","_jetpack_dont_email_post_to_subs":false,"_jetpack_newsletter_tier_id":0,"_jetpack_memberships_contains_paywalled_content":false,"_jetpack_memberships_contains_paid_content":false,"footnotes":""},"categories":[369],"tags":[40,141,197,37,231,239,198,204,53,47,221,55,42,178,220,45],"class_list":["post-34692","post","type-post","status-publish","format-standard","has-post-thumbnail","hentry","category-einsaetze-2026","tag-alme","tag-bontkirchen","tag-brand","tag-brilon","tag-gw-l-2","tag-hlf-20","tag-lf-1612","tag-lf20kats","tag-madfeld","tag-messinghausen","tag-mlf","tag-nehden","tag-thulen","tag-tlf-4000","tag-waldbrand","tag-wulfte"],"jetpack_featured_media_url":"https:\/\/www.feuerwehr-brilon.de\/wp-up\/2026\/04\/Waldbrand-Alme-3.jpg","jetpack_shortlink":"https:\/\/wp.me\/pCIJa-91y","jetpack_sharing_enabled":true,"jetpack-related-posts":[{"id":34682,"url":"https:\/\/www.feuerwehr-brilon.de\/?p=34682","url_meta":{"origin":34692,"position":0},"title":"Waldbrand bei Alme","author":"Andreas Becker","date":"27. April 2026","format":false,"excerpt":"Alme. Um 14:45 Uhr wurde die L\u00f6schgruppe Alme heute (27.4.) zu einer unklaren Rauchentwicklung im Almer Wald im Bereich der L637 in Richtung B\u00fcren alarmiert. Bereits auf der Anfahrt wurde eine starke Rauchentwicklung festgestellt, woraufhin umgehend weitere Einsatzkr\u00e4fte nachalarmiert wurden. Unter anderem wurden zwei Spezialfahrzeuge aus Meschede angefordert: ein AB-Tank\u2026","rel":"","context":"In &quot;Eins\u00e4tze 2026&quot;","block_context":{"text":"Eins\u00e4tze 2026","link":"https:\/\/www.feuerwehr-brilon.de\/?cat=369"},"img":{"alt_text":"","src":"https:\/\/i0.wp.com\/www.feuerwehr-brilon.de\/wp-up\/2026\/04\/IMG_20260427_152947_HP.jpg?resize=350%2C200&ssl=1","width":350,"height":200,"srcset":"https:\/\/i0.wp.com\/www.feuerwehr-brilon.de\/wp-up\/2026\/04\/IMG_20260427_152947_HP.jpg?resize=350%2C200&ssl=1 1x, https:\/\/i0.wp.com\/www.feuerwehr-brilon.de\/wp-up\/2026\/04\/IMG_20260427_152947_HP.jpg?resize=525%2C300&ssl=1 1.5x, https:\/\/i0.wp.com\/www.feuerwehr-brilon.de\/wp-up\/2026\/04\/IMG_20260427_152947_HP.jpg?resize=700%2C400&ssl=1 2x"},"classes":[]},{"id":32731,"url":"https:\/\/www.feuerwehr-brilon.de\/?p=32731","url_meta":{"origin":34692,"position":1},"title":"Arbeitsreiches Wochenende f\u00fcr die Feuerwehr Brilon","author":"Andreas Becker","date":"3. September 2024","format":false,"excerpt":"\u00d6lspur auf der Hoppecker Stra\u00dfe Mit einer \u00d6lspur startete ein arbeitsreiches Wochenende f\u00fcr die Feuerwehr Brilon. Gegen 15.30 Uhr am Freitagnachmittag kam es auf der Hoppecker Stra\u00dfe an der Ecke \u201eAm Hohlen Wege\u201c zu einem Unfall, bei dem die \u00d6lwanne eines Pkw besch\u00e4digt wurde. Sechs Einsatzkr\u00e4fte r\u00fcckten aus, um ca.\u2026","rel":"","context":"In &quot;Eins\u00e4tze 2024&quot;","block_context":{"text":"Eins\u00e4tze 2024","link":"https:\/\/www.feuerwehr-brilon.de\/?cat=360"},"img":{"alt_text":"","src":"https:\/\/i0.wp.com\/www.feuerwehr-brilon.de\/wp-up\/2024\/09\/1000049737_FB.jpg?resize=350%2C200&ssl=1","width":350,"height":200,"srcset":"https:\/\/i0.wp.com\/www.feuerwehr-brilon.de\/wp-up\/2024\/09\/1000049737_FB.jpg?resize=350%2C200&ssl=1 1x, https:\/\/i0.wp.com\/www.feuerwehr-brilon.de\/wp-up\/2024\/09\/1000049737_FB.jpg?resize=525%2C300&ssl=1 1.5x, https:\/\/i0.wp.com\/www.feuerwehr-brilon.de\/wp-up\/2024\/09\/1000049737_FB.jpg?resize=700%2C400&ssl=1 2x, https:\/\/i0.wp.com\/www.feuerwehr-brilon.de\/wp-up\/2024\/09\/1000049737_FB.jpg?resize=1050%2C600&ssl=1 3x"},"classes":[]},{"id":31254,"url":"https:\/\/www.feuerwehr-brilon.de\/?p=31254","url_meta":{"origin":34692,"position":2},"title":"Brand eines Harvesters in Bad W\u00fcnnenberg","author":"Marcus Bange","date":"9. Juni 2023","format":false,"excerpt":"Alme. Die L\u00f6schgruppen Alme und W\u00fclfte wurden zu einer unklaren Rauchentwicklung in Alme in Richtung Berenscheid alarmiert. Bereits beim Ausr\u00fccken der Feuerwehr wurde schwarzer Rauch im Waldgebiet zwischen Alme und Bad W\u00fcnnenberg\/Leiberg\/B\u00fcren aus der Ferne erkannt. Aufgrund der weiterhin sichtbaren Rauchs\u00e4ule wurden neben den Feuerwehrkr\u00e4ften der Stadt Brilon durch die\u2026","rel":"","context":"In &quot;Eins\u00e4tze 2023&quot;","block_context":{"text":"Eins\u00e4tze 2023","link":"https:\/\/www.feuerwehr-brilon.de\/?cat=335"},"img":{"alt_text":"","src":"https:\/\/i0.wp.com\/www.feuerwehr-brilon.de\/wp-up\/2023\/06\/Harverster-Wuennenberg-1.jpg?resize=350%2C200&ssl=1","width":350,"height":200,"srcset":"https:\/\/i0.wp.com\/www.feuerwehr-brilon.de\/wp-up\/2023\/06\/Harverster-Wuennenberg-1.jpg?resize=350%2C200&ssl=1 1x, https:\/\/i0.wp.com\/www.feuerwehr-brilon.de\/wp-up\/2023\/06\/Harverster-Wuennenberg-1.jpg?resize=525%2C300&ssl=1 1.5x, https:\/\/i0.wp.com\/www.feuerwehr-brilon.de\/wp-up\/2023\/06\/Harverster-Wuennenberg-1.jpg?resize=700%2C400&ssl=1 2x"},"classes":[]},{"id":21475,"url":"https:\/\/www.feuerwehr-brilon.de\/?p=21475","url_meta":{"origin":34692,"position":3},"title":"Waldbrand bei Bleiw\u00e4sche","author":"Marcus Bange","date":"11. Juli 2019","format":false,"excerpt":"Brilon. Die Feuerwehr Brilon wurde am Mittwoch um 16:50 Uhr zu einem Waldbrand in der N\u00e4he von Madfeld alarmiert. Dort war am Himbeerkopf an der Sch\u00fctzenwiese bei Bleiw\u00e4sche ein Brand ausgebrochen. Die Feuerwehr Brilon leistete dabei nachbarschaftliche L\u00f6schhilfe im Bad W\u00fcnnenberger Stadtgebiet. Bei Eintreffen der Madfelder Einsatzkr\u00e4fte breiteten sich die\u2026","rel":"","context":"In &quot;Eins\u00e4tze 2019&quot;","block_context":{"text":"Eins\u00e4tze 2019","link":"https:\/\/www.feuerwehr-brilon.de\/?cat=222"},"img":{"alt_text":"","src":"https:\/\/i0.wp.com\/www.feuerwehr-brilon.de\/wp-up\/2019\/07\/Waldbrand-Bleiw%C3%A4sche-3-150x113.jpg?resize=350%2C200&ssl=1","width":350,"height":200},"classes":[]},{"id":30564,"url":"https:\/\/www.feuerwehr-brilon.de\/?p=30564","url_meta":{"origin":34692,"position":4},"title":"Brand in W\u00fclfte","author":"Marcus Bange","date":"19. Dezember 2022","format":false,"excerpt":"W\u00fclfte. Kaminbrand in W\u00fclfte. So lautete die Einsatzmeldung der Briloner Feuerwehr am Montagmorgen (19.12.2022, 10:30 Uhr). An der W\u00fclfter Stra\u00dfe hatte sich beim Anz\u00fcnden eines Kaminofens eine starke Rauchentwicklung in einem Wohnhaus gezeigt. Die Bewohner verlie\u00dfen daraufhin das Geb\u00e4ude und alarmierten die Feuerwehr. Mit Hilfe des Bezirksschornsteinfegers wurde der Ofen\u2026","rel":"","context":"In &quot;Eins\u00e4tze 2022&quot;","block_context":{"text":"Eins\u00e4tze 2022","link":"https:\/\/www.feuerwehr-brilon.de\/?cat=288"},"img":{"alt_text":"","src":"https:\/\/i0.wp.com\/www.feuerwehr-brilon.de\/wp-up\/2022\/12\/Kaminbrand-Wuelfte-3.jpg?resize=350%2C200&ssl=1","width":350,"height":200,"srcset":"https:\/\/i0.wp.com\/www.feuerwehr-brilon.de\/wp-up\/2022\/12\/Kaminbrand-Wuelfte-3.jpg?resize=350%2C200&ssl=1 1x, https:\/\/i0.wp.com\/www.feuerwehr-brilon.de\/wp-up\/2022\/12\/Kaminbrand-Wuelfte-3.jpg?resize=525%2C300&ssl=1 1.5x, https:\/\/i0.wp.com\/www.feuerwehr-brilon.de\/wp-up\/2022\/12\/Kaminbrand-Wuelfte-3.jpg?resize=700%2C400&ssl=1 2x"},"classes":[]},{"id":16492,"url":"https:\/\/www.feuerwehr-brilon.de\/?p=16492","url_meta":{"origin":34692,"position":5},"title":"Waldbrand in Alme","author":"Marcus Bange","date":"10. Oktober 2018","format":false,"excerpt":"Brilon. Am Dienstagabend wurde die Feuerwehr Brilon um 18.24 Uhr zu einem Waldbrand \u201eIm Hegeberg\u201c an der L 637 in Alme alarmiert. Dort waren rund 50 qm Fichtenschonung in Brand geraten. Die L\u00f6schgruppen Alme, Th\u00fclen und Nehden mussten zun\u00e4chst eine rund 200 m lange Schlauchleitung zur Brandstelle verlegen. Zur L\u00f6schwasserversorgung\u2026","rel":"","context":"In &quot;Eins\u00e4tze 2018&quot;","block_context":{"text":"Eins\u00e4tze 2018","link":"https:\/\/www.feuerwehr-brilon.de\/?cat=208"},"img":{"alt_text":"","src":"https:\/\/i0.wp.com\/www.feuerwehr-brilon.de\/wp-up\/2018\/10\/Waldbrand-Alme-1-150x113.jpg?resize=350%2C200&ssl=1","width":350,"height":200},"classes":[]}],"_links":{"self":[{"href":"https:\/\/www.feuerwehr-brilon.de\/index.php?rest_route=\/wp\/v2\/posts\/34692","targetHints":{"allow":["GET"]}}],"collection":[{"href":"https:\/\/www.feuerwehr-brilon.de\/index.php?rest_route=\/wp\/v2\/posts"}],"about":[{"href":"https:\/\/www.feuerwehr-brilon.de\/index.php?rest_route=\/wp\/v2\/types\/post"}],"author":[{"embeddable":true,"href":"https:\/\/www.feuerwehr-brilon.de\/index.php?rest_route=\/wp\/v2\/users\/5"}],"replies":[{"embeddable":true,"href":"https:\/\/www.feuerwehr-brilon.de\/index.php?rest_route=%2Fwp%2Fv2%2Fcomments&post=34692"}],"version-history":[{"count":3,"href":"https:\/\/www.feuerwehr-brilon.de\/index.php?rest_route=\/wp\/v2\/posts\/34692\/revisions"}],"predecessor-version":[{"id":34716,"href":"https:\/\/www.feuerwehr-brilon.de\/index.php?rest_route=\/wp\/v2\/posts\/34692\/revisions\/34716"}],"wp:featuredmedia":[{"embeddable":true,"href":"https:\/\/www.feuerwehr-brilon.de\/index.php?rest_route=\/wp\/v2\/media\/34702"}],"wp:attachment":[{"href":"https:\/\/www.feuerwehr-brilon.de\/index.php?rest_route=%2Fwp%2Fv2%2Fmedia&parent=34692"}],"wp:term":[{"taxonomy":"category","embeddable":true,"href":"https:\/\/www.feuerwehr-brilon.de\/index.php?rest_route=%2Fwp%2Fv2%2Fcategories&post=34692"},{"taxonomy":"post_tag","embeddable":true,"href":"https:\/\/www.feuerwehr-brilon.de\/index.php?rest_route=%2Fwp%2Fv2%2Ftags&post=34692"}],"curies":[{"name":"wp","href":"https:\/\/api.w.org\/{rel}","templated":true}]}}