{"id":9846,"date":"2014-02-11T15:30:32","date_gmt":"2014-02-11T14:30:32","guid":{"rendered":"http:\/\/www.feuerwehr-brilon.de\/?p=9846"},"modified":"2014-02-12T14:06:57","modified_gmt":"2014-02-12T13:06:57","slug":"verkehrsunfall-am-ostring-2","status":"publish","type":"post","link":"https:\/\/www.feuerwehr-brilon.de\/?p=9846","title":{"rendered":"Verkehrsunfall am Ostring"},"content":{"rendered":"<p><a rel=\"lytebox\" href=\"http:\/\/www.feuerwehr-brilon.de\/wp-up\/2014\/02\/VU_B7.jpg\"><img loading=\"lazy\" decoding=\"async\" src=\"http:\/\/www.feuerwehr-brilon.de\/wp-up\/2014\/02\/VU_B7-150x106.jpg\" alt=\"VU_B7 (\u00a9Feuerwehr Brilon)\" title=\"VU_B7 (\u00a9Feuerwehr Brilon)\" width=\"150\" height=\"106\" class=\"alignleft size-thumbnail wp-image-9847\" srcset=\"https:\/\/www.feuerwehr-brilon.de\/wp-up\/2014\/02\/VU_B7-150x106.jpg 150w, https:\/\/www.feuerwehr-brilon.de\/wp-up\/2014\/02\/VU_B7-500x356.jpg 500w, https:\/\/www.feuerwehr-brilon.de\/wp-up\/2014\/02\/VU_B7.jpg 800w\" sizes=\"auto, (max-width: 150px) 100vw, 150px\" \/><\/a><a href=\"http:\/\/www.feuerwehr-brilon.de\/?page_id=7\" title=\"Brilon\" target=\"_blank\">Brilon. <\/a>Am Dienstagmorgen (11.2.) um 6:31 Uhr wurde der L\u00f6schzug Brilon zu einem Verkehrsunfall mit eingeklemmter Person alarmiert. Laut <a href=\"http:\/\/www.feuerwehr-brilon.de\/?page_id=9819\" target=\"_blank\">Notruf<\/a> waren auf dem Ostring (B7) am Abzweig zum Nehdener Weg zwei Autos kollidiert. <!--more--><\/p>\n<p>Auf der Anfahrt zur Einsatzstelle gab es Entwarnung. Die Leitstelle meldete das die beteiligten Personen zwar verletzt, aber nicht eingeklemmt seien. Somit beschr\u00e4nkten sich die Aufgaben auf das Ausleuchten der Einsatzstelle und Abstreuen der entstandenen \u00d6lspur.<\/p>\n<p>Nach rund einer Stunde war die Arbeit f\u00fcr die acht Feuerwehrm\u00e4nner an der Einsatzstelle erledigt.<\/p>\n<p>\u00dcber Ursache und H\u00f6he des Schadens liegen der Feuerwehr keine Angaben vor.<\/p>\n<p style=\"border-color: #696969; border-width: 2px; border-style: solid; padding: 4px;\"><strong>Eingesetzte Einheiten:<br \/>\n<a href=\"http:\/\/www.feuerwehr-brilon.de\/?page_id=7\"><img loading=\"lazy\" decoding=\"async\" class=\"alignnone\" title=\"lz brilon\" src=\"http:\/\/www.feuerwehr-brilon.de\/images\/einsatz_details\/lz_brilon.jpg\" alt=\"\" width=\"110\" height=\"31\" \/><\/a><\/strong><\/p>\n<p style=\"border-color: #696969; border-width: 2px; border-style: solid; padding: 4px;\"><strong>Eingesetzte Fahrzeuge:<br \/>\n<a href=\"http:\/\/www.feuerwehr-brilon.de\/?page_id=755\"><img loading=\"lazy\" decoding=\"async\" class=\"alignnone\" src=\"http:\/\/www.feuerwehr-brilon.de\/images\/einsatz_details\/054401.jpg\" alt=\"\" width=\"110\" height=\"31\" \/><\/a><\/strong><\/p>\n<p style=\"border-color: #696969; border-width: 2px; border-style: solid; padding: 4px;\"><strong>Sonstiges:<\/strong><br \/>\n<br \/>\n<a href=\"http:\/\/www.presseportal.de\/polizeipresse\/pm\/65847\/2662711\/pol-hsk-verkehrsunfall-beim-abbiegen-zwei-schwer-verletzte-in-krankenhaeuser-gebracht\" target=\"_blank\"> >> Polizeibericht<\/a><\/p>\n","protected":false},"excerpt":{"rendered":"<p>Brilon. Am Dienstagmorgen (11.2.) um 6:31 Uhr wurde der L\u00f6schzug Brilon zu einem Verkehrsunfall mit eingeklemmter Person alarmiert. Laut Notruf waren auf dem Ostring (B7) am Abzweig zum Nehdener Weg zwei Autos kollidiert.<\/p>\n","protected":false},"author":8,"featured_media":0,"comment_status":"closed","ping_status":"closed","sticky":false,"template":"","format":"standard","meta":{"_exactmetrics_skip_tracking":false,"_exactmetrics_sitenote_active":false,"_exactmetrics_sitenote_note":"","_exactmetrics_sitenote_category":0,"jetpack_post_was_ever_published":false,"_jetpack_newsletter_access":"","_jetpack_dont_email_post_to_subs":false,"_jetpack_newsletter_tier_id":0,"_jetpack_memberships_contains_paywalled_content":false,"_jetpack_memberships_contains_paid_content":false,"footnotes":""},"categories":[184],"tags":[37,198,199],"class_list":["post-9846","post","type-post","status-publish","format-standard","hentry","category-einsaetze-2014","tag-brilon","tag-lf-1612","tag-verkehrsunfall"],"jetpack_featured_media_url":"","jetpack_shortlink":"https:\/\/wp.me\/pCIJa-2yO","jetpack_sharing_enabled":true,"jetpack-related-posts":[{"id":9194,"url":"https:\/\/www.feuerwehr-brilon.de\/?p=9194","url_meta":{"origin":9846,"position":0},"title":"Schwerer Verkehrsunfall auf der Bundesstra\u00dfe 7","author":"Marc Heines","date":"9. November 2013","format":false,"excerpt":"Die Feuerwehr Brilon wurde heute gegen 16:00 Uhr zu einem schweren Verkehrsunfall auf der B7 zwischen Th\u00fclener und R\u00f6senbecker Kreuz alarmiert. Zun\u00e4chst wurde von vier betroffenene Personen, darunter auch mindestens eine eingeklemmte Person, ausgegangen. An der Einsatzstelle eingetroffen stellte sich jedoch heraus, dass Niemand eingeklemmt war. Zwei Leichtverletzte wurden bereits\u2026","rel":"","context":"In &quot;Eins\u00e4tze 2013&quot;","block_context":{"text":"Eins\u00e4tze 2013","link":"https:\/\/www.feuerwehr-brilon.de\/?cat=176"},"img":{"alt_text":"","src":"https:\/\/i0.wp.com\/www.feuerwehr-brilon.de\/wp-up\/2013\/11\/IMAG1024i-150x101.jpg?resize=350%2C200&ssl=1","width":350,"height":200},"classes":[]},{"id":8857,"url":"https:\/\/www.feuerwehr-brilon.de\/?p=8857","url_meta":{"origin":9846,"position":1},"title":"Verkehrsunfall an der Keffelker Kapelle","author":"Andreas Becker","date":"15. August 2013","format":false,"excerpt":"Mit dem Alarmstichwort \"\u00d6lspur nach Verkehrsunfall\" wurde die L\u00f6schgruppe Th\u00fclen am 12.8. um 20:45 Uhr alarmiert. Auf der B7 in H\u00f6he der Keffelker Kapelle war es zu einem Verkehrsunfall mit 3 beteiligten PKW gekommen. Sechs Feuerwehrm\u00e4nner r\u00fcckten aus. An der Einsatzstelle unterst\u00fctzten sie zun\u00e4chst den Rettungsdienst. Anschlie\u00dfend wurden auslaufende Betriebsmittel\u2026","rel":"","context":"In &quot;Eins\u00e4tze 2013&quot;","block_context":{"text":"Eins\u00e4tze 2013","link":"https:\/\/www.feuerwehr-brilon.de\/?cat=176"},"img":{"alt_text":"","src":"https:\/\/i0.wp.com\/www.feuerwehr-brilon.de\/wp-up\/2013\/08\/altAh_7mOBQzJMVLOze7fTuz5KhY45xSvv6Vs8_RwjXFP-L-150x112.jpg?resize=350%2C200&ssl=1","width":350,"height":200},"classes":[]},{"id":9763,"url":"https:\/\/www.feuerwehr-brilon.de\/?p=9763","url_meta":{"origin":9846,"position":2},"title":"Verkehrsunfall an der M\u00f6hneburg","author":"Andreas Becker","date":"1. Februar 2014","format":false,"excerpt":"Brilon. Der L\u00f6schzug Brilon hielt gerade seinen zweiw\u00f6chigen Schulungsabend ab, als am Freitagabend gegen 20:19 Uhr pl\u00f6tzlich die Meldeempf\u00e4nger piepsten. Auf der B480 (H\u00f6he M\u00f6hneburg Richtung Alme) war es zu einem Verkehrsunfall gekommen und eine Person sollte im verunfallten PKW eingeklemmt sein. Unmittelbar nach der Alarmierung r\u00fcckten die beiden Hilfeleistungsl\u00f6schgruppenfahrzeuge\u2026","rel":"","context":"In &quot;Eins\u00e4tze 2014&quot;","block_context":{"text":"Eins\u00e4tze 2014","link":"https:\/\/www.feuerwehr-brilon.de\/?cat=184"},"img":{"alt_text":"","src":"https:\/\/i0.wp.com\/www.feuerwehr-brilon.de\/wp-up\/2014\/02\/P1310188-150x112.jpg?resize=350%2C200","width":350,"height":200},"classes":[]},{"id":14064,"url":"https:\/\/www.feuerwehr-brilon.de\/?p=14064","url_meta":{"origin":9846,"position":3},"title":"Zwei Schwerverletzte aus PKW befreit","author":"Andreas Becker","date":"2. November 2016","format":false,"excerpt":"Brilon. Zu einem schweren Verkehrsunfall mit vier Verletzten wurde der L\u00f6schzug Brilon heute Nachmittag (2.11.) um 16:40 Uhr alarmiert. Auf der B7 in H\u00f6he der Br\u00fccke \u00fcber dem Nehdener Weg waren zwei Fahrzeuge kollidiert. Dabei wurden Fahrer und Beifahrerin eines beteiligten PKW eingeklemmt. Sie mussten mit hydraulischem Rettungsger\u00e4t befreit werden.\u2026","rel":"","context":"In &quot;Eins\u00e4tze 2016&quot;","block_context":{"text":"Eins\u00e4tze 2016","link":"https:\/\/www.feuerwehr-brilon.de\/?cat=201"},"img":{"alt_text":"20161102_170037-1","src":"https:\/\/i0.wp.com\/www.feuerwehr-brilon.de\/wp-up\/2016\/11\/20161102_170037-1-150x84.jpg?resize=350%2C200","width":350,"height":200},"classes":[]},{"id":16385,"url":"https:\/\/www.feuerwehr-brilon.de\/?p=16385","url_meta":{"origin":9846,"position":4},"title":"Verkehrsunfall auf der B 7 bei R\u00f6senbeck","author":"Marcus Bange","date":"30. August 2018","format":false,"excerpt":"Brilon. Die Feuerwehr Brilon wurde am Mittwoch (29.08.2018) um 14:54 Uhr zu einem Verkehrsunfall auf der B 7 zwischen Th\u00fclen und Madfeld alarmiert. In H\u00f6he der Zufahrt zu einem Steinbruch war ein PKW mit einem LKW zusammengesto\u00dfen. Entgegen der ersten Meldung war keine Person im Fahrzeug eingeklemmt. Die Fahrerin des\u2026","rel":"","context":"In &quot;Eins\u00e4tze 2018&quot;","block_context":{"text":"Eins\u00e4tze 2018","link":"https:\/\/www.feuerwehr-brilon.de\/?cat=208"},"img":{"alt_text":"","src":"https:\/\/i0.wp.com\/www.feuerwehr-brilon.de\/wp-up\/2018\/08\/VU-B-7-1-150x113.jpg?resize=350%2C200&ssl=1","width":350,"height":200},"classes":[]},{"id":29826,"url":"https:\/\/www.feuerwehr-brilon.de\/?p=29826","url_meta":{"origin":9846,"position":5},"title":"Verkehrsunfall in Brilon-Wald","author":"Andreas Becker","date":"29. Mai 2022","format":false,"excerpt":"Kurz vor Mitternacht ereignete sich am Freitag (26.5.) ein schwerer Verkehrsunfall in Brilon-Wald auf der B 251. Die Rettungskr\u00e4fte wurden um 23.44 Uhr mit dem Stichwort \u201eVerkehrsunfall eingeklemmte Person\u201c alarmiert. Laut ersten Informationen sollten insgesamt sechs Personen beteiligt und mindestens eine davon eingeklemmt sein. Nach erster Erkundung konnte festgestellt werden,\u2026","rel":"","context":"In &quot;Eins\u00e4tze 2022&quot;","block_context":{"text":"Eins\u00e4tze 2022","link":"https:\/\/www.feuerwehr-brilon.de\/?cat=288"},"img":{"alt_text":"","src":"https:\/\/i0.wp.com\/www.feuerwehr-brilon.de\/wp-up\/2022\/05\/220529_BrilonWald_VU-9052_.jpg?resize=350%2C200&ssl=1","width":350,"height":200,"srcset":"https:\/\/i0.wp.com\/www.feuerwehr-brilon.de\/wp-up\/2022\/05\/220529_BrilonWald_VU-9052_.jpg?resize=350%2C200&ssl=1 1x, https:\/\/i0.wp.com\/www.feuerwehr-brilon.de\/wp-up\/2022\/05\/220529_BrilonWald_VU-9052_.jpg?resize=525%2C300&ssl=1 1.5x, https:\/\/i0.wp.com\/www.feuerwehr-brilon.de\/wp-up\/2022\/05\/220529_BrilonWald_VU-9052_.jpg?resize=700%2C400&ssl=1 2x"},"classes":[]}],"_links":{"self":[{"href":"https:\/\/www.feuerwehr-brilon.de\/index.php?rest_route=\/wp\/v2\/posts\/9846","targetHints":{"allow":["GET"]}}],"collection":[{"href":"https:\/\/www.feuerwehr-brilon.de\/index.php?rest_route=\/wp\/v2\/posts"}],"about":[{"href":"https:\/\/www.feuerwehr-brilon.de\/index.php?rest_route=\/wp\/v2\/types\/post"}],"author":[{"embeddable":true,"href":"https:\/\/www.feuerwehr-brilon.de\/index.php?rest_route=\/wp\/v2\/users\/8"}],"replies":[{"embeddable":true,"href":"https:\/\/www.feuerwehr-brilon.de\/index.php?rest_route=%2Fwp%2Fv2%2Fcomments&post=9846"}],"version-history":[{"count":3,"href":"https:\/\/www.feuerwehr-brilon.de\/index.php?rest_route=\/wp\/v2\/posts\/9846\/revisions"}],"predecessor-version":[{"id":9866,"href":"https:\/\/www.feuerwehr-brilon.de\/index.php?rest_route=\/wp\/v2\/posts\/9846\/revisions\/9866"}],"wp:attachment":[{"href":"https:\/\/www.feuerwehr-brilon.de\/index.php?rest_route=%2Fwp%2Fv2%2Fmedia&parent=9846"}],"wp:term":[{"taxonomy":"category","embeddable":true,"href":"https:\/\/www.feuerwehr-brilon.de\/index.php?rest_route=%2Fwp%2Fv2%2Fcategories&post=9846"},{"taxonomy":"post_tag","embeddable":true,"href":"https:\/\/www.feuerwehr-brilon.de\/index.php?rest_route=%2Fwp%2Fv2%2Ftags&post=9846"}],"curies":[{"name":"wp","href":"https:\/\/api.w.org\/{rel}","templated":true}]}}