{"id":9971,"date":"2014-03-11T07:53:17","date_gmt":"2014-03-11T06:53:17","guid":{"rendered":"http:\/\/www.feuerwehr-brilon.de\/?p=9971"},"modified":"2014-04-04T08:25:39","modified_gmt":"2014-04-04T06:25:39","slug":"kleiner-vegetationsbrand-in-madfeld","status":"publish","type":"post","link":"https:\/\/www.feuerwehr-brilon.de\/?p=9971","title":{"rendered":"Kleiner Vegetationsbrand in Madfeld"},"content":{"rendered":"<p><a href=\"http:\/\/www.feuerwehr-brilon.de\/?page_id=50\" title=\"Madfeld\" target=\"_blank\">Madfeld. <\/a><a href=\"http:\/\/www.feuerwehr-brilon.de\/wp-up\/2014\/03\/strommast_i.jpg\"><img loading=\"lazy\" decoding=\"async\" class=\"alignleft size-thumbnail wp-image-9972\" alt=\"strommast_i\" src=\"http:\/\/www.feuerwehr-brilon.de\/wp-up\/2014\/03\/strommast_i-112x150.jpg\" width=\"112\" height=\"150\" srcset=\"https:\/\/www.feuerwehr-brilon.de\/wp-up\/2014\/03\/strommast_i-112x150.jpg 112w, https:\/\/www.feuerwehr-brilon.de\/wp-up\/2014\/03\/strommast_i-375x500.jpg 375w, https:\/\/www.feuerwehr-brilon.de\/wp-up\/2014\/03\/strommast_i.jpg 600w\" sizes=\"auto, (max-width: 112px) 100vw, 112px\" \/><\/a>Am 08. M\u00e4rz kam es, vermutlich durch einen technischen Defekt an einem Strommast, zu einem kleinen Vegetationsbrand. Anwohner konnten das Feuer fr\u00fchzeitig mit Schaufeln ersticken. Die L\u00f6schgruppe Madfeld sicherte die Einsatzstelle zun\u00e4chst ab. Es war noch nicht klar, ob von dem Strommast noch Gefahren ausgehen. Nach R\u00fccksprache mit dem Stromversorger wurde\u00a0dann der betroffene Bereich bew\u00e4ssert.<\/p>\n","protected":false},"excerpt":{"rendered":"<p>Madfeld. Am 08. M\u00e4rz kam es, vermutlich durch einen technischen Defekt an einem Strommast, zu einem kleinen Vegetationsbrand. Anwohner konnten das Feuer fr\u00fchzeitig mit Schaufeln ersticken. Die L\u00f6schgruppe Madfeld sicherte die Einsatzstelle zun\u00e4chst ab. Es war noch nicht klar, ob von dem Strommast noch Gefahren ausgehen. Nach R\u00fccksprache mit dem Stromversorger wurde\u00a0dann der betroffene Bereich [&hellip;]<\/p>\n","protected":false},"author":6,"featured_media":0,"comment_status":"closed","ping_status":"closed","sticky":false,"template":"","format":"standard","meta":{"_exactmetrics_skip_tracking":false,"_exactmetrics_sitenote_active":false,"_exactmetrics_sitenote_note":"","_exactmetrics_sitenote_category":0,"jetpack_post_was_ever_published":false,"_jetpack_newsletter_access":"","_jetpack_dont_email_post_to_subs":false,"_jetpack_newsletter_tier_id":0,"_jetpack_memberships_contains_paywalled_content":false,"_jetpack_memberships_contains_paid_content":false,"footnotes":""},"categories":[184],"tags":[197,53],"class_list":["post-9971","post","type-post","status-publish","format-standard","hentry","category-einsaetze-2014","tag-brand","tag-madfeld"],"jetpack_featured_media_url":"","jetpack_shortlink":"https:\/\/wp.me\/pCIJa-2AP","jetpack_sharing_enabled":true,"jetpack-related-posts":[{"id":31388,"url":"https:\/\/www.feuerwehr-brilon.de\/?p=31388","url_meta":{"origin":9971,"position":0},"title":"Einweihung des Feuerwehrger\u00e4tehauses der L\u00f6schgruppe Madfeld","author":"Marcus Bange","date":"2. August 2023","format":false,"excerpt":"Madfeld. Die Stadt Brilon hat im Ortsteil Madfeld ein neues Feuerwehrhaus in Holzbauweise errichtet. Die neue Unterkunft wird am Samstag, 05.08.2023 im Rahmen des Feuerwehrfestes eingeweiht. Nach der Messe um 17:00 Uhr in der Pfarrkirche St. Margaretha und dem Festzug mit dem Musikverein Madfeld erfolgt um 18:00 Uhr die offizielle\u2026","rel":"","context":"In &quot;Meldungen 2023&quot;","block_context":{"text":"Meldungen 2023","link":"https:\/\/www.feuerwehr-brilon.de\/?cat=336"},"img":{"alt_text":"","src":"https:\/\/i0.wp.com\/www.feuerwehr-brilon.de\/wp-up\/2023\/08\/FW-Haus-Madfeld-3.jpg?resize=350%2C200&ssl=1","width":350,"height":200,"srcset":"https:\/\/i0.wp.com\/www.feuerwehr-brilon.de\/wp-up\/2023\/08\/FW-Haus-Madfeld-3.jpg?resize=350%2C200&ssl=1 1x, https:\/\/i0.wp.com\/www.feuerwehr-brilon.de\/wp-up\/2023\/08\/FW-Haus-Madfeld-3.jpg?resize=525%2C300&ssl=1 1.5x, https:\/\/i0.wp.com\/www.feuerwehr-brilon.de\/wp-up\/2023\/08\/FW-Haus-Madfeld-3.jpg?resize=700%2C400&ssl=1 2x"},"classes":[]},{"id":35076,"url":"https:\/\/www.feuerwehr-brilon.de\/?p=35076","url_meta":{"origin":9971,"position":1},"title":"100 Jahre L\u00f6schgruppe Madfeld am 01.08.2026","author":"Marcus Bange","date":"29. Juli 2026","format":false,"excerpt":"Madfeld. Die L\u00f6schgruppe Madfeld der Freiwilligen Feuerwehr der Stadt Brilon feiert am Samstag, dem 01.08.2026 ihr 100-j\u00e4hriges Jubil\u00e4um im Rahmen des Feuerwehrfestes. Die L\u00f6schgruppe Madfeld wurde am 26.04.1926 in der Gastst\u00e4tte Lange an der Almer Stra\u00dfe gegr\u00fcndet. Dieses Jubil\u00e4um soll nun zusammen gefeiert werden. Das Feuerwehrfest beginnt um 15:00 Uhr\u2026","rel":"","context":"In &quot;Meldungen 2026&quot;","block_context":{"text":"Meldungen 2026","link":"https:\/\/www.feuerwehr-brilon.de\/?cat=368"},"img":{"alt_text":"","src":"https:\/\/i0.wp.com\/www.feuerwehr-brilon.de\/wp-up\/2026\/07\/100-Jahre-LG-Madfeld.jpg?resize=350%2C200&ssl=1","width":350,"height":200,"srcset":"https:\/\/i0.wp.com\/www.feuerwehr-brilon.de\/wp-up\/2026\/07\/100-Jahre-LG-Madfeld.jpg?resize=350%2C200&ssl=1 1x, https:\/\/i0.wp.com\/www.feuerwehr-brilon.de\/wp-up\/2026\/07\/100-Jahre-LG-Madfeld.jpg?resize=525%2C300&ssl=1 1.5x"},"classes":[]},{"id":9571,"url":"https:\/\/www.feuerwehr-brilon.de\/?p=9571","url_meta":{"origin":9971,"position":2},"title":"Feuer in Zwischendecke","author":"Andreas Becker","date":"9. Januar 2014","format":false,"excerpt":"Madfeld. Am Donnerstag (9.1.) gegen 16:30 Uhr bemerkten Bewohner eines Wohnhauses in Madfeld, Rauchentwicklung aus einer Zwischendecke. Umgehend setzten sie einen Notruf ab und die Feuerwehren aus Madfeld und Th\u00fclen wurden alarmiert. Nach Eintreffen das ersten Kr\u00e4fte wurde schon eine st\u00e4rkere Rauchentwicklung festgestellt. Da sich herausstellte, dass es zuvor vermutlich\u2026","rel":"","context":"In &quot;Eins\u00e4tze 2014&quot;","block_context":{"text":"Eins\u00e4tze 2014","link":"https:\/\/www.feuerwehr-brilon.de\/?cat=184"},"img":{"alt_text":"","src":"https:\/\/i0.wp.com\/www.feuerwehr-brilon.de\/wp-up\/2014\/01\/madfeld-150x112.jpg?resize=350%2C200","width":350,"height":200},"classes":[]},{"id":8215,"url":"https:\/\/www.feuerwehr-brilon.de\/?p=8215","url_meta":{"origin":9971,"position":3},"title":"Verkehrsunfall mit einem Tiertransporter","author":"Marc Heines","date":"11. April 2013","format":false,"excerpt":"Die Feuerwehr Brilon wurde heute Morgen (11.04.2013) um 08:48 Uhr zu einem Verkehrsunfall mit einem Tiertransporter alarmiert. Auf der K60 zwischen Radlinghausen und Madfeld war der Anh\u00e4nger eines, mit lebenden Schweinen beladenen, Tiertransporters umgekippt. Durch den Unfall \u00f6ffneten sich einige Boxen. Einige Tiere liefen dadurch frei auf der Stra\u00dfe herum.\u2026","rel":"","context":"In &quot;Eins\u00e4tze 2013&quot;","block_context":{"text":"Eins\u00e4tze 2013","link":"https:\/\/www.feuerwehr-brilon.de\/?cat=176"},"img":{"alt_text":"","src":"https:\/\/i0.wp.com\/www.feuerwehr-brilon.de\/wp-up\/2013\/04\/DSC_0069i-150x112.jpg?resize=350%2C200&ssl=1","width":350,"height":200},"classes":[]},{"id":1935,"url":"https:\/\/www.feuerwehr-brilon.de\/?p=1935","url_meta":{"origin":9971,"position":4},"title":"Kellerbrand in Madfeld","author":"Marc Heines","date":"21. Dezember 2009","format":false,"excerpt":"Am 21.12.09 kam es in der Margaretenstra\u00dfe in Madfeld zu einem Kellerbrand. Es brannte aus noch ungekl\u00e4rter Ursache im Bereich des Heizungskellers. Die L\u00f6schgruppen Madfeld, R\u00f6senbeck und Th\u00fclen sowie der L\u00f6schzug Brilon wurden alarmiert. Der Keller war stark verraucht. Die vorgehenden Trupps mussten sich mit schwerem Atemschutz ausr\u00fcsten und konnten\u2026","rel":"","context":"In &quot;Eins\u00e4tze 2009&quot;","block_context":{"text":"Eins\u00e4tze 2009","link":"https:\/\/www.feuerwehr-brilon.de\/?cat=13"},"img":{"alt_text":"","src":"https:\/\/i0.wp.com\/www.feuerwehr-brilon.de\/images\/einsatz_details\/lg_madfeld.jpg?resize=350%2C200","width":350,"height":200},"classes":[]},{"id":15529,"url":"https:\/\/www.feuerwehr-brilon.de\/?p=15529","url_meta":{"origin":9971,"position":5},"title":"Auslaufendes \u00d6l nach LKW Unfall","author":"Andreas Becker","date":"3. Dezember 2017","format":false,"excerpt":"Madfeld. Auch in Madfeld ist es am Donnerstagabend (30.11.) zu einem LKW Unfall gekommen. Auf der L637 zwischen Madfeld und Alme, ist auf glatter Stra\u00dfe ein LKW von der Stra\u00dfe abgekommen und umgekippt. Der Fahrer konnte sich eigenst\u00e4ndig aus dem Fahrzeug befreien. Bis zum Eintreffen des Rettungsdienstes wurde er durch\u2026","rel":"","context":"In &quot;Eins\u00e4tze 2017&quot;","block_context":{"text":"Eins\u00e4tze 2017","link":"https:\/\/www.feuerwehr-brilon.de\/?cat=205"},"img":{"alt_text":"","src":"https:\/\/i0.wp.com\/www.feuerwehr-brilon.de\/wp-up\/2017\/12\/Unfall-Almerstr.1-1-1.jpg?resize=350%2C200&ssl=1","width":350,"height":200,"srcset":"https:\/\/i0.wp.com\/www.feuerwehr-brilon.de\/wp-up\/2017\/12\/Unfall-Almerstr.1-1-1.jpg?resize=350%2C200&ssl=1 1x, https:\/\/i0.wp.com\/www.feuerwehr-brilon.de\/wp-up\/2017\/12\/Unfall-Almerstr.1-1-1.jpg?resize=525%2C300&ssl=1 1.5x, https:\/\/i0.wp.com\/www.feuerwehr-brilon.de\/wp-up\/2017\/12\/Unfall-Almerstr.1-1-1.jpg?resize=700%2C400&ssl=1 2x"},"classes":[]}],"_links":{"self":[{"href":"https:\/\/www.feuerwehr-brilon.de\/index.php?rest_route=\/wp\/v2\/posts\/9971","targetHints":{"allow":["GET"]}}],"collection":[{"href":"https:\/\/www.feuerwehr-brilon.de\/index.php?rest_route=\/wp\/v2\/posts"}],"about":[{"href":"https:\/\/www.feuerwehr-brilon.de\/index.php?rest_route=\/wp\/v2\/types\/post"}],"author":[{"embeddable":true,"href":"https:\/\/www.feuerwehr-brilon.de\/index.php?rest_route=\/wp\/v2\/users\/6"}],"replies":[{"embeddable":true,"href":"https:\/\/www.feuerwehr-brilon.de\/index.php?rest_route=%2Fwp%2Fv2%2Fcomments&post=9971"}],"version-history":[{"count":2,"href":"https:\/\/www.feuerwehr-brilon.de\/index.php?rest_route=\/wp\/v2\/posts\/9971\/revisions"}],"predecessor-version":[{"id":10012,"href":"https:\/\/www.feuerwehr-brilon.de\/index.php?rest_route=\/wp\/v2\/posts\/9971\/revisions\/10012"}],"wp:attachment":[{"href":"https:\/\/www.feuerwehr-brilon.de\/index.php?rest_route=%2Fwp%2Fv2%2Fmedia&parent=9971"}],"wp:term":[{"taxonomy":"category","embeddable":true,"href":"https:\/\/www.feuerwehr-brilon.de\/index.php?rest_route=%2Fwp%2Fv2%2Fcategories&post=9971"},{"taxonomy":"post_tag","embeddable":true,"href":"https:\/\/www.feuerwehr-brilon.de\/index.php?rest_route=%2Fwp%2Fv2%2Ftags&post=9971"}],"curies":[{"name":"wp","href":"https:\/\/api.w.org\/{rel}","templated":true}]}}